{"id":9659,"date":"2026-04-29T11:19:59","date_gmt":"2026-04-29T09:19:59","guid":{"rendered":"https:\/\/mojebambino.pl\/blog\/?p=9659"},"modified":"2026-04-29T15:58:43","modified_gmt":"2026-04-29T13:58:43","slug":"program-rzadowy-aktywny-zlobek-sale-sensoryczne-2026","status":"publish","type":"post","link":"https:\/\/mojebambino.pl\/blog\/index.php\/2026\/04\/29\/program-rzadowy-aktywny-zlobek-sale-sensoryczne-2026\/","title":{"rendered":"Program rz\u0105dowy Aktywny \u017b\u0142obek \u2013 sale sensoryczne 2026"},"content":{"rendered":"[vc_row type=&#8221;in_container&#8221; full_screen_row_position=&#8221;middle&#8221; column_margin=&#8221;default&#8221; column_direction=&#8221;default&#8221; column_direction_tablet=&#8221;default&#8221; column_direction_phone=&#8221;default&#8221; scene_position=&#8221;center&#8221; text_color=&#8221;dark&#8221; text_align=&#8221;left&#8221; row_border_radius=&#8221;none&#8221; row_border_radius_applies=&#8221;bg&#8221; overflow=&#8221;visible&#8221; overlay_strength=&#8221;0.3&#8243; gradient_direction=&#8221;left_to_right&#8221; shape_divider_position=&#8221;bottom&#8221; bg_image_animation=&#8221;none&#8221; gradient_type=&#8221;default&#8221; shape_type=&#8221;&#8221;][vc_column column_padding=&#8221;no-extra-padding&#8221; column_padding_tablet=&#8221;inherit&#8221; column_padding_phone=&#8221;inherit&#8221; column_padding_position=&#8221;all&#8221; bottom_margin=&#8221;2%&#8221; column_element_direction_desktop=&#8221;default&#8221; column_element_spacing=&#8221;default&#8221; desktop_text_alignment=&#8221;default&#8221; tablet_text_alignment=&#8221;default&#8221; phone_text_alignment=&#8221;default&#8221; background_color_opacity=&#8221;1&#8243; background_hover_color_opacity=&#8221;1&#8243; column_backdrop_filter=&#8221;none&#8221; column_shadow=&#8221;none&#8221; column_border_radius=&#8221;none&#8221; column_link_target=&#8221;_self&#8221; column_position=&#8221;default&#8221; gradient_direction=&#8221;left_to_right&#8221; overlay_strength=&#8221;0.3&#8243; width=&#8221;1\/1&#8243; tablet_width_inherit=&#8221;default&#8221; animation_type=&#8221;default&#8221; bg_image_animation=&#8221;none&#8221; border_type=&#8221;simple&#8221; column_border_width=&#8221;none&#8221; column_border_style=&#8221;solid&#8221; column_padding_type=&#8221;default&#8221; gradient_type=&#8221;default&#8221;][nectar_responsive_text inherited_font_style=&#8221;default&#8221; text_color=&#8221;#f6a200&#8243; text_direction=&#8221;default&#8221; font_size_desktop=&#8221;25&#8243;]\n<h2><b>Zyskaj dofinansowanie na wyposa\u017cenie pomieszcze\u0144 do zaj\u0119\u0107 w \u017c\u0142obkach, klubach dzieci\u0119cych i lokalach dziennej opieki<\/b><\/h2>\n[\/nectar_responsive_text][nectar_responsive_text inherited_font_style=&#8221;default&#8221; text_color=&#8221;#f6a200&#8243; text_direction=&#8221;default&#8221; font_size_desktop=&#8221;25&#8243;]\n<h2><b>Nowy program rz\u0105dowy Aktywny \u017b\u0142obek \u2013 sale sensoryczne 2026<\/b><\/h2>\n[\/nectar_responsive_text][vc_text_separator title=&#8221;&#8221; title_align=&#8221;separator_align_left&#8221; align=&#8221;align_left&#8221; border_width=&#8221;2&#8243; el_width=&#8221;90&#8243; css=&#8221;&#8221;][nectar_responsive_text inherited_font_style=&#8221;default&#8221; text_direction=&#8221;default&#8221;]W tym artykule blogowym wyja\u015bniamy g\u0142\u00f3wne za\u0142o\u017cenia i informacje zwi\u0105zane z najnowszym dofinansowaniem dla \u017c\u0142\u00f3bk\u00f3w, klub\u00f3w dzieci\u0119cych i dom\u00f3w dziennej opieki w celu stworzenia pomieszcze\u0144 do zaj\u0119\u0107 sensoryczno-motorycznych. <strong>Rz\u0105dowy program \u201eAktywny \u017b\u0142obek &#8211; sale sensoryczne 2026\u201d<\/strong>ma na celu wsparcie w podnoszeniu jako\u015bci opieki nad dzie\u0107mi do lat 3.[\/nectar_responsive_text][nectar_responsive_text inherited_font_style=&#8221;default&#8221; text_direction=&#8221;default&#8221;]\n<pre>Spis tre\u015bci<\/pre>\n[\/nectar_responsive_text][vc_column_text css=&#8221;&#8221; text_direction=&#8221;default&#8221;]\n<ol>\n<li><strong><a href=\"#1\">Za\u0142o\u017cenia i cele programu \u201eAktywny \u017b\u0142obek \u2013 sale sensoryczne 2026\u201d<\/a><\/strong><\/li>\n<li><strong><a href=\"#2\">Do kogo kierowane jest wsparcie w ramach programu \u201eAktywny \u017b\u0142obek \u2013 sale sensoryczne 2026\u201d?<\/a><\/strong><\/li>\n<li><strong><a href=\"#3\">Wysoko\u015b\u0107 dofinansowania dla \u017c\u0142obk\u00f3w, klub\u00f3w dzieci\u0119cych i dom\u00f3w dziennej opieki<\/a><\/strong><\/li>\n<li><strong><a href=\"#4\">Harmonogram programu \u201eAktywny \u017b\u0142obek \u2013 sale sensoryczne 2026\u201d<\/a><\/strong><\/li>\n<li><strong><a href=\"#5\">Na co mo\u017cna przeznaczy\u0107 \u015brodki z programu \u201eAktywny \u017b\u0142obek \u2013 sale sensoryczne 2026\u201d?<\/a><\/strong><\/li>\n<li><strong><a href=\"#6\">Jakie sfery wskazano w wytycznych do programu Aktywny \u017b\u0142obek?<\/a><\/strong><\/li>\n<li><strong><a href=\"#7\">Wymogi og\u00f3lne i techniczne programu. O czym nale\u017cy pami\u0119ta\u0107?<\/a><\/strong><\/li>\n<li><strong><a href=\"#8\">Gotowe projekty sal sensorycznych w Moje Bambino<\/a><\/strong><\/li>\n<li><strong><a href=\"#9\">Kategoria wyposa\u017cenia sal sensorycznych w sklepie Moje Bambino<\/a><\/strong><\/li>\n<li><strong><a href=\"#10\">Kalkulator Programu Aktywny \u017b\u0142obek 2026<\/a><\/strong><\/li>\n<li><strong><a href=\"#11\">Ulotka Programu Aktywny \u017b\u0142obek 2026<\/a><\/strong><\/li>\n<li><strong><a href=\"#12\">Aktywny \u017b\u0142obek \u2013 sale sensoryczne 2026\u201d \u2013 podsumowanie<\/a><\/strong><\/li>\n<\/ol>\n[\/vc_column_text][\/vc_column][\/vc_row][vc_row type=&#8221;in_container&#8221; full_screen_row_position=&#8221;middle&#8221; column_margin=&#8221;default&#8221; column_direction=&#8221;default&#8221; column_direction_tablet=&#8221;default&#8221; column_direction_phone=&#8221;default&#8221; scene_position=&#8221;center&#8221; bottom_margin=&#8221;5%&#8221; text_color=&#8221;dark&#8221; text_align=&#8221;left&#8221; row_border_radius=&#8221;none&#8221; row_border_radius_applies=&#8221;bg&#8221; overflow=&#8221;visible&#8221; id=&#8221;1&#8243; overlay_strength=&#8221;0.3&#8243; gradient_direction=&#8221;left_to_right&#8221; shape_divider_position=&#8221;bottom&#8221; bg_image_animation=&#8221;none&#8221; gradient_type=&#8221;default&#8221; shape_type=&#8221;&#8221;][vc_column column_padding=&#8221;padding-2-percent&#8221; column_padding_tablet=&#8221;inherit&#8221; column_padding_phone=&#8221;inherit&#8221; column_padding_position=&#8221;top&#8221; column_element_direction_desktop=&#8221;default&#8221; column_element_spacing=&#8221;default&#8221; desktop_text_alignment=&#8221;default&#8221; tablet_text_alignment=&#8221;default&#8221; phone_text_alignment=&#8221;default&#8221; background_color_opacity=&#8221;1&#8243; background_hover_color_opacity=&#8221;1&#8243; column_backdrop_filter=&#8221;none&#8221; column_shadow=&#8221;none&#8221; column_border_radius=&#8221;none&#8221; column_link_target=&#8221;_self&#8221; column_position=&#8221;default&#8221; gradient_direction=&#8221;left_to_right&#8221; overlay_strength=&#8221;0.3&#8243; width=&#8221;1\/1&#8243; tablet_width_inherit=&#8221;default&#8221; animation_type=&#8221;default&#8221; bg_image_animation=&#8221;none&#8221; border_type=&#8221;simple&#8221; column_border_width=&#8221;none&#8221; column_border_style=&#8221;solid&#8221; column_padding_type=&#8221;default&#8221; gradient_type=&#8221;default&#8221;][nectar_responsive_text inherited_font_style=&#8221;default&#8221; text_color=&#8221;#f6a200&#8243; text_direction=&#8221;default&#8221; font_size_desktop=&#8221;25&#8243;]\n<h1><b>Za\u0142o\u017cenia i cele programu \u201eAktywny \u017b\u0142obek &#8211; sale sensoryczne 2026\u201d<\/b><\/h1>\n[\/nectar_responsive_text][vc_text_separator title=&#8221;&#8221; title_align=&#8221;separator_align_left&#8221; align=&#8221;align_left&#8221; border_width=&#8221;2&#8243; el_width=&#8221;90&#8243; css=&#8221;&#8221;][nectar_responsive_text inherited_font_style=&#8221;default&#8221; text_direction=&#8221;default&#8221;]<strong>G\u0142\u00f3wnym celem programu jest rozw\u00f3j w zakresie podnoszenia jako\u015bci \u015bwiadczonej opieki i jest on adresowany do podmiot\u00f3w prowadz\u0105cych instytucje opieki nad dzie\u0107mi do 3 roku \u017cycia w sektorze publicznym i prywatnym<\/strong>. Skupia si\u0119 na wsparciu obszaru \u015bci\u015ble jako\u015bciowego us\u0142ug opieku\u0144czych i zach\u0119ceniu rodzic\u00f3w do wyboru opieki instytucjonalnej.<\/p>\n<p>Program ma tak\u017ce na celu promowanie idei wysokojako\u015bciowej opieki oraz inicjowanie dobrych praktyk w tym obszarze, a tak\u017ce zasygnalizowanie znaczenia integracji sensorycznej. Przetwarzanie sensoryczne ma bowiem istotny wp\u0142yw na rozw\u00f3j emocjonalny, spo\u0142eczny i edukacyjny dziecka.[\/nectar_responsive_text][\/vc_column][\/vc_row][vc_row type=&#8221;in_container&#8221; full_screen_row_position=&#8221;middle&#8221; column_margin=&#8221;default&#8221; column_direction=&#8221;default&#8221; column_direction_tablet=&#8221;default&#8221; column_direction_phone=&#8221;default&#8221; bg_color=&#8221;#f4f4f4&#8243; scene_position=&#8221;center&#8221; top_padding=&#8221;25&#8243; bottom_padding=&#8221;25&#8243; left_padding_desktop=&#8221;25&#8243; right_padding_desktop=&#8221;25&#8243; text_color=&#8221;dark&#8221; text_align=&#8221;left&#8221; row_border_radius=&#8221;5px&#8221; row_border_radius_applies=&#8221;bg&#8221; overflow=&#8221;visible&#8221; id=&#8221;2&#8243; overlay_strength=&#8221;0.3&#8243; gradient_direction=&#8221;left_to_right&#8221; shape_divider_position=&#8221;bottom&#8221; bg_image_animation=&#8221;none&#8221; gradient_type=&#8221;default&#8221; shape_type=&#8221;&#8221;][vc_column column_padding=&#8221;padding-2-percent&#8221; column_padding_tablet=&#8221;inherit&#8221; column_padding_phone=&#8221;inherit&#8221; column_padding_position=&#8221;top&#8221; column_element_direction_desktop=&#8221;default&#8221; column_element_spacing=&#8221;default&#8221; desktop_text_alignment=&#8221;default&#8221; tablet_text_alignment=&#8221;default&#8221; phone_text_alignment=&#8221;default&#8221; background_color_opacity=&#8221;1&#8243; background_hover_color_opacity=&#8221;1&#8243; column_backdrop_filter=&#8221;none&#8221; column_shadow=&#8221;none&#8221; column_border_radius=&#8221;none&#8221; column_link_target=&#8221;_self&#8221; column_position=&#8221;default&#8221; gradient_direction=&#8221;left_to_right&#8221; overlay_strength=&#8221;0.3&#8243; width=&#8221;1\/1&#8243; tablet_width_inherit=&#8221;default&#8221; animation_type=&#8221;default&#8221; bg_image_animation=&#8221;none&#8221; border_type=&#8221;simple&#8221; column_border_width=&#8221;none&#8221; column_border_style=&#8221;solid&#8221; column_padding_type=&#8221;default&#8221; gradient_type=&#8221;default&#8221;][nectar_responsive_text inherited_font_style=&#8221;default&#8221; text_color=&#8221;#f6a200&#8243; text_direction=&#8221;default&#8221; font_size_desktop=&#8221;25&#8243;]\n<h2><strong>Do kogo kierowane jest wsparcie w ramach programu \u201eAktywny \u017b\u0142obek \u2013 sale sensoryczne 2026\u201d?<\/strong><\/h2>\n[\/nectar_responsive_text][vc_text_separator title=&#8221;&#8221; title_align=&#8221;separator_align_left&#8221; align=&#8221;align_left&#8221; border_width=&#8221;2&#8243; el_width=&#8221;90&#8243; css=&#8221;&#8221;][vc_row_inner column_margin=&#8221;default&#8221; column_direction=&#8221;default&#8221; column_direction_tablet=&#8221;default&#8221; column_direction_phone=&#8221;default&#8221; text_align=&#8221;left&#8221; row_position=&#8221;default&#8221; row_position_tablet=&#8221;inherit&#8221; row_position_phone=&#8221;inherit&#8221; overflow=&#8221;visible&#8221; pointer_events=&#8221;all&#8221;][vc_column_inner column_padding=&#8221;no-extra-padding&#8221; column_padding_tablet=&#8221;inherit&#8221; column_padding_phone=&#8221;inherit&#8221; column_padding_position=&#8221;all&#8221; column_element_direction_desktop=&#8221;default&#8221; column_element_spacing=&#8221;default&#8221; desktop_text_alignment=&#8221;default&#8221; tablet_text_alignment=&#8221;default&#8221; phone_text_alignment=&#8221;default&#8221; background_color_opacity=&#8221;1&#8243; background_hover_color_opacity=&#8221;1&#8243; column_backdrop_filter=&#8221;none&#8221; column_shadow=&#8221;none&#8221; column_border_radius=&#8221;none&#8221; column_link_target=&#8221;_self&#8221; overflow=&#8221;visible&#8221; gradient_direction=&#8221;left_to_right&#8221; overlay_strength=&#8221;0.3&#8243; width=&#8221;1\/1&#8243; tablet_width_inherit=&#8221;default&#8221; animation_type=&#8221;default&#8221; bg_image_animation=&#8221;none&#8221; border_type=&#8221;simple&#8221; column_border_width=&#8221;none&#8221; column_border_style=&#8221;solid&#8221; column_padding_type=&#8221;default&#8221; gradient_type=&#8221;default&#8221;][nectar_responsive_text inherited_font_style=&#8221;default&#8221; text_direction=&#8221;default&#8221;]O dofinansowanie w programie mog\u0105 ubiega\u0107 si\u0119 podmioty prowadz\u0105ce instytucje opieki nad dzie\u0107mi w wieku do lat 3: <strong>\u017c\u0142obki, kluby dzieci\u0119ce, domy dziennej opieki.<\/strong> Warunkiem przyznania dofinansowania jest:<\/p>\n<ul>\n<li>wysoko\u015b\u0107 op\u0142aty rodzica za pobyt dziecka, kt\u00f3r\u0105 rodzic by\u0142by zobowi\u0105zany ponosi\u0107 gdyby nie zosta\u0142o mu przyznane prawo do \u015bwiadczenia \u201eAktywnie w \u017c\u0142obku\u201d nie przekraczaj\u0105cej <strong>kwoty 1500 z\u0142;<\/strong><\/li>\n<li>wysoko\u015b\u0107 op\u0142aty rodzica za pobyt, w przypadku dziecka legitymuj\u0105cego si\u0119 orzeczeniem o niepe\u0142nosprawno\u015bci \u0142\u0105cznie ze wskazaniami: konieczno\u015bci sta\u0142ej lub d\u0142ugotrwa\u0142ej opieki lub pomocy innej osoby w zwi\u0105zku ze znacznie ograniczon\u0105 mo\u017cliwo\u015bci\u0105 samodzielnej egzystencji oraz konieczno\u015bci sta\u0142ego wsp\u00f3\u0142udzia\u0142u na co dzie\u0144 opiekuna dziecka w procesie jego leczenia, rehabilitacji i edukacji <strong>nie przekraczaj\u0105cej 1900 z\u0142.<\/strong><\/li>\n<\/ul>\n[\/nectar_responsive_text][\/vc_column_inner][\/vc_row_inner][\/vc_column][\/vc_row][vc_row type=&#8221;in_container&#8221; full_screen_row_position=&#8221;middle&#8221; column_margin=&#8221;default&#8221; column_direction=&#8221;default&#8221; column_direction_tablet=&#8221;default&#8221; column_direction_phone=&#8221;default&#8221; scene_position=&#8221;center&#8221; text_color=&#8221;dark&#8221; text_align=&#8221;left&#8221; row_border_radius=&#8221;none&#8221; row_border_radius_applies=&#8221;bg&#8221; overflow=&#8221;visible&#8221; id=&#8221;3&#8243; overlay_strength=&#8221;0.3&#8243; gradient_direction=&#8221;left_to_right&#8221; shape_divider_position=&#8221;bottom&#8221; bg_image_animation=&#8221;none&#8221; gradient_type=&#8221;default&#8221; shape_type=&#8221;&#8221;][vc_column column_padding=&#8221;padding-2-percent&#8221; column_padding_tablet=&#8221;inherit&#8221; column_padding_phone=&#8221;inherit&#8221; column_padding_position=&#8221;top&#8221; column_element_direction_desktop=&#8221;default&#8221; column_element_spacing=&#8221;default&#8221; desktop_text_alignment=&#8221;default&#8221; tablet_text_alignment=&#8221;default&#8221; phone_text_alignment=&#8221;default&#8221; background_color_opacity=&#8221;1&#8243; background_hover_color_opacity=&#8221;1&#8243; column_backdrop_filter=&#8221;none&#8221; column_shadow=&#8221;none&#8221; column_border_radius=&#8221;none&#8221; column_link_target=&#8221;_self&#8221; column_position=&#8221;default&#8221; gradient_direction=&#8221;left_to_right&#8221; overlay_strength=&#8221;0.3&#8243; width=&#8221;1\/1&#8243; tablet_width_inherit=&#8221;default&#8221; animation_type=&#8221;default&#8221; bg_image_animation=&#8221;none&#8221; border_type=&#8221;simple&#8221; column_border_width=&#8221;none&#8221; column_border_style=&#8221;solid&#8221; column_padding_type=&#8221;default&#8221; gradient_type=&#8221;default&#8221;][nectar_responsive_text inherited_font_style=&#8221;default&#8221; text_color=&#8221;#f6a200&#8243; text_direction=&#8221;default&#8221;]\n<h2><strong>Wysoko\u015b\u0107 dofinansowania dla \u017c\u0142obk\u00f3w, klub\u00f3w dzieci\u0119cych i dom\u00f3w dziennej opieki<\/strong><br \/>\n<b><\/b><\/h2>\n[\/nectar_responsive_text][vc_text_separator title=&#8221;&#8221; title_align=&#8221;separator_align_left&#8221; align=&#8221;align_left&#8221; border_width=&#8221;2&#8243; el_width=&#8221;90&#8243; css=&#8221;&#8221;][nectar_responsive_text inherited_font_style=&#8221;default&#8221; text_direction=&#8221;default&#8221;]Program finansowany jest ze \u015brodk\u00f3w bud\u017cetu pa\u0144stwa, na kt\u00f3rego realizacj\u0119 przeznaczono 41,7 mln z\u0142.<br \/>\nWymagany jest wk\u0142ad w\u0142asny w wysoko\u015bci co najmniej 10% koszt\u00f3w realizacji zadania. Dofinansowanie dotyczy zada\u0144 realizowanych w okresie od dnia 1 stycznia 2026 r. do dnia 31 grudnia 2026 r.[\/nectar_responsive_text][vc_row_inner column_margin=&#8221;default&#8221; column_direction=&#8221;default&#8221; column_direction_tablet=&#8221;default&#8221; column_direction_phone=&#8221;default&#8221; text_align=&#8221;left&#8221; row_position=&#8221;default&#8221; row_position_tablet=&#8221;inherit&#8221; row_position_phone=&#8221;inherit&#8221; overflow=&#8221;visible&#8221; pointer_events=&#8221;all&#8221;][vc_column_inner column_padding=&#8221;no-extra-padding&#8221; column_padding_tablet=&#8221;inherit&#8221; column_padding_phone=&#8221;inherit&#8221; column_padding_position=&#8221;all&#8221; column_element_direction_desktop=&#8221;default&#8221; column_element_spacing=&#8221;default&#8221; desktop_text_alignment=&#8221;default&#8221; tablet_text_alignment=&#8221;default&#8221; phone_text_alignment=&#8221;default&#8221; background_color_opacity=&#8221;1&#8243; background_hover_color_opacity=&#8221;1&#8243; column_backdrop_filter=&#8221;none&#8221; column_shadow=&#8221;none&#8221; column_border_radius=&#8221;none&#8221; column_link_target=&#8221;_self&#8221; overflow=&#8221;visible&#8221; gradient_direction=&#8221;left_to_right&#8221; overlay_strength=&#8221;0.3&#8243; width=&#8221;2\/3&#8243; tablet_width_inherit=&#8221;default&#8221; animation_type=&#8221;default&#8221; bg_image_animation=&#8221;none&#8221; border_type=&#8221;simple&#8221; column_border_width=&#8221;none&#8221; column_border_style=&#8221;solid&#8221;][nectar_responsive_text inherited_font_style=&#8221;default&#8221; text_direction=&#8221;default&#8221;]<strong>Wysoko\u015b\u0107 dofinansowania w programie \u201eAktywny \u017b\u0142obek \u2013 sale sensoryczne 2026\u201d wynosi:<\/strong><\/p>\n<ul>\n<li><strong>do 80 000 z\u0142<\/strong> na \u017c\u0142obek;<\/li>\n<li><strong>do 60 000 z\u0142<\/strong> na klub dzieci\u0119cy;<\/li>\n<li><strong>do 20 000 z\u0142<\/strong> na dziennego opiekuna.<\/li>\n<\/ul>\n[\/nectar_responsive_text][nectar_responsive_text inherited_font_style=&#8221;default&#8221; text_direction=&#8221;default&#8221;]Dofinansowanie jest przeznaczone na wyposa\u017cenie pomieszcze\u0144 do zaj\u0119\u0107 sensoryczno-motorycznych.[\/nectar_responsive_text][\/vc_column_inner][vc_column_inner column_padding=&#8221;no-extra-padding&#8221; column_padding_tablet=&#8221;inherit&#8221; column_padding_phone=&#8221;inherit&#8221; column_padding_position=&#8221;all&#8221; column_element_direction_desktop=&#8221;default&#8221; column_element_spacing=&#8221;default&#8221; desktop_text_alignment=&#8221;default&#8221; tablet_text_alignment=&#8221;default&#8221; phone_text_alignment=&#8221;default&#8221; background_color_opacity=&#8221;1&#8243; background_hover_color_opacity=&#8221;1&#8243; column_backdrop_filter=&#8221;none&#8221; column_shadow=&#8221;none&#8221; column_border_radius=&#8221;none&#8221; column_link_target=&#8221;_self&#8221; overflow=&#8221;visible&#8221; gradient_direction=&#8221;left_to_right&#8221; overlay_strength=&#8221;0.3&#8243; width=&#8221;1\/3&#8243; tablet_width_inherit=&#8221;default&#8221; animation_type=&#8221;default&#8221; bg_image_animation=&#8221;none&#8221; border_type=&#8221;simple&#8221; column_border_width=&#8221;none&#8221; column_border_style=&#8221;solid&#8221;][image_with_animation image_url=&#8221;9668&#8243; image_size=&#8221;full&#8221; animation_type=&#8221;entrance&#8221; animation=&#8221;Fade In From Bottom&#8221; animation_easing=&#8221;default&#8221; animation_movement_type=&#8221;transform_y&#8221; hover_animation=&#8221;none&#8221; alignment=&#8221;&#8221; img_link_target=&#8221;_blank&#8221; border_radius=&#8221;15px&#8221; box_shadow=&#8221;medium_depth&#8221; image_loading=&#8221;default&#8221; max_width=&#8221;100%&#8221; max_width_mobile=&#8221;default&#8221; img_link=&#8221;https:\/\/mojebambino.pl\/1163337\/Kacik-Mello-dla-maluchow\/109199&#8243;][\/vc_column_inner][\/vc_row_inner][\/vc_column][\/vc_row][vc_row type=&#8221;in_container&#8221; full_screen_row_position=&#8221;middle&#8221; column_margin=&#8221;default&#8221; column_direction=&#8221;default&#8221; column_direction_tablet=&#8221;default&#8221; column_direction_phone=&#8221;default&#8221; scene_position=&#8221;center&#8221; text_color=&#8221;dark&#8221; text_align=&#8221;left&#8221; row_border_radius=&#8221;none&#8221; row_border_radius_applies=&#8221;bg&#8221; overflow=&#8221;visible&#8221; id=&#8221;4&#8243; overlay_strength=&#8221;0.3&#8243; gradient_direction=&#8221;left_to_right&#8221; shape_divider_position=&#8221;bottom&#8221; bg_image_animation=&#8221;none&#8221; gradient_type=&#8221;default&#8221; shape_type=&#8221;&#8221;][vc_column column_padding=&#8221;padding-2-percent&#8221; column_padding_tablet=&#8221;inherit&#8221; column_padding_phone=&#8221;inherit&#8221; column_padding_position=&#8221;top&#8221; column_element_direction_desktop=&#8221;default&#8221; column_element_spacing=&#8221;default&#8221; desktop_text_alignment=&#8221;default&#8221; tablet_text_alignment=&#8221;default&#8221; phone_text_alignment=&#8221;default&#8221; background_color_opacity=&#8221;1&#8243; background_hover_color_opacity=&#8221;1&#8243; column_backdrop_filter=&#8221;none&#8221; column_shadow=&#8221;none&#8221; column_border_radius=&#8221;none&#8221; column_link_target=&#8221;_self&#8221; column_position=&#8221;default&#8221; gradient_direction=&#8221;left_to_right&#8221; overlay_strength=&#8221;0.3&#8243; width=&#8221;1\/1&#8243; tablet_width_inherit=&#8221;default&#8221; animation_type=&#8221;default&#8221; bg_image_animation=&#8221;none&#8221; border_type=&#8221;simple&#8221; column_border_width=&#8221;none&#8221; column_border_style=&#8221;solid&#8221; column_padding_type=&#8221;default&#8221; gradient_type=&#8221;default&#8221;][nectar_responsive_text inherited_font_style=&#8221;default&#8221; text_color=&#8221;#f6a200&#8243; text_direction=&#8221;default&#8221;]\n<h3><strong>Harmonogram programu \u201eAktywny \u017b\u0142obek \u2013 sale sensoryczne 2026\u201d<\/strong><\/h3>\n[\/nectar_responsive_text][vc_text_separator title=&#8221;&#8221; title_align=&#8221;separator_align_left&#8221; align=&#8221;align_left&#8221; border_width=&#8221;2&#8243; el_width=&#8221;90&#8243; css=&#8221;&#8221;][nectar_responsive_text inherited_font_style=&#8221;default&#8221; text_direction=&#8221;default&#8221;]<strong>Harmonogram \u201eAktywny \u017b\u0142obek 2026\u201d:<\/strong><\/p>\n<ol>\n<li><strong>Do 11 maja 2026 r.<\/strong> wnioski rozpatrywane b\u0119d\u0105 przez wojewod\u0119, kt\u00f3ry nast\u0119pnie przeka\u017ce do Ministerstwa Rodziny, Pracy i Polityki Spo\u0142ecznej listy wniosk\u00f3w rekomendowanych do dofinansowania, listy wniosk\u00f3w pozostawionych bez rozpatrzenia oraz listy wniosk\u00f3w odrzuconych wraz z informacj\u0105 o przyczynie pozostawienia wniosk\u00f3w bez rozpatrzenia albo przyczynie odrzucenia.<\/li>\n<li><strong>Do 25 maja 2026 r.<\/strong> Minister og\u0142osi wyniki nabor\u00f3w.<\/li>\n<\/ol>\n[\/nectar_responsive_text][\/vc_column][\/vc_row][vc_row type=&#8221;in_container&#8221; full_screen_row_position=&#8221;middle&#8221; column_margin=&#8221;default&#8221; column_direction=&#8221;default&#8221; column_direction_tablet=&#8221;default&#8221; column_direction_phone=&#8221;default&#8221; scene_position=&#8221;center&#8221; text_color=&#8221;dark&#8221; text_align=&#8221;left&#8221; row_border_radius=&#8221;none&#8221; row_border_radius_applies=&#8221;bg&#8221; overflow=&#8221;visible&#8221; id=&#8221;5&#8243; overlay_strength=&#8221;0.3&#8243; gradient_direction=&#8221;left_to_right&#8221; shape_divider_position=&#8221;bottom&#8221; bg_image_animation=&#8221;none&#8221; gradient_type=&#8221;default&#8221; shape_type=&#8221;&#8221;][vc_column column_padding=&#8221;no-extra-padding&#8221; column_padding_tablet=&#8221;inherit&#8221; column_padding_phone=&#8221;inherit&#8221; column_padding_position=&#8221;all&#8221; column_element_direction_desktop=&#8221;default&#8221; column_element_spacing=&#8221;default&#8221; desktop_text_alignment=&#8221;default&#8221; tablet_text_alignment=&#8221;default&#8221; phone_text_alignment=&#8221;default&#8221; background_color_opacity=&#8221;1&#8243; background_hover_color_opacity=&#8221;1&#8243; column_backdrop_filter=&#8221;none&#8221; column_shadow=&#8221;none&#8221; column_border_radius=&#8221;none&#8221; column_link_target=&#8221;_self&#8221; column_position=&#8221;default&#8221; gradient_direction=&#8221;left_to_right&#8221; overlay_strength=&#8221;0.3&#8243; width=&#8221;1\/1&#8243; tablet_width_inherit=&#8221;default&#8221; animation_type=&#8221;default&#8221; bg_image_animation=&#8221;none&#8221; border_type=&#8221;simple&#8221; column_border_width=&#8221;none&#8221; column_border_style=&#8221;solid&#8221;][divider line_type=&#8221;No Line&#8221; divider_opacity=&#8221;0&#8243;][nectar_responsive_text inherited_font_style=&#8221;default&#8221; text_color=&#8221;#f6a200&#8243; text_direction=&#8221;default&#8221;]\n<h4><strong>Na co mo\u017cna przeznaczy\u0107 \u015brodki z programu \u201eAktywny \u017b\u0142obek \u2013 sale sensoryczne 2026\u201d?<\/strong><\/h4>\n[\/nectar_responsive_text][vc_text_separator title=&#8221;&#8221; title_align=&#8221;separator_align_left&#8221; align=&#8221;align_left&#8221; border_width=&#8221;2&#8243; el_width=&#8221;90&#8243; css=&#8221;&#8221;][nectar_responsive_text inherited_font_style=&#8221;default&#8221; text_direction=&#8221;default&#8221;]Dofinansowanie programu Aktywny \u017b\u0142obek jest przeznaczone na <strong>wyposa\u017cenie pomieszcze\u0144 do zaj\u0119\u0107 sensoryczno-motorycznych.<\/strong> Obejmuje zakup specjalistycznego wyposa\u017cenia, kt\u00f3re b\u0119dzie wspiera\u0142o rozw\u00f3j dziecka w r\u00f3\u017cnych sferach sensorycznych.<\/p>\n<p>Konieczne jest wydzielenie w pomieszczeniu co najmniej jednej ze wspomnianych stref z jednoczesnym zachowaniem mo\u017cliwo\u015bci swobodnego przemieszczania si\u0119 dzieci oraz mo\u017cliwo\u015bci\u0105 elastycznej reorganizacji przestrzeni. Wyposa\u017cenie w strefie mo\u017ce by\u0107 zwi\u0105zane z jedn\u0105 lub wieloma sferami sensorycznymi. Za\u0142\u0105cznik nr 1 do Programu zawiera precyzyjny opis tych stref, a tak\u017ce informacj\u0119 o zadbaniu o odpowiednie oznakowanie stref, aby u\u0142atwi\u0107 dzieciom orientacj\u0119 w takiej przestrzeni.[\/nectar_responsive_text][vc_row_inner column_margin=&#8221;default&#8221; column_direction=&#8221;default&#8221; column_direction_tablet=&#8221;default&#8221; column_direction_phone=&#8221;default&#8221; text_align=&#8221;left&#8221; row_position=&#8221;default&#8221; row_position_tablet=&#8221;inherit&#8221; row_position_phone=&#8221;inherit&#8221; overflow=&#8221;visible&#8221; pointer_events=&#8221;all&#8221; el_id=&#8221;6&#8243;][vc_column_inner column_padding=&#8221;no-extra-padding&#8221; column_padding_tablet=&#8221;inherit&#8221; column_padding_phone=&#8221;inherit&#8221; column_padding_position=&#8221;all&#8221; top_margin=&#8221;5%&#8221; column_element_direction_desktop=&#8221;default&#8221; column_element_spacing=&#8221;default&#8221; desktop_text_alignment=&#8221;default&#8221; tablet_text_alignment=&#8221;default&#8221; phone_text_alignment=&#8221;default&#8221; background_color_opacity=&#8221;1&#8243; background_hover_color_opacity=&#8221;1&#8243; column_backdrop_filter=&#8221;none&#8221; column_shadow=&#8221;none&#8221; column_border_radius=&#8221;none&#8221; column_link_target=&#8221;_self&#8221; overflow=&#8221;visible&#8221; gradient_direction=&#8221;left_to_right&#8221; overlay_strength=&#8221;0.3&#8243; width=&#8221;1\/1&#8243; tablet_width_inherit=&#8221;default&#8221; animation_type=&#8221;default&#8221; bg_image_animation=&#8221;none&#8221; border_type=&#8221;simple&#8221; column_border_width=&#8221;none&#8221; column_border_style=&#8221;solid&#8221; column_padding_type=&#8221;default&#8221; gradient_type=&#8221;default&#8221;][nectar_responsive_text inherited_font_style=&#8221;default&#8221; text_color=&#8221;#f6a200&#8243; text_direction=&#8221;default&#8221;]\n<h3><strong>Jakie sfery wskazano w wytycznych do programu Aktywny \u017b\u0142obek?<\/strong><\/h3>\n[\/nectar_responsive_text][vc_text_separator title=&#8221;&#8221; title_align=&#8221;separator_align_left&#8221; align=&#8221;align_left&#8221; border_width=&#8221;2&#8243; el_width=&#8221;90&#8243; css=&#8221;&#8221;][divider line_type=&#8221;No Line&#8221; divider_opacity=&#8221;0&#8243;][nectar_responsive_text inherited_font_style=&#8221;default&#8221; text_color=&#8221;#f6a200&#8243; text_direction=&#8221;default&#8221;]\n<h3><strong>1. Strefa proprioceptywna (A. SFERA PROPRIOCEPTYWNA)<\/strong><\/h3>\n[\/nectar_responsive_text][\/vc_column_inner][\/vc_row_inner][vc_row_inner column_margin=&#8221;default&#8221; column_direction=&#8221;default&#8221; column_direction_tablet=&#8221;default&#8221; column_direction_phone=&#8221;default&#8221; text_align=&#8221;left&#8221; row_position=&#8221;default&#8221; row_position_tablet=&#8221;inherit&#8221; row_position_phone=&#8221;inherit&#8221; overflow=&#8221;visible&#8221; pointer_events=&#8221;all&#8221;][vc_column_inner column_padding=&#8221;no-extra-padding&#8221; column_padding_tablet=&#8221;inherit&#8221; column_padding_phone=&#8221;inherit&#8221; column_padding_position=&#8221;all&#8221; column_element_direction_desktop=&#8221;default&#8221; column_element_spacing=&#8221;default&#8221; desktop_text_alignment=&#8221;default&#8221; tablet_text_alignment=&#8221;default&#8221; phone_text_alignment=&#8221;default&#8221; background_color_opacity=&#8221;1&#8243; background_hover_color_opacity=&#8221;1&#8243; column_backdrop_filter=&#8221;none&#8221; column_shadow=&#8221;none&#8221; column_border_radius=&#8221;none&#8221; column_link_target=&#8221;_self&#8221; overflow=&#8221;visible&#8221; gradient_direction=&#8221;left_to_right&#8221; overlay_strength=&#8221;0.3&#8243; width=&#8221;1\/2&#8243; tablet_width_inherit=&#8221;default&#8221; animation_type=&#8221;default&#8221; bg_image_animation=&#8221;none&#8221; border_type=&#8221;simple&#8221; column_border_width=&#8221;none&#8221; column_border_style=&#8221;solid&#8221;][divider line_type=&#8221;No Line&#8221; custom_height=&#8221;10&#8243;][nectar_responsive_text inherited_font_style=&#8221;default&#8221; text_direction=&#8221;default&#8221;]<strong>Cel:<\/strong> rozwijanie \u015bwiadomo\u015bci cia\u0142a, napi\u0119cia mi\u0119\u015bniowego i r\u00f3wnowagi.<\/p>\n<p>Strefa proprioceptywna jest niezb\u0119dna do <strong>rozwijania \u015bwiadomo\u015bci cia\u0142a i r\u00f3wnowagi.<\/strong> W tej strefie dzieci maj\u0105 mo\u017cliwo\u015b\u0107 wykonywania \u0107wicze\u0144, kt\u00f3re stymuluj\u0105 ich zmys\u0142y proprioceptywne, czyli czucie g\u0142\u0119bokie (zmys\u0142 orientacji u\u0142o\u017cenia cz\u0119\u015bci w\u0142asnego cia\u0142a bez udzia\u0142u wzroku).<\/p>\n<p>Przyk\u0142adowym wyposa\u017ceniem, kt\u00f3re mo\u017cna wykorzysta\u0107 s\u0105 tutaj: <a href=\"https:\/\/mojebambino.pl\/679\/Materace-dla-dzieci\" target=\"_blank\" rel=\"noopener\">materace,<\/a> <a href=\"https:\/\/mojebambino.pl\/650\/Maty-dla-dzieci\" target=\"_blank\" rel=\"noopener\">maty gimnastyczne,<\/a> <a href=\"https:\/\/mojebambino.pl\/554\/Pilki-dla-dzieci\" target=\"_blank\" rel=\"noopener\">pi\u0142ki,<\/a> <a href=\"https:\/\/mojebambino.pl\/12533\/Worek-do-zabaw-ruchowych-rozm.-M-zielony\/101402\" target=\"_blank\" rel=\"noopener\">worki<\/a> i <a href=\"https:\/\/mojebambino.pl\/1166223\/Poducha-sensoryczna-Myszka\/101245NPU\" target=\"_blank\" rel=\"noopener\">poduchy terapeutyczne,<\/a> <a href=\"https:\/\/mojebambino.pl\/769\/Klocki-piankowe\" target=\"_blank\" rel=\"noopener\">klocki piankowe,<\/a> podesty i stopnie do wspinania, poziome drabinki, worki terapeutyczne, tory i pi\u0142ki sensoryczne, a tak\u017ce worki do pchania i przeci\u0105gania.[\/nectar_responsive_text][\/vc_column_inner][vc_column_inner column_padding=&#8221;no-extra-padding&#8221; column_padding_tablet=&#8221;inherit&#8221; column_padding_phone=&#8221;inherit&#8221; column_padding_position=&#8221;all&#8221; column_element_direction_desktop=&#8221;default&#8221; column_element_spacing=&#8221;default&#8221; desktop_text_alignment=&#8221;default&#8221; tablet_text_alignment=&#8221;default&#8221; phone_text_alignment=&#8221;default&#8221; background_color_opacity=&#8221;1&#8243; background_hover_color_opacity=&#8221;1&#8243; column_backdrop_filter=&#8221;none&#8221; column_shadow=&#8221;none&#8221; column_border_radius=&#8221;none&#8221; column_link_target=&#8221;_self&#8221; overflow=&#8221;visible&#8221; gradient_direction=&#8221;left_to_right&#8221; overlay_strength=&#8221;0.3&#8243; width=&#8221;1\/2&#8243; tablet_width_inherit=&#8221;default&#8221; animation_type=&#8221;default&#8221; bg_image_animation=&#8221;none&#8221; border_type=&#8221;simple&#8221; column_border_width=&#8221;none&#8221; column_border_style=&#8221;solid&#8221;][divider line_type=&#8221;No Line&#8221; custom_height=&#8221;20&#8243;][image_with_animation image_url=&#8221;9679&#8243; image_size=&#8221;full&#8221; animation_type=&#8221;entrance&#8221; animation=&#8221;Fade In From Bottom&#8221; animation_easing=&#8221;default&#8221; animation_movement_type=&#8221;transform_y&#8221; hover_animation=&#8221;none&#8221; alignment=&#8221;&#8221; img_link_target=&#8221;_blank&#8221; border_radius=&#8221;15px&#8221; box_shadow=&#8221;medium_depth&#8221; image_loading=&#8221;default&#8221; max_width=&#8221;100%&#8221; max_width_mobile=&#8221;default&#8221; img_link=&#8221;https:\/\/mojebambino.pl\/1163242\/Magiczna-przystan-kacik-polisensoryczny\/094429&#8243;][\/vc_column_inner][\/vc_row_inner][divider line_type=&#8221;No Line&#8221; divider_opacity=&#8221;0&#8243;][nectar_responsive_text inherited_font_style=&#8221;default&#8221; text_color=&#8221;#f6a200&#8243; text_direction=&#8221;default&#8221;]\n<h3><strong>2. Strefa zabaw ruchowych (B. SFERA PRZEDSIONKOWA)<\/strong><\/h3>\n[\/nectar_responsive_text][divider line_type=&#8221;No Line&#8221; custom_height=&#8221;20&#8243;][nectar_responsive_text inherited_font_style=&#8221;default&#8221; text_direction=&#8221;default&#8221;]<strong>Cel:<\/strong> rozw\u00f3j motoryki du\u017cej, koordynacji i r\u00f3wnowagi.<\/p>\n<p>Strefa zabaw ruchowych to przestrze\u0144, w kt\u00f3rej dzieci <strong>rozwijaj\u0105 motoryk\u0119 du\u017c\u0105, koordynacj\u0119, r\u00f3wnowag\u0119 oraz sfer\u0119 przedsionkow\u0105<\/strong> poprzez bieganie, skakanie i korzystanie z r\u00f3\u017cnych sprz\u0119t\u00f3w. Odpowiednio dobrane elementy, takie jak drabinki i tory przeszk\u00f3d, skutecznie zach\u0119caj\u0105 do aktywno\u015bci fizycznej, szczeg\u00f3lnie wa\u017cnej dla dzieci z trudno\u015bciami w zakresie r\u00f3wnowagi i koordynacji ruchowej. Regularny ruch w tej strefie wspiera rozw\u00f3j mi\u0119\u015bni, poprawia koncentracj\u0119, sprzyja samoregulacji oraz pomaga w profilaktyce nadwagi. Aktywno\u015b\u0107 fizyczna przynosi tak\u017ce korzy\u015bci dla zdrowia psychicznego i og\u00f3lnego dobrostanu dziecka.<\/p>\n<p>Przyk\u0142adowym elementem wyposa\u017cenia, kt\u00f3ry mo\u017cna tu wykorzysta\u0107, s\u0105 <a href=\"https:\/\/mojebambino.pl\/1129733\/Hustawka-sensoryczna-Lodka-MED\/519040\" target=\"_blank\" rel=\"noopener\">hu\u015btawki,<\/a> trampoliny, podwieszane platformy, deski i <a href=\"https:\/\/mojebambino.pl\/1129826\/Rownowaznia-Good-Wood-szara-MED\/097103-3\" target=\"_blank\" rel=\"noopener\">\u015bcie\u017cki r\u00f3wnowa\u017cne, <\/a>tunele, mostki sensoryczne oraz kamienie sensoryczne lub skacz\u0105ce pi\u0142ki.[\/nectar_responsive_text][divider line_type=&#8221;No Line&#8221; divider_opacity=&#8221;0&#8243;][nectar_responsive_text inherited_font_style=&#8221;default&#8221; text_color=&#8221;#f6a200&#8243; text_direction=&#8221;default&#8221;]\n<h3><strong>3. Strefa relaksacji (C. REGULACJA EMOCJONALNA I WYCISZENIE)<\/strong><\/h3>\n[\/nectar_responsive_text][divider line_type=&#8221;No Line&#8221; custom_height=&#8221;20&#8243;][nectar_responsive_text inherited_font_style=&#8221;default&#8221; text_direction=&#8221;default&#8221;]<strong>Cel:<\/strong> wyciszenie, regeneracja i poczucie bezpiecze\u0144stwa.<\/p>\n<p>Strefa bezpiecze\u0144stwa odgrywa kluczow\u0105 rol\u0119 w zapewnieniu dziecku <strong>bezpiecze\u0144stwa i komfortu podczas pobytu w instytucji opieki.<\/strong> Jest to miejsce przeznaczone do odpoczynku, regeneracji si\u0142 i relaksu po intensywnych zaj\u0119ciach. Odpowiednio dobrane wyposa\u017cenie wp\u0142ywa pozytywnie na samopoczucie dzieci. Wspiera tak\u017ce ich poczucie bezpiecze\u0144stwa i codzienny komfort.<\/p>\n<p>Mo\u017cliwym do zastosowania w tym miejscu elementem wyposa\u017cenia s\u0105 namioty lub k\u0105ciki wyciszenia, materace pod\u0142ogowe, fotele, hamaki, panele wyg\u0142uszaj\u0105ce \u015bcienne, poduchy, poduszki, przytulanki, wyg\u0142uszaj\u0105ce s\u0142uchawki, gniotki b\u0105d\u017a sensoryczne tuby.[\/nectar_responsive_text][divider line_type=&#8221;No Line&#8221; divider_opacity=&#8221;0&#8243;][nectar_responsive_text inherited_font_style=&#8221;default&#8221; text_color=&#8221;#f6a200&#8243; text_direction=&#8221;default&#8221;]\n<h3><strong>4. Strefa zabaw sensorycznych (D. SFERA DOTYKOWA (TAKTYLNA), E. SFERA WZROKOWA, F. MOTORYKA MA\u0141A (koordynacja r\u0119ka\u2013oko))<br \/>\n<\/strong><\/h3>\n[\/nectar_responsive_text][divider line_type=&#8221;No Line&#8221; custom_height=&#8221;20&#8243;][nectar_responsive_text inherited_font_style=&#8221;default&#8221; text_direction=&#8221;default&#8221;]<strong>Cel:<\/strong> rozw\u00f3j percepcji sensorycznej i sprawno\u015bci manualnej.<\/p>\n<p>Dla tej strefy proponowany jest szeroki zakres materia\u0142\u00f3w edukacyjnych.<\/p>\n<p><strong>Sfera dotykowa:<\/strong> m.in. maty sensoryczne z faktur\u0105, panele \u015bcienne dotykowe, skrzynie sensoryczne, tablice manipulacyjne, puzzle fakturowe pod\u0142ogowe, masy plastyczne, gniotki, piasek kinetyczny.<\/p>\n<p><strong>Sfera wzrokowa:<\/strong> m. in. bezpieczne lustra, tablice z przesuwanymi elementami, kolorowe mozaiki na \u015bcian\u0119, uk\u0142adanki, sortery kolor\u00f3w.<\/p>\n<p><strong>Motoryka ma\u0142a<\/strong>: m.in. sortery kszta\u0142t\u00f3w, koraliki do nawlekania, drewniane przeplatanki, nak\u0142adanki sensoryczne, instrumenty muzyczne.[\/nectar_responsive_text][\/vc_column][\/vc_row][vc_row type=&#8221;in_container&#8221; full_screen_row_position=&#8221;middle&#8221; column_margin=&#8221;default&#8221; column_direction=&#8221;default&#8221; column_direction_tablet=&#8221;default&#8221; column_direction_phone=&#8221;default&#8221; scene_position=&#8221;center&#8221; text_color=&#8221;dark&#8221; text_align=&#8221;left&#8221; row_border_radius=&#8221;none&#8221; row_border_radius_applies=&#8221;bg&#8221; overflow=&#8221;visible&#8221; id=&#8221;7&#8243; overlay_strength=&#8221;0.3&#8243; gradient_direction=&#8221;left_to_right&#8221; shape_divider_position=&#8221;bottom&#8221; bg_image_animation=&#8221;none&#8221; gradient_type=&#8221;default&#8221; shape_type=&#8221;&#8221;][vc_column column_padding=&#8221;no-extra-padding&#8221; column_padding_tablet=&#8221;inherit&#8221; column_padding_phone=&#8221;inherit&#8221; column_padding_position=&#8221;all&#8221; top_margin=&#8221;5%&#8221; column_element_direction_desktop=&#8221;default&#8221; column_element_spacing=&#8221;default&#8221; desktop_text_alignment=&#8221;default&#8221; tablet_text_alignment=&#8221;default&#8221; phone_text_alignment=&#8221;default&#8221; background_color_opacity=&#8221;1&#8243; background_hover_color_opacity=&#8221;1&#8243; column_backdrop_filter=&#8221;none&#8221; column_shadow=&#8221;none&#8221; column_border_radius=&#8221;none&#8221; column_link_target=&#8221;_self&#8221; column_position=&#8221;default&#8221; gradient_direction=&#8221;left_to_right&#8221; overlay_strength=&#8221;0.3&#8243; width=&#8221;1\/1&#8243; tablet_width_inherit=&#8221;default&#8221; animation_type=&#8221;default&#8221; bg_image_animation=&#8221;none&#8221; border_type=&#8221;simple&#8221; column_border_width=&#8221;none&#8221; column_border_style=&#8221;solid&#8221; column_padding_type=&#8221;default&#8221; gradient_type=&#8221;default&#8221;][nectar_responsive_text inherited_font_style=&#8221;default&#8221; text_color=&#8221;#f6a200&#8243; text_direction=&#8221;default&#8221;]\n<h3><strong>Wymogi og\u00f3lne i techniczne programu. O czym nale\u017cy pami\u0119ta\u0107?<\/strong><\/h3>\n[\/nectar_responsive_text][vc_text_separator title=&#8221;&#8221; title_align=&#8221;separator_align_left&#8221; align=&#8221;align_left&#8221; border_width=&#8221;2&#8243; el_width=&#8221;90&#8243; css=&#8221;&#8221;][nectar_responsive_text inherited_font_style=&#8221;default&#8221; text_direction=&#8221;default&#8221;]W programie znajduj\u0105 si\u0119 tak\u017ce wytyczne og\u00f3lne i techniczne dla instytucji obj\u0119tych dofinansowaniem. Dotycz\u0105 one <strong>konieczno\u015bci zrezygnowania, a w razie potrzeby ograniczenia korzystania z urz\u0105dze\u0144 emituj\u0105cych \u015bwiat\u0142o niebieskie (np. telewizor\u00f3w, ekran\u00f3w LED, smartfon\u00f3w, tablet\u00f3w &#8211; pod warunkiem, \u017ce pozostaj\u0105 niedost\u0119pne dla dzieci).<\/strong>[\/nectar_responsive_text][nectar_responsive_text inherited_font_style=&#8221;default&#8221; text_color=&#8221;#f6a200&#8243; text_direction=&#8221;default&#8221;]\n<h3><strong>Przygotowanie pomieszczenia<\/strong><\/h3>\n[\/nectar_responsive_text][nectar_responsive_text inherited_font_style=&#8221;default&#8221; text_direction=&#8221;default&#8221;]W wytycznych dotycz\u0105cych warunk\u00f3w technicznych pomieszcze\u0144 do zaj\u0119\u0107 sensoryczno-motorycznych znalaz\u0142o si\u0119 zalecenie dot. <strong>przygotowania pomieszczenia, kt\u00f3ra umo\u017cliwi swobod\u0119 ruchu i bezpieczny monta\u017c podwieszanego sprz\u0119tu.<\/strong>[\/nectar_responsive_text][nectar_responsive_text inherited_font_style=&#8221;default&#8221; text_color=&#8221;#f6a200&#8243; text_direction=&#8221;default&#8221;]\n<h3><strong>Adaptacyjno\u015b\u0107 sali sensorycznej<\/strong><\/h3>\n[\/nectar_responsive_text][nectar_responsive_text inherited_font_style=&#8221;default&#8221; text_direction=&#8221;default&#8221;]Kolejnym warunkiem jest \u201eelastyczno\u015b\u0107 aran\u017cacji\u201d &#8211; <strong>mo\u017cliwo\u015b\u0107 zamontowania np. rolet oraz element\u00f3w ograniczaj\u0105cych ha\u0142as oraz zmian\u0119 wyposa\u017cenia w odpowiedzi na potrzeby dzieci w grupie.<\/strong>[\/nectar_responsive_text][nectar_responsive_text inherited_font_style=&#8221;default&#8221; text_color=&#8221;#f6a200&#8243; text_direction=&#8221;default&#8221;]\n<h3><strong>\u015awiat\u0142o i ha\u0142as w sali sensorycznej<\/strong><\/h3>\n[\/nectar_responsive_text][nectar_responsive_text inherited_font_style=&#8221;default&#8221; text_direction=&#8221;default&#8221;]Nie dopuszcza si\u0119 stosowania \u015bwietl\u00f3wek emituj\u0105cych migotanie i d\u017awi\u0119ki, kt\u00f3re mog\u0105 nasila\u0107 nadwra\u017cliwo\u015b\u0107 wzrokow\u0105 i s\u0142uchow\u0105. <strong>Zaleca si\u0119 stosowanie regulowanych \u017ar\u00f3de\u0142 \u015bwiat\u0142a o ciep\u0142ej i \u0142agodnej barwie, a tak\u017ce \u015bwiat\u0142o naturalne.<\/strong>[\/nectar_responsive_text][nectar_responsive_text inherited_font_style=&#8221;default&#8221; text_color=&#8221;#f6a200&#8243; text_direction=&#8221;default&#8221;]\n<h3><strong>Kolorystyka w pomieszczeniach sensorycznych<\/strong><\/h3>\n[\/nectar_responsive_text][nectar_responsive_text inherited_font_style=&#8221;default&#8221; text_direction=&#8221;default&#8221;]Kolory. Niedopuszczalne s\u0105 jaskrawe, silnie kontrastuj\u0105ce barwy lub kolorowe dekoracje. Zamiast tego<strong> proponowane s\u0105 neutralne, stosowane odcienie.<\/strong>[\/nectar_responsive_text][\/vc_column][\/vc_row][vc_row type=&#8221;in_container&#8221; full_screen_row_position=&#8221;middle&#8221; column_margin=&#8221;default&#8221; column_direction=&#8221;default&#8221; column_direction_tablet=&#8221;default&#8221; column_direction_phone=&#8221;default&#8221; scene_position=&#8221;center&#8221; text_color=&#8221;dark&#8221; text_align=&#8221;left&#8221; row_border_radius=&#8221;none&#8221; row_border_radius_applies=&#8221;bg&#8221; overflow=&#8221;visible&#8221; id=&#8221;8&#8243; overlay_strength=&#8221;0.3&#8243; gradient_direction=&#8221;left_to_right&#8221; shape_divider_position=&#8221;bottom&#8221; bg_image_animation=&#8221;none&#8221; gradient_type=&#8221;default&#8221; shape_type=&#8221;&#8221;][vc_column column_padding=&#8221;no-extra-padding&#8221; column_padding_tablet=&#8221;inherit&#8221; column_padding_phone=&#8221;inherit&#8221; column_padding_position=&#8221;all&#8221; bottom_margin=&#8221;5%&#8221; column_element_direction_desktop=&#8221;default&#8221; column_element_spacing=&#8221;default&#8221; desktop_text_alignment=&#8221;default&#8221; tablet_text_alignment=&#8221;default&#8221; phone_text_alignment=&#8221;default&#8221; background_color_opacity=&#8221;1&#8243; background_hover_color_opacity=&#8221;1&#8243; column_backdrop_filter=&#8221;none&#8221; column_shadow=&#8221;none&#8221; column_border_radius=&#8221;none&#8221; column_link_target=&#8221;_self&#8221; column_position=&#8221;default&#8221; gradient_direction=&#8221;left_to_right&#8221; overlay_strength=&#8221;0.3&#8243; width=&#8221;1\/1&#8243; tablet_width_inherit=&#8221;default&#8221; animation_type=&#8221;default&#8221; bg_image_animation=&#8221;none&#8221; border_type=&#8221;simple&#8221; column_border_width=&#8221;none&#8221; column_border_style=&#8221;solid&#8221; column_padding_type=&#8221;default&#8221; gradient_type=&#8221;default&#8221;][nectar_responsive_text inherited_font_style=&#8221;default&#8221; text_color=&#8221;#f6a200&#8243; text_direction=&#8221;default&#8221;]\n<h2><strong>Gotowe projekty sal sensorycznych w Moje Bambino<\/strong><\/h2>\n[\/nectar_responsive_text][vc_text_separator title=&#8221;&#8221; title_align=&#8221;separator_align_left&#8221; align=&#8221;align_left&#8221; border_width=&#8221;2&#8243; el_width=&#8221;90&#8243; css=&#8221;&#8221;][nectar_responsive_text inherited_font_style=&#8221;default&#8221; text_direction=&#8221;default&#8221;]Bazuj\u0105c na do\u015bwiadczeniu w tworzeniu przestrzeni edukacyjnych, <strong>Moje Bambino oferuje gotowe projekty sal sensorycznych,<\/strong> w pe\u0142ni zgodne z za\u0142o\u017ceniami Programu \u201eAktywny \u017b\u0142obek \u2013 Sale Sensoryczne 2026\u201d. Obejmuj\u0105 one zar\u00f3wno rozwi\u0105zania wspieraj\u0105ce rozw\u00f3j sensoryczny, jak i odpowiednie wyposa\u017cenie, kt\u00f3re zapewnia bezpiecze\u0144stwo oraz tworzy warunki sprzyjaj\u0105ce wszechstronnemu rozwojowi dzieci.[\/nectar_responsive_text][vc_row_inner column_margin=&#8221;default&#8221; column_direction=&#8221;default&#8221; column_direction_tablet=&#8221;default&#8221; column_direction_phone=&#8221;default&#8221; text_align=&#8221;left&#8221; row_position=&#8221;default&#8221; row_position_tablet=&#8221;inherit&#8221; row_position_phone=&#8221;inherit&#8221; overflow=&#8221;visible&#8221; pointer_events=&#8221;all&#8221; el_id=&#8221;9&#8243;][vc_column_inner column_padding=&#8221;no-extra-padding&#8221; column_padding_tablet=&#8221;inherit&#8221; column_padding_phone=&#8221;inherit&#8221; column_padding_position=&#8221;all&#8221; column_element_direction_desktop=&#8221;default&#8221; column_element_spacing=&#8221;default&#8221; desktop_text_alignment=&#8221;default&#8221; tablet_text_alignment=&#8221;default&#8221; phone_text_alignment=&#8221;default&#8221; background_color_opacity=&#8221;1&#8243; background_hover_color_opacity=&#8221;1&#8243; column_backdrop_filter=&#8221;none&#8221; column_shadow=&#8221;none&#8221; column_border_radius=&#8221;none&#8221; column_link_target=&#8221;_self&#8221; overflow=&#8221;visible&#8221; gradient_direction=&#8221;left_to_right&#8221; overlay_strength=&#8221;0.3&#8243; width=&#8221;1\/2&#8243; tablet_width_inherit=&#8221;default&#8221; animation_type=&#8221;default&#8221; bg_image_animation=&#8221;none&#8221; border_type=&#8221;simple&#8221; column_border_width=&#8221;none&#8221; column_border_style=&#8221;solid&#8221; column_padding_type=&#8221;default&#8221; gradient_type=&#8221;default&#8221;][image_with_animation image_url=&#8221;9671&#8243; image_size=&#8221;full&#8221; animation_type=&#8221;entrance&#8221; animation=&#8221;Fade In From Bottom&#8221; animation_easing=&#8221;default&#8221; animation_movement_type=&#8221;transform_y&#8221; hover_animation=&#8221;none&#8221; alignment=&#8221;center&#8221; img_link_target=&#8221;_blank&#8221; border_radius=&#8221;15px&#8221; box_shadow=&#8221;medium_depth&#8221; image_loading=&#8221;default&#8221; max_width=&#8221;100%&#8221; max_width_mobile=&#8221;default&#8221; img_link=&#8221;https:\/\/mojebambino.pl\/1167102\/Sala-sensoryczna-Zlobek-Aktywny-Zlobek-80-tys.\/SW107122&#8243;][divider line_type=&#8221;No Line&#8221; custom_height=&#8221;25%&#8221;][\/vc_column_inner][vc_column_inner column_padding=&#8221;no-extra-padding&#8221; column_padding_tablet=&#8221;inherit&#8221; column_padding_phone=&#8221;inherit&#8221; column_padding_position=&#8221;all&#8221; column_element_direction_desktop=&#8221;default&#8221; column_element_spacing=&#8221;default&#8221; desktop_text_alignment=&#8221;default&#8221; tablet_text_alignment=&#8221;default&#8221; phone_text_alignment=&#8221;default&#8221; background_color_opacity=&#8221;1&#8243; background_hover_color_opacity=&#8221;1&#8243; column_backdrop_filter=&#8221;none&#8221; column_shadow=&#8221;none&#8221; column_border_radius=&#8221;none&#8221; column_link_target=&#8221;_self&#8221; overflow=&#8221;visible&#8221; gradient_direction=&#8221;left_to_right&#8221; overlay_strength=&#8221;0.3&#8243; width=&#8221;1\/2&#8243; tablet_width_inherit=&#8221;default&#8221; animation_type=&#8221;default&#8221; bg_image_animation=&#8221;none&#8221; border_type=&#8221;simple&#8221; column_border_width=&#8221;none&#8221; column_border_style=&#8221;solid&#8221; column_padding_type=&#8221;default&#8221; gradient_type=&#8221;default&#8221;][image_with_animation image_url=&#8221;9672&#8243; image_size=&#8221;full&#8221; animation_type=&#8221;entrance&#8221; animation=&#8221;Fade In From Bottom&#8221; animation_easing=&#8221;default&#8221; animation_movement_type=&#8221;transform_y&#8221; hover_animation=&#8221;none&#8221; alignment=&#8221;&#8221; img_link_target=&#8221;_blank&#8221; border_radius=&#8221;15px&#8221; box_shadow=&#8221;medium_depth&#8221; image_loading=&#8221;default&#8221; max_width=&#8221;100%&#8221; max_width_mobile=&#8221;default&#8221; img_link=&#8221;https:\/\/mojebambino.pl\/1167100\/Sala-sensoryczna-Klub-malucha-Aktywny-Zlobek-60-tys.\/SW10711&#8243;][divider line_type=&#8221;No Line&#8221; custom_height=&#8221;25%&#8221;][\/vc_column_inner][\/vc_row_inner][nectar_responsive_text inherited_font_style=&#8221;default&#8221; text_color=&#8221;#f6a200&#8243; text_direction=&#8221;default&#8221;]\n<h3><strong>Kategoria wyposa\u017cenia sal sensorycznych w sklepie Moje Bambino<\/strong><\/h3>\n[\/nectar_responsive_text][nectar_responsive_text inherited_font_style=&#8221;default&#8221; text_direction=&#8221;default&#8221;]W sklepie Moje Bambino znale\u017a\u0107 mo\u017cna tak\u017ce <strong>specjaln\u0105 kategori\u0119 produkt\u00f3w przeznaczonych do wyposa\u017cenia sali integracji sensorycznej.<\/strong> To szeroki wyb\u00f3r wyposa\u017cenia i pomocy sensorycznych, wymienionych w wytycznych dla programu, w kt\u00f3re mo\u017cna wyposa\u017cy\u0107 \u017c\u0142obek, wnioskuj\u0105c o przyznanie dofinansowania.<\/p>\n<p><strong><a href=\"https:\/\/mojebambino.pl\/56\/Wspomaganie-rozwoju-integracja-sensoryczna-w-zlobku\" target=\"_blank\" rel=\"noopener\">Sprawd\u017a kategori\u0119 dla programu Aktywny \u017b\u0142obek 2026 w sklepie Moje Bambino<\/a><\/strong>[\/nectar_responsive_text][image_with_animation image_url=&#8221;9688&#8243; image_size=&#8221;full&#8221; animation_type=&#8221;entrance&#8221; animation=&#8221;Fade In From Bottom&#8221; animation_easing=&#8221;default&#8221; animation_movement_type=&#8221;transform_y&#8221; hover_animation=&#8221;none&#8221; alignment=&#8221;center&#8221; img_link_target=&#8221;_blank&#8221; border_radius=&#8221;15px&#8221; box_shadow=&#8221;medium_depth&#8221; image_loading=&#8221;default&#8221; max_width=&#8221;100%&#8221; max_width_mobile=&#8221;default&#8221; img_link=&#8221;https:\/\/mojebambino.pl\/56\/Wspomaganie-rozwoju-integracja-sensoryczna-w-zlobku&#8221;][divider line_type=&#8221;No Line&#8221; divider_opacity=&#8221;0&#8243; custom_height=&#8221;15&#8243;][vc_row_inner equal_height=&#8221;yes&#8221; column_margin=&#8221;default&#8221; column_direction=&#8221;default&#8221; column_direction_tablet=&#8221;default&#8221; column_direction_phone=&#8221;default&#8221; text_align=&#8221;left&#8221; row_position=&#8221;default&#8221; row_position_tablet=&#8221;inherit&#8221; row_position_phone=&#8221;inherit&#8221; overflow=&#8221;visible&#8221; pointer_events=&#8221;all&#8221; el_id=&#8221;10&#8243;][vc_column_inner column_padding=&#8221;no-extra-padding&#8221; column_padding_tablet=&#8221;inherit&#8221; column_padding_phone=&#8221;inherit&#8221; column_padding_position=&#8221;all&#8221; bottom_margin=&#8221;5%&#8221; column_element_direction_desktop=&#8221;default&#8221; column_element_spacing=&#8221;default&#8221; desktop_text_alignment=&#8221;default&#8221; tablet_text_alignment=&#8221;default&#8221; phone_text_alignment=&#8221;default&#8221; background_color_opacity=&#8221;1&#8243; background_hover_color_opacity=&#8221;1&#8243; column_backdrop_filter=&#8221;none&#8221; column_shadow=&#8221;none&#8221; column_border_radius=&#8221;none&#8221; column_link_target=&#8221;_self&#8221; overflow=&#8221;visible&#8221; gradient_direction=&#8221;left_to_right&#8221; overlay_strength=&#8221;0.3&#8243; width=&#8221;1\/2&#8243; tablet_width_inherit=&#8221;default&#8221; animation_type=&#8221;default&#8221; bg_image_animation=&#8221;none&#8221; border_type=&#8221;simple&#8221; column_border_width=&#8221;none&#8221; column_border_style=&#8221;solid&#8221; column_padding_type=&#8221;default&#8221; gradient_type=&#8221;default&#8221;][divider line_type=&#8221;No Line&#8221; divider_opacity=&#8221;0&#8243; custom_height=&#8221;15&#8243;][nectar_responsive_text inherited_font_style=&#8221;default&#8221; text_color=&#8221;#f6a200&#8243; text_direction=&#8221;default&#8221;]\n<h3><strong>Kalkulator Programu Aktywny \u017b\u0142obek 2026<\/strong><\/h3>\n[\/nectar_responsive_text][nectar_responsive_text inherited_font_style=&#8221;default&#8221; text_direction=&#8221;default&#8221;]Kalkulator Programu Aktywny \u017b\u0142obek to praktyczne narz\u0119dzie, kt\u00f3re <strong>pozwala w kilka chwil dopasowa\u0107 wysoko\u015b\u0107 dofinansowania do konkretnej inwestycji. <\/strong>U\u017cytkownik mo\u017ce wprowadzi\u0107 podstawowe parametry, takie jak kwota do wykorzystania oraz rodzaj produkt\u00f3w i ich liczb\u0119.<\/p>\n<p>System automatycznie wylicza \u0142\u0105czny koszt i pokazuje, ile \u015brodk\u00f3w pozostaje jeszcze do wydania. Dzi\u0119ki temu ju\u017c na etapie wst\u0119pnej analizy mo\u017cna sprawdzi\u0107, kt\u00f3re rozwi\u0105zania s\u0105 najbardziej op\u0142acalne i lepiej przygotowa\u0107 si\u0119 do procesu aplikowania o \u015brodki.<\/p>\n<p><strong><a href=\"https:\/\/mojebambino.pl\/8060\/Kalkulator-Aktywny-Zlobek\">Sprawd\u017a Kalkulator Programu Aktywny \u017b\u0142obek 2026<\/a><\/strong>[\/nectar_responsive_text][\/vc_column_inner][vc_column_inner column_padding=&#8221;no-extra-padding&#8221; column_padding_tablet=&#8221;inherit&#8221; column_padding_phone=&#8221;inherit&#8221; column_padding_position=&#8221;all&#8221; column_element_direction_desktop=&#8221;default&#8221; column_element_spacing=&#8221;default&#8221; centered_text=&#8221;true&#8221; desktop_text_alignment=&#8221;default&#8221; tablet_text_alignment=&#8221;default&#8221; phone_text_alignment=&#8221;default&#8221; background_color_opacity=&#8221;1&#8243; background_hover_color_opacity=&#8221;1&#8243; column_backdrop_filter=&#8221;none&#8221; column_shadow=&#8221;none&#8221; column_border_radius=&#8221;none&#8221; column_link_target=&#8221;_self&#8221; overflow=&#8221;visible&#8221; gradient_direction=&#8221;left_to_right&#8221; overlay_strength=&#8221;0.3&#8243; width=&#8221;1\/2&#8243; tablet_width_inherit=&#8221;default&#8221; animation_type=&#8221;default&#8221; bg_image_animation=&#8221;none&#8221; border_type=&#8221;simple&#8221; column_border_width=&#8221;none&#8221; column_border_style=&#8221;solid&#8221; column_padding_type=&#8221;default&#8221; gradient_type=&#8221;default&#8221;][image_with_animation image_url=&#8221;9674&#8243; image_size=&#8221;full&#8221; animation_type=&#8221;entrance&#8221; animation=&#8221;Fade In From Bottom&#8221; animation_easing=&#8221;default&#8221; animation_movement_type=&#8221;transform_y&#8221; hover_animation=&#8221;none&#8221; alignment=&#8221;center&#8221; img_link_target=&#8221;_blank&#8221; border_radius=&#8221;15px&#8221; box_shadow=&#8221;medium_depth&#8221; image_loading=&#8221;default&#8221; max_width=&#8221;75%&#8221; max_width_mobile=&#8221;default&#8221; img_link=&#8221;https:\/\/mojebambino.pl\/8060\/Kalkulator-Aktywny-Zlobek&#8221;][\/vc_column_inner][\/vc_row_inner][divider line_type=&#8221;No Line&#8221; custom_height=&#8221;10&#8243;][vc_row_inner equal_height=&#8221;yes&#8221; column_margin=&#8221;default&#8221; column_direction=&#8221;default&#8221; column_direction_tablet=&#8221;default&#8221; column_direction_phone=&#8221;default&#8221; text_align=&#8221;left&#8221; row_position=&#8221;default&#8221; row_position_tablet=&#8221;inherit&#8221; row_position_phone=&#8221;inherit&#8221; overflow=&#8221;visible&#8221; pointer_events=&#8221;all&#8221; el_id=&#8221;11&#8243;][vc_column_inner column_padding=&#8221;no-extra-padding&#8221; column_padding_tablet=&#8221;inherit&#8221; column_padding_phone=&#8221;inherit&#8221; column_padding_position=&#8221;all&#8221; column_element_direction_desktop=&#8221;default&#8221; column_element_spacing=&#8221;default&#8221; desktop_text_alignment=&#8221;default&#8221; tablet_text_alignment=&#8221;default&#8221; phone_text_alignment=&#8221;default&#8221; background_color_opacity=&#8221;1&#8243; background_hover_color_opacity=&#8221;1&#8243; column_backdrop_filter=&#8221;none&#8221; column_shadow=&#8221;none&#8221; column_border_radius=&#8221;none&#8221; column_link_target=&#8221;_self&#8221; overflow=&#8221;visible&#8221; gradient_direction=&#8221;left_to_right&#8221; overlay_strength=&#8221;0.3&#8243; width=&#8221;1\/2&#8243; tablet_width_inherit=&#8221;default&#8221; animation_type=&#8221;default&#8221; bg_image_animation=&#8221;none&#8221; border_type=&#8221;simple&#8221; column_border_width=&#8221;none&#8221; column_border_style=&#8221;solid&#8221; column_padding_type=&#8221;default&#8221; gradient_type=&#8221;default&#8221;][nectar_responsive_text inherited_font_style=&#8221;default&#8221; text_color=&#8221;#f6a200&#8243; text_direction=&#8221;default&#8221;]\n<h3><strong>Ulotka Programu Aktywny \u017b\u0142obek 2026<\/strong><\/h3>\n[\/nectar_responsive_text][nectar_responsive_text inherited_font_style=&#8221;default&#8221; text_direction=&#8221;default&#8221;]Ulotka Programu Aktywny \u017b\u0142obek 2026 zawiera <strong>przyk\u0142adowe aran\u017cacje sal sensorycznych w \u017c\u0142obkach oraz propozycje wyposa\u017cenia zgodnego z wytycznymi programu.<\/strong> Rozwi\u0105zania zosta\u0142y dopasowane do r\u00f3\u017cnych obszar\u00f3w rozwoju dzieci.<br \/>\nW materiale znajduj\u0105 si\u0119 tak\u017ce kompletne informacje o pomocach do integracji sensorycznej, w tym ich szczeg\u00f3\u0142owe opisy i zdj\u0119cia. Dzi\u0119ki temu mo\u017cna spokojnie zaplanowa\u0107 wyposa\u017cenie plac\u00f3wki, przygotowa\u0107 list\u0119 potrzebnych element\u00f3w i skorzysta\u0107 z kalkulatora Aktywny \u017b\u0142obek 2026.<\/p>\n<p><strong><a href=\"https:\/\/katalogi.mojebambino.pl\/2026\/Ulotka_Aktywny_Zlobek_sale_sensoryczne_2026\/\">Ulotka Programu Aktywny \u017b\u0142obek 2026 dost\u0119pna jest na stronie sklepu Moje Bambino.<\/a><\/strong>[\/nectar_responsive_text][\/vc_column_inner][vc_column_inner column_padding=&#8221;no-extra-padding&#8221; column_padding_tablet=&#8221;inherit&#8221; column_padding_phone=&#8221;inherit&#8221; column_padding_position=&#8221;all&#8221; column_element_direction_desktop=&#8221;default&#8221; column_element_spacing=&#8221;default&#8221; desktop_text_alignment=&#8221;default&#8221; tablet_text_alignment=&#8221;default&#8221; phone_text_alignment=&#8221;default&#8221; background_color_opacity=&#8221;1&#8243; background_hover_color_opacity=&#8221;1&#8243; column_backdrop_filter=&#8221;none&#8221; column_shadow=&#8221;none&#8221; column_border_radius=&#8221;none&#8221; column_link_target=&#8221;_self&#8221; overflow=&#8221;visible&#8221; gradient_direction=&#8221;left_to_right&#8221; overlay_strength=&#8221;0.3&#8243; width=&#8221;1\/2&#8243; tablet_width_inherit=&#8221;default&#8221; animation_type=&#8221;default&#8221; bg_image_animation=&#8221;none&#8221; border_type=&#8221;simple&#8221; column_border_width=&#8221;none&#8221; column_border_style=&#8221;solid&#8221;][image_with_animation image_url=&#8221;9677&#8243; image_size=&#8221;full&#8221; animation_type=&#8221;entrance&#8221; animation=&#8221;Fade In From Bottom&#8221; animation_easing=&#8221;default&#8221; animation_movement_type=&#8221;transform_y&#8221; hover_animation=&#8221;none&#8221; alignment=&#8221;center&#8221; img_link_target=&#8221;_blank&#8221; border_radius=&#8221;15px&#8221; box_shadow=&#8221;medium_depth&#8221; image_loading=&#8221;default&#8221; max_width=&#8221;75%&#8221; max_width_mobile=&#8221;default&#8221; img_link=&#8221;https:\/\/mojebambino.pl\/katalog\/Ulotka-Aktywny-Zlobek-sale-sensoryczne-2026-e-koszyk&#8221;][\/vc_column_inner][\/vc_row_inner][\/vc_column][\/vc_row][vc_row type=&#8221;in_container&#8221; full_screen_row_position=&#8221;middle&#8221; column_margin=&#8221;default&#8221; column_direction=&#8221;default&#8221; column_direction_tablet=&#8221;default&#8221; column_direction_phone=&#8221;default&#8221; scene_position=&#8221;center&#8221; text_color=&#8221;dark&#8221; text_align=&#8221;left&#8221; row_border_radius=&#8221;none&#8221; row_border_radius_applies=&#8221;bg&#8221; overflow=&#8221;visible&#8221; id=&#8221;12&#8243; overlay_strength=&#8221;0.3&#8243; gradient_direction=&#8221;left_to_right&#8221; shape_divider_position=&#8221;bottom&#8221; bg_image_animation=&#8221;none&#8221; gradient_type=&#8221;default&#8221; shape_type=&#8221;&#8221;][vc_column column_padding=&#8221;no-extra-padding&#8221; column_padding_tablet=&#8221;inherit&#8221; column_padding_phone=&#8221;inherit&#8221; column_padding_position=&#8221;all&#8221; top_margin=&#8221;20&#8243; column_element_direction_desktop=&#8221;default&#8221; column_element_spacing=&#8221;default&#8221; desktop_text_alignment=&#8221;default&#8221; tablet_text_alignment=&#8221;default&#8221; phone_text_alignment=&#8221;default&#8221; background_color_opacity=&#8221;1&#8243; background_hover_color_opacity=&#8221;1&#8243; column_backdrop_filter=&#8221;none&#8221; column_shadow=&#8221;none&#8221; column_border_radius=&#8221;none&#8221; column_link_target=&#8221;_self&#8221; column_position=&#8221;default&#8221; gradient_direction=&#8221;left_to_right&#8221; overlay_strength=&#8221;0.3&#8243; width=&#8221;1\/1&#8243; tablet_width_inherit=&#8221;default&#8221; animation_type=&#8221;default&#8221; bg_image_animation=&#8221;none&#8221; border_type=&#8221;simple&#8221; column_border_width=&#8221;none&#8221; column_border_style=&#8221;solid&#8221; column_padding_type=&#8221;default&#8221; gradient_type=&#8221;default&#8221;][nectar_responsive_text inherited_font_style=&#8221;default&#8221; text_color=&#8221;#f6a200&#8243; text_direction=&#8221;default&#8221;]\n<h2><strong>Aktywny \u017b\u0142obek \u2013 sale sensoryczne 2026\u201d &#8211; podsumowanie <\/strong><\/h2>\n[\/nectar_responsive_text][vc_text_separator title=&#8221;&#8221; title_align=&#8221;separator_align_left&#8221; align=&#8221;align_left&#8221; border_width=&#8221;2&#8243; el_width=&#8221;90&#8243; css=&#8221;&#8221;][nectar_responsive_text inherited_font_style=&#8221;default&#8221; text_direction=&#8221;default&#8221;]Program \u201eAktywny \u017b\u0142obek \u2013 sale sensoryczne 2026\u201d to wsparcie dla plac\u00f3wek w tworzeniu przestrzeni, kt\u00f3re wspomagaj\u0105 integracj\u0119 sensoryczn\u0105 oraz rozw\u00f3j ruchowy, emocjonalny i poznawczy dzieci. Odpowiednio zaprojektowane sale pomagaj\u0105 lepiej odpowiada\u0107 na indywidualne potrzeby rozwojowe najm\u0142odszych, a jednocze\u015bnie podnosz\u0105 standard codziennej opieki i edukacji. <strong>Dzi\u0119ki temu programowi coraz wi\u0119cej plac\u00f3wek b\u0119dzie mog\u0142o wyposa\u017cy\u0107 si\u0119 w nowoczesne sale sensoryczne. To realna inwestycja nie tylko w infrastruktur\u0119, ale przede wszystkim w jako\u015b\u0107 opieki i harmonijny rozw\u00f3j dziecka.<\/strong>[\/nectar_responsive_text][divider line_type=&#8221;No Line&#8221; custom_height=&#8221;10&#8243;][\/vc_column][\/vc_row][vc_row type=&#8221;in_container&#8221; full_screen_row_position=&#8221;middle&#8221; column_margin=&#8221;default&#8221; column_direction=&#8221;default&#8221; column_direction_tablet=&#8221;default&#8221; column_direction_phone=&#8221;default&#8221; scene_position=&#8221;center&#8221; text_color=&#8221;dark&#8221; text_align=&#8221;left&#8221; row_border_radius=&#8221;none&#8221; row_border_radius_applies=&#8221;bg&#8221; overflow=&#8221;visible&#8221; id=&#8221;6&#8243; overlay_strength=&#8221;0.3&#8243; gradient_direction=&#8221;left_to_right&#8221; shape_divider_position=&#8221;bottom&#8221; bg_image_animation=&#8221;none&#8221; gradient_type=&#8221;default&#8221; shape_type=&#8221;&#8221;][vc_column column_padding=&#8221;no-extra-padding&#8221; column_padding_tablet=&#8221;inherit&#8221; column_padding_phone=&#8221;inherit&#8221; column_padding_position=&#8221;all&#8221; column_element_direction_desktop=&#8221;default&#8221; column_element_spacing=&#8221;default&#8221; desktop_text_alignment=&#8221;default&#8221; tablet_text_alignment=&#8221;default&#8221; phone_text_alignment=&#8221;default&#8221; background_color_opacity=&#8221;1&#8243; background_hover_color_opacity=&#8221;1&#8243; column_backdrop_filter=&#8221;none&#8221; column_shadow=&#8221;none&#8221; column_border_radius=&#8221;none&#8221; column_link_target=&#8221;_self&#8221; column_position=&#8221;default&#8221; gradient_direction=&#8221;left_to_right&#8221; overlay_strength=&#8221;0.3&#8243; width=&#8221;1\/1&#8243; tablet_width_inherit=&#8221;default&#8221; animation_type=&#8221;default&#8221; bg_image_animation=&#8221;none&#8221; border_type=&#8221;simple&#8221; column_border_width=&#8221;none&#8221; column_border_style=&#8221;solid&#8221;][vc_row_inner column_margin=&#8221;default&#8221; column_direction=&#8221;default&#8221; column_direction_tablet=&#8221;default&#8221; column_direction_phone=&#8221;default&#8221; text_align=&#8221;left&#8221; row_position=&#8221;default&#8221; row_position_tablet=&#8221;inherit&#8221; row_position_phone=&#8221;inherit&#8221; overflow=&#8221;visible&#8221; pointer_events=&#8221;all&#8221;][vc_column_inner column_padding=&#8221;no-extra-padding&#8221; column_padding_tablet=&#8221;inherit&#8221; column_padding_phone=&#8221;inherit&#8221; column_padding_position=&#8221;all&#8221; column_element_direction_desktop=&#8221;default&#8221; column_element_spacing=&#8221;default&#8221; desktop_text_alignment=&#8221;default&#8221; tablet_text_alignment=&#8221;default&#8221; phone_text_alignment=&#8221;default&#8221; background_color_opacity=&#8221;1&#8243; background_hover_color_opacity=&#8221;1&#8243; column_backdrop_filter=&#8221;none&#8221; column_shadow=&#8221;none&#8221; column_border_radius=&#8221;none&#8221; column_link_target=&#8221;_self&#8221; overflow=&#8221;visible&#8221; gradient_direction=&#8221;left_to_right&#8221; overlay_strength=&#8221;0.3&#8243; width=&#8221;1\/3&#8243; tablet_width_inherit=&#8221;default&#8221; animation_type=&#8221;default&#8221; bg_image_animation=&#8221;none&#8221; border_type=&#8221;simple&#8221; column_border_width=&#8221;none&#8221; column_border_style=&#8221;solid&#8221;][image_with_animation image_url=&#8221;9680&#8243; image_size=&#8221;full&#8221; animation_type=&#8221;entrance&#8221; animation=&#8221;Fade In From Bottom&#8221; animation_easing=&#8221;default&#8221; animation_movement_type=&#8221;transform_x&#8221; hover_animation=&#8221;none&#8221; alignment=&#8221;center&#8221; img_link_target=&#8221;_blank&#8221; border_radius=&#8221;15px&#8221; box_shadow=&#8221;medium_depth&#8221; image_loading=&#8221;default&#8221; max_width=&#8221;100%&#8221; max_width_mobile=&#8221;default&#8221; img_link=&#8221;https:\/\/www.gov.pl\/web\/rodzina\/program-aktywny-zlobek&#8212;sale-sensoryczne-2026&#8243;][divider line_type=&#8221;No Line&#8221; custom_height=&#8221;12&#8243;][nectar_responsive_text inherited_font_style=&#8221;default&#8221; text_direction=&#8221;default&#8221;]\n<p style=\"text-align: center;\"><strong>\u0179r\u00f3d\u0142o informacji o programie<\/strong><\/p>\n[\/nectar_responsive_text][\/vc_column_inner][vc_column_inner column_padding=&#8221;no-extra-padding&#8221; column_padding_tablet=&#8221;inherit&#8221; column_padding_phone=&#8221;inherit&#8221; column_padding_position=&#8221;all&#8221; column_element_direction_desktop=&#8221;default&#8221; column_element_spacing=&#8221;default&#8221; desktop_text_alignment=&#8221;default&#8221; tablet_text_alignment=&#8221;default&#8221; phone_text_alignment=&#8221;default&#8221; background_color_opacity=&#8221;1&#8243; background_hover_color_opacity=&#8221;1&#8243; column_backdrop_filter=&#8221;none&#8221; column_shadow=&#8221;none&#8221; column_border_radius=&#8221;none&#8221; column_link_target=&#8221;_self&#8221; overflow=&#8221;visible&#8221; gradient_direction=&#8221;left_to_right&#8221; overlay_strength=&#8221;0.3&#8243; width=&#8221;1\/3&#8243; tablet_width_inherit=&#8221;default&#8221; animation_type=&#8221;default&#8221; bg_image_animation=&#8221;none&#8221; border_type=&#8221;simple&#8221; column_border_width=&#8221;none&#8221; column_border_style=&#8221;solid&#8221;][image_with_animation image_url=&#8221;9682&#8243; image_size=&#8221;full&#8221; animation_type=&#8221;entrance&#8221; animation=&#8221;Fade In From Bottom&#8221; animation_easing=&#8221;default&#8221; animation_movement_type=&#8221;transform_y&#8221; hover_animation=&#8221;none&#8221; alignment=&#8221;center&#8221; img_link_target=&#8221;_blank&#8221; border_radius=&#8221;15px&#8221; box_shadow=&#8221;medium_depth&#8221; image_loading=&#8221;default&#8221; max_width=&#8221;100%&#8221; max_width_mobile=&#8221;default&#8221; img_link=&#8221;https:\/\/mojebambino.pl\/56\/Wspomaganie-rozwoju-integracja-sensoryczna-w-zlobku&#8221;][divider line_type=&#8221;No Line&#8221; custom_height=&#8221;12&#8243;][nectar_responsive_text inherited_font_style=&#8221;default&#8221; text_direction=&#8221;default&#8221;]\n<p style=\"text-align: center;\"><strong>Sprawd\u017a gotowe i zgodne z wytycznymi projekty sal sensorycznych w sklepie Moje Bambino<\/strong><\/p>\n[\/nectar_responsive_text][\/vc_column_inner][vc_column_inner column_padding=&#8221;no-extra-padding&#8221; column_padding_tablet=&#8221;inherit&#8221; column_padding_phone=&#8221;inherit&#8221; column_padding_position=&#8221;all&#8221; column_element_direction_desktop=&#8221;default&#8221; column_element_spacing=&#8221;default&#8221; desktop_text_alignment=&#8221;default&#8221; tablet_text_alignment=&#8221;default&#8221; phone_text_alignment=&#8221;default&#8221; background_color_opacity=&#8221;1&#8243; background_hover_color_opacity=&#8221;1&#8243; column_backdrop_filter=&#8221;none&#8221; column_shadow=&#8221;none&#8221; column_border_radius=&#8221;none&#8221; column_link_target=&#8221;_self&#8221; overflow=&#8221;visible&#8221; gradient_direction=&#8221;left_to_right&#8221; overlay_strength=&#8221;0.3&#8243; width=&#8221;1\/3&#8243; tablet_width_inherit=&#8221;default&#8221; animation_type=&#8221;default&#8221; bg_image_animation=&#8221;none&#8221; border_type=&#8221;simple&#8221; column_border_width=&#8221;none&#8221; column_border_style=&#8221;solid&#8221;][image_with_animation image_url=&#8221;9683&#8243; image_size=&#8221;full&#8221; animation_type=&#8221;entrance&#8221; animation=&#8221;Fade In From Bottom&#8221; animation_easing=&#8221;default&#8221; animation_movement_type=&#8221;transform_y&#8221; hover_animation=&#8221;none&#8221; alignment=&#8221;center&#8221; img_link_target=&#8221;_blank&#8221; border_radius=&#8221;15px&#8221; box_shadow=&#8221;medium_depth&#8221; image_loading=&#8221;default&#8221; max_width=&#8221;100%&#8221; max_width_mobile=&#8221;default&#8221; img_link=&#8221;https:\/\/www.integracjasensorycznasi.pl\/&#8221;][divider line_type=&#8221;No Line&#8221; custom_height=&#8221;12&#8243;][nectar_responsive_text inherited_font_style=&#8221;default&#8221; text_direction=&#8221;default&#8221;]\n<p style=\"text-align: center;\"><strong>Chcesz dowiedzie\u0107 si\u0119 wi\u0119cej o integracji sensorycznej? Zajrzyj na nasz\u0105 stron\u0119<\/strong><\/p>\n[\/nectar_responsive_text][\/vc_column_inner][\/vc_row_inner][\/vc_column][\/vc_row]\n","protected":false},"excerpt":{"rendered":"<p>[vc_row type=&#8221;in_container&#8221; full_screen_row_position=&#8221;middle&#8221; column_margin=&#8221;default&#8221; column_direction=&#8221;default&#8221; column_direction_tablet=&#8221;default&#8221; column_direction_phone=&#8221;default&#8221; scene_position=&#8221;center&#8221; text_color=&#8221;dark&#8221; text_align=&#8221;left&#8221; row_border_radius=&#8221;none&#8221; row_border_radius_applies=&#8221;bg&#8221; overflow=&#8221;visible&#8221; overlay_strength=&#8221;0.3&#8243; gradient_direction=&#8221;left_to_right&#8221; shape_divider_position=&#8221;bottom&#8221; bg_image_animation=&#8221;none&#8221; gradient_type=&#8221;default&#8221; shape_type=&#8221;&#8221;][vc_column column_padding=&#8221;no-extra-padding&#8221; column_padding_tablet=&#8221;inherit&#8221; column_padding_phone=&#8221;inherit&#8221; column_padding_position=&#8221;all&#8221; bottom_margin=&#8221;2%&#8221; column_element_direction_desktop=&#8221;default&#8221; column_element_spacing=&#8221;default&#8221; desktop_text_alignment=&#8221;default&#8221; tablet_text_alignment=&#8221;default&#8221; phone_text_alignment=&#8221;default&#8221; background_color_opacity=&#8221;1&#8243;&#8230;<\/p>\n","protected":false},"author":1,"featured_media":9687,"comment_status":"closed","ping_status":"open","sticky":false,"template":"","format":"standard","meta":{"footnotes":""},"categories":[18,5],"tags":[],"yoast_head":"<!-- This site is optimized with the Yoast SEO plugin v21.9.1 - https:\/\/yoast.com\/wordpress\/plugins\/seo\/ -->\n<title>Program rz\u0105dowy Aktywny \u017b\u0142obek - sale sensoryczne 2026<\/title>\n<meta name=\"description\" content=\"Program Aktywny \u017b\u0142obek - sale sensoryczne 2026 | do 80 000 z\u0142 na \u017c\u0142obek | do 60 000 z\u0142 na klub dzieci\u0119cy | do 20 000 z\u0142 na dziennego opiekuna\" \/>\n<meta name=\"robots\" content=\"index, follow, max-snippet:-1, max-image-preview:large, max-video-preview:-1\" \/>\n<link rel=\"canonical\" href=\"https:\/\/mojebambino.pl\/blog\/index.php\/2026\/04\/29\/program-rzadowy-aktywny-zlobek-sale-sensoryczne-2026\/\" \/>\n<meta property=\"og:locale\" content=\"pl_PL\" \/>\n<meta property=\"og:type\" content=\"article\" \/>\n<meta property=\"og:title\" content=\"Program rz\u0105dowy Aktywny \u017b\u0142obek - sale sensoryczne 2026\" \/>\n<meta property=\"og:description\" content=\"Program Aktywny \u017b\u0142obek - sale sensoryczne 2026 | do 80 000 z\u0142 na \u017c\u0142obek | do 60 000 z\u0142 na klub dzieci\u0119cy | do 20 000 z\u0142 na dziennego opiekuna\" \/>\n<meta property=\"og:url\" content=\"https:\/\/mojebambino.pl\/blog\/index.php\/2026\/04\/29\/program-rzadowy-aktywny-zlobek-sale-sensoryczne-2026\/\" \/>\n<meta property=\"og:site_name\" content=\"Blog - porady pedagogiczne\" \/>\n<meta property=\"article:published_time\" content=\"2026-04-29T09:19:59+00:00\" \/>\n<meta property=\"article:modified_time\" content=\"2026-04-29T13:58:43+00:00\" \/>\n<meta property=\"og:image\" content=\"https:\/\/mojebambino.pl\/blog\/wp-content\/uploads\/2026\/04\/WIZ-PSI-MB-0023_a_26-scaled-1.jpg\" \/>\n\t<meta property=\"og:image:width\" content=\"2560\" \/>\n\t<meta property=\"og:image:height\" content=\"1810\" \/>\n\t<meta property=\"og:image:type\" content=\"image\/jpeg\" \/>\n<meta name=\"author\" content=\"Admin\" \/>\n<meta name=\"twitter:card\" content=\"summary_large_image\" \/>\n<meta name=\"twitter:label1\" content=\"Napisane przez\" \/>\n\t<meta name=\"twitter:data1\" content=\"Admin\" \/>\n\t<meta name=\"twitter:label2\" content=\"Szacowany czas czytania\" \/>\n\t<meta name=\"twitter:data2\" content=\"12 minut\" \/>\n<script type=\"application\/ld+json\" class=\"yoast-schema-graph\">{\"@context\":\"https:\/\/schema.org\",\"@graph\":[{\"@type\":\"Article\",\"@id\":\"https:\/\/mojebambino.pl\/blog\/index.php\/2026\/04\/29\/program-rzadowy-aktywny-zlobek-sale-sensoryczne-2026\/#article\",\"isPartOf\":{\"@id\":\"https:\/\/mojebambino.pl\/blog\/index.php\/2026\/04\/29\/program-rzadowy-aktywny-zlobek-sale-sensoryczne-2026\/\"},\"author\":{\"name\":\"Admin\",\"@id\":\"https:\/\/mojebambino.pl\/blog\/#\/schema\/person\/e2a4bb79f7c0584f9660cf0a694b9e2e\"},\"headline\":\"Program rz\u0105dowy Aktywny \u017b\u0142obek \u2013 sale sensoryczne 2026\",\"datePublished\":\"2026-04-29T09:19:59+00:00\",\"dateModified\":\"2026-04-29T13:58:43+00:00\",\"mainEntityOfPage\":{\"@id\":\"https:\/\/mojebambino.pl\/blog\/index.php\/2026\/04\/29\/program-rzadowy-aktywny-zlobek-sale-sensoryczne-2026\/\"},\"wordCount\":6963,\"publisher\":{\"@id\":\"https:\/\/mojebambino.pl\/blog\/#organization\"},\"articleSection\":[\"Aran\u017cacje\",\"\u017b\u0142obek, Przedszkole\"],\"inLanguage\":\"pl-PL\"},{\"@type\":\"WebPage\",\"@id\":\"https:\/\/mojebambino.pl\/blog\/index.php\/2026\/04\/29\/program-rzadowy-aktywny-zlobek-sale-sensoryczne-2026\/\",\"url\":\"https:\/\/mojebambino.pl\/blog\/index.php\/2026\/04\/29\/program-rzadowy-aktywny-zlobek-sale-sensoryczne-2026\/\",\"name\":\"Program rz\u0105dowy Aktywny \u017b\u0142obek - sale sensoryczne 2026\",\"isPartOf\":{\"@id\":\"https:\/\/mojebambino.pl\/blog\/#website\"},\"datePublished\":\"2026-04-29T09:19:59+00:00\",\"dateModified\":\"2026-04-29T13:58:43+00:00\",\"description\":\"Program Aktywny \u017b\u0142obek - sale sensoryczne 2026 | do 80 000 z\u0142 na \u017c\u0142obek | do 60 000 z\u0142 na klub dzieci\u0119cy | do 20 000 z\u0142 na dziennego opiekuna\",\"breadcrumb\":{\"@id\":\"https:\/\/mojebambino.pl\/blog\/index.php\/2026\/04\/29\/program-rzadowy-aktywny-zlobek-sale-sensoryczne-2026\/#breadcrumb\"},\"inLanguage\":\"pl-PL\",\"potentialAction\":[{\"@type\":\"ReadAction\",\"target\":[\"https:\/\/mojebambino.pl\/blog\/index.php\/2026\/04\/29\/program-rzadowy-aktywny-zlobek-sale-sensoryczne-2026\/\"]}]},{\"@type\":\"BreadcrumbList\",\"@id\":\"https:\/\/mojebambino.pl\/blog\/index.php\/2026\/04\/29\/program-rzadowy-aktywny-zlobek-sale-sensoryczne-2026\/#breadcrumb\",\"itemListElement\":[{\"@type\":\"ListItem\",\"position\":1,\"name\":\"Home\",\"item\":\"https:\/\/mojebambino.pl\/blog\/\"},{\"@type\":\"ListItem\",\"position\":2,\"name\":\"Program rz\u0105dowy Aktywny \u017b\u0142obek \u2013 sale sensoryczne 2026\"}]},{\"@type\":\"WebSite\",\"@id\":\"https:\/\/mojebambino.pl\/blog\/#website\",\"url\":\"https:\/\/mojebambino.pl\/blog\/\",\"name\":\"Blog - porady pedagogiczne\",\"description\":\"\",\"publisher\":{\"@id\":\"https:\/\/mojebambino.pl\/blog\/#organization\"},\"potentialAction\":[{\"@type\":\"SearchAction\",\"target\":{\"@type\":\"EntryPoint\",\"urlTemplate\":\"https:\/\/mojebambino.pl\/blog\/?s={search_term_string}\"},\"query-input\":\"required name=search_term_string\"}],\"inLanguage\":\"pl-PL\"},{\"@type\":\"Organization\",\"@id\":\"https:\/\/mojebambino.pl\/blog\/#organization\",\"name\":\"Blog - porady pedagogiczne\",\"url\":\"https:\/\/mojebambino.pl\/blog\/\",\"logo\":{\"@type\":\"ImageObject\",\"inLanguage\":\"pl-PL\",\"@id\":\"https:\/\/mojebambino.pl\/blog\/#\/schema\/logo\/image\/\",\"url\":\"https:\/\/mojebambino.pl\/blog\/wp-content\/uploads\/2024\/11\/cropped-MOJE_BAMBINO_LOGO.png\",\"contentUrl\":\"https:\/\/mojebambino.pl\/blog\/wp-content\/uploads\/2024\/11\/cropped-MOJE_BAMBINO_LOGO.png\",\"width\":248,\"height\":103,\"caption\":\"Blog - porady pedagogiczne\"},\"image\":{\"@id\":\"https:\/\/mojebambino.pl\/blog\/#\/schema\/logo\/image\/\"}},{\"@type\":\"Person\",\"@id\":\"https:\/\/mojebambino.pl\/blog\/#\/schema\/person\/e2a4bb79f7c0584f9660cf0a694b9e2e\",\"name\":\"Admin\",\"image\":{\"@type\":\"ImageObject\",\"inLanguage\":\"pl-PL\",\"@id\":\"https:\/\/mojebambino.pl\/blog\/#\/schema\/person\/image\/\",\"url\":\"https:\/\/secure.gravatar.com\/avatar\/2a8de9e068913ec9a83606ee9d05aed1?s=96&d=mm&r=g\",\"contentUrl\":\"https:\/\/secure.gravatar.com\/avatar\/2a8de9e068913ec9a83606ee9d05aed1?s=96&d=mm&r=g\",\"caption\":\"Admin\"},\"url\":\"https:\/\/mojebambino.pl\/blog\/index.php\/author\/mb_blog\/\"}]}<\/script>\n<!-- \/ Yoast SEO plugin. -->","yoast_head_json":{"title":"Program rz\u0105dowy Aktywny \u017b\u0142obek - sale sensoryczne 2026","description":"Program Aktywny \u017b\u0142obek - sale sensoryczne 2026 | do 80 000 z\u0142 na \u017c\u0142obek | do 60 000 z\u0142 na klub dzieci\u0119cy | do 20 000 z\u0142 na dziennego opiekuna","robots":{"index":"index","follow":"follow","max-snippet":"max-snippet:-1","max-image-preview":"max-image-preview:large","max-video-preview":"max-video-preview:-1"},"canonical":"https:\/\/mojebambino.pl\/blog\/index.php\/2026\/04\/29\/program-rzadowy-aktywny-zlobek-sale-sensoryczne-2026\/","og_locale":"pl_PL","og_type":"article","og_title":"Program rz\u0105dowy Aktywny \u017b\u0142obek - sale sensoryczne 2026","og_description":"Program Aktywny \u017b\u0142obek - sale sensoryczne 2026 | do 80 000 z\u0142 na \u017c\u0142obek | do 60 000 z\u0142 na klub dzieci\u0119cy | do 20 000 z\u0142 na dziennego opiekuna","og_url":"https:\/\/mojebambino.pl\/blog\/index.php\/2026\/04\/29\/program-rzadowy-aktywny-zlobek-sale-sensoryczne-2026\/","og_site_name":"Blog - porady pedagogiczne","article_published_time":"2026-04-29T09:19:59+00:00","article_modified_time":"2026-04-29T13:58:43+00:00","og_image":[{"width":2560,"height":1810,"url":"https:\/\/mojebambino.pl\/blog\/wp-content\/uploads\/2026\/04\/WIZ-PSI-MB-0023_a_26-scaled-1.jpg","type":"image\/jpeg"}],"author":"Admin","twitter_card":"summary_large_image","twitter_misc":{"Napisane przez":"Admin","Szacowany czas czytania":"12 minut"},"schema":{"@context":"https:\/\/schema.org","@graph":[{"@type":"Article","@id":"https:\/\/mojebambino.pl\/blog\/index.php\/2026\/04\/29\/program-rzadowy-aktywny-zlobek-sale-sensoryczne-2026\/#article","isPartOf":{"@id":"https:\/\/mojebambino.pl\/blog\/index.php\/2026\/04\/29\/program-rzadowy-aktywny-zlobek-sale-sensoryczne-2026\/"},"author":{"name":"Admin","@id":"https:\/\/mojebambino.pl\/blog\/#\/schema\/person\/e2a4bb79f7c0584f9660cf0a694b9e2e"},"headline":"Program rz\u0105dowy Aktywny \u017b\u0142obek \u2013 sale sensoryczne 2026","datePublished":"2026-04-29T09:19:59+00:00","dateModified":"2026-04-29T13:58:43+00:00","mainEntityOfPage":{"@id":"https:\/\/mojebambino.pl\/blog\/index.php\/2026\/04\/29\/program-rzadowy-aktywny-zlobek-sale-sensoryczne-2026\/"},"wordCount":6963,"publisher":{"@id":"https:\/\/mojebambino.pl\/blog\/#organization"},"articleSection":["Aran\u017cacje","\u017b\u0142obek, Przedszkole"],"inLanguage":"pl-PL"},{"@type":"WebPage","@id":"https:\/\/mojebambino.pl\/blog\/index.php\/2026\/04\/29\/program-rzadowy-aktywny-zlobek-sale-sensoryczne-2026\/","url":"https:\/\/mojebambino.pl\/blog\/index.php\/2026\/04\/29\/program-rzadowy-aktywny-zlobek-sale-sensoryczne-2026\/","name":"Program rz\u0105dowy Aktywny \u017b\u0142obek - sale sensoryczne 2026","isPartOf":{"@id":"https:\/\/mojebambino.pl\/blog\/#website"},"datePublished":"2026-04-29T09:19:59+00:00","dateModified":"2026-04-29T13:58:43+00:00","description":"Program Aktywny \u017b\u0142obek - sale sensoryczne 2026 | do 80 000 z\u0142 na \u017c\u0142obek | do 60 000 z\u0142 na klub dzieci\u0119cy | do 20 000 z\u0142 na dziennego opiekuna","breadcrumb":{"@id":"https:\/\/mojebambino.pl\/blog\/index.php\/2026\/04\/29\/program-rzadowy-aktywny-zlobek-sale-sensoryczne-2026\/#breadcrumb"},"inLanguage":"pl-PL","potentialAction":[{"@type":"ReadAction","target":["https:\/\/mojebambino.pl\/blog\/index.php\/2026\/04\/29\/program-rzadowy-aktywny-zlobek-sale-sensoryczne-2026\/"]}]},{"@type":"BreadcrumbList","@id":"https:\/\/mojebambino.pl\/blog\/index.php\/2026\/04\/29\/program-rzadowy-aktywny-zlobek-sale-sensoryczne-2026\/#breadcrumb","itemListElement":[{"@type":"ListItem","position":1,"name":"Home","item":"https:\/\/mojebambino.pl\/blog\/"},{"@type":"ListItem","position":2,"name":"Program rz\u0105dowy Aktywny \u017b\u0142obek \u2013 sale sensoryczne 2026"}]},{"@type":"WebSite","@id":"https:\/\/mojebambino.pl\/blog\/#website","url":"https:\/\/mojebambino.pl\/blog\/","name":"Blog - porady pedagogiczne","description":"","publisher":{"@id":"https:\/\/mojebambino.pl\/blog\/#organization"},"potentialAction":[{"@type":"SearchAction","target":{"@type":"EntryPoint","urlTemplate":"https:\/\/mojebambino.pl\/blog\/?s={search_term_string}"},"query-input":"required name=search_term_string"}],"inLanguage":"pl-PL"},{"@type":"Organization","@id":"https:\/\/mojebambino.pl\/blog\/#organization","name":"Blog - porady pedagogiczne","url":"https:\/\/mojebambino.pl\/blog\/","logo":{"@type":"ImageObject","inLanguage":"pl-PL","@id":"https:\/\/mojebambino.pl\/blog\/#\/schema\/logo\/image\/","url":"https:\/\/mojebambino.pl\/blog\/wp-content\/uploads\/2024\/11\/cropped-MOJE_BAMBINO_LOGO.png","contentUrl":"https:\/\/mojebambino.pl\/blog\/wp-content\/uploads\/2024\/11\/cropped-MOJE_BAMBINO_LOGO.png","width":248,"height":103,"caption":"Blog - porady pedagogiczne"},"image":{"@id":"https:\/\/mojebambino.pl\/blog\/#\/schema\/logo\/image\/"}},{"@type":"Person","@id":"https:\/\/mojebambino.pl\/blog\/#\/schema\/person\/e2a4bb79f7c0584f9660cf0a694b9e2e","name":"Admin","image":{"@type":"ImageObject","inLanguage":"pl-PL","@id":"https:\/\/mojebambino.pl\/blog\/#\/schema\/person\/image\/","url":"https:\/\/secure.gravatar.com\/avatar\/2a8de9e068913ec9a83606ee9d05aed1?s=96&d=mm&r=g","contentUrl":"https:\/\/secure.gravatar.com\/avatar\/2a8de9e068913ec9a83606ee9d05aed1?s=96&d=mm&r=g","caption":"Admin"},"url":"https:\/\/mojebambino.pl\/blog\/index.php\/author\/mb_blog\/"}]}},"_links":{"self":[{"href":"https:\/\/mojebambino.pl\/blog\/index.php\/wp-json\/wp\/v2\/posts\/9659"}],"collection":[{"href":"https:\/\/mojebambino.pl\/blog\/index.php\/wp-json\/wp\/v2\/posts"}],"about":[{"href":"https:\/\/mojebambino.pl\/blog\/index.php\/wp-json\/wp\/v2\/types\/post"}],"author":[{"embeddable":true,"href":"https:\/\/mojebambino.pl\/blog\/index.php\/wp-json\/wp\/v2\/users\/1"}],"replies":[{"embeddable":true,"href":"https:\/\/mojebambino.pl\/blog\/index.php\/wp-json\/wp\/v2\/comments?post=9659"}],"version-history":[{"count":20,"href":"https:\/\/mojebambino.pl\/blog\/index.php\/wp-json\/wp\/v2\/posts\/9659\/revisions"}],"predecessor-version":[{"id":9696,"href":"https:\/\/mojebambino.pl\/blog\/index.php\/wp-json\/wp\/v2\/posts\/9659\/revisions\/9696"}],"wp:featuredmedia":[{"embeddable":true,"href":"https:\/\/mojebambino.pl\/blog\/index.php\/wp-json\/wp\/v2\/media\/9687"}],"wp:attachment":[{"href":"https:\/\/mojebambino.pl\/blog\/index.php\/wp-json\/wp\/v2\/media?parent=9659"}],"wp:term":[{"taxonomy":"category","embeddable":true,"href":"https:\/\/mojebambino.pl\/blog\/index.php\/wp-json\/wp\/v2\/categories?post=9659"},{"taxonomy":"post_tag","embeddable":true,"href":"https:\/\/mojebambino.pl\/blog\/index.php\/wp-json\/wp\/v2\/tags?post=9659"}],"curies":[{"name":"wp","href":"https:\/\/api.w.org\/{rel}","templated":true}]}}