{"id":870,"date":"2019-05-09T12:06:09","date_gmt":"2019-05-09T10:06:09","guid":{"rendered":"https:\/\/mojebambino.pl\/blog\/?p=870"},"modified":"2024-12-10T13:41:40","modified_gmt":"2024-12-10T12:41:40","slug":"dzien-mamy-w-przedszkolu-i-szkole","status":"publish","type":"post","link":"https:\/\/mojebambino.pl\/blog\/index.php\/2019\/05\/09\/dzien-mamy-w-przedszkolu-i-szkole\/","title":{"rendered":"Dzie\u0144 mamy w przedszkolu i szkole"},"content":{"rendered":"<h1>Dzie\u0144 Matki obchodzony zawsze 26 maja to jedno z\u00a0wa\u017cniejszych \u015bwi\u0105t w\u00a0ci\u0105gu ca\u0142ego roku<\/h1>\n<p>&nbsp;<\/p>\n<p>To dzie\u0144 kiedy mo\u017cemy pokaza\u0107 jak bardzo kochamy, szanujemy i dzi\u0119kujemy za wszystko naszym rodzicielk\u0105. W szko\u0142ach i przedszkolach r\u00f3wnie\u017c od zawsze intensywnie celebruje si\u0119 ten wyj\u0105tkowy Dzie\u0144. Jest to dzie\u0144 wype\u0142niony kwiatami, samodzielnie wykonywanymi upominkami oraz\u00a0serdecznymi \u017cyczeniami Przedszkolaki obdarowuj\u0105 swoje mamy laurkami, a\u00a0uczniowie w\u0142asnor\u0119cznie wykonanym prezentem. Uroczysto\u015bciom tym towarzysz\u0105 wiersze, piosenki, kwiaty, a wszystko to p\u0142yn\u0105ce prosto z serca.<\/p>\n<p>Samodzielnie tworzenie dekoracji pozwala na nadanie prezentowi indywidualnego charakteru, a otrzymanie takiego prezentu zawsze wywo\u0142uje u rodzic\u00f3w wzruszenie. Dzieci maj\u0105 okazj\u0119 do ca\u0142kiem nowych mo\u017cliwo\u015bci wyra\u017cenia uczucia, w spos\u00f3b tw\u00f3rczy i kreatywny. Na stronie Moje Bambino znajduje si\u0119 specjalna kategoria produkt\u00f3w, kt\u00f3ra zawiera szeroki wachlarz <a href=\"https:\/\/mojebambino.pl\/86\/Artykuly-plastyczne\">ozd\u00f3b i produkt\u00f3w do samodzielnego dekorowania<\/a>, kt\u00f3re wzbogac\u0105 ka\u017cd\u0105 prac\u0119 plastyczn\u0105, a mali arty\u015bci b\u0119d\u0105 mieli niepowtarzaln\u0105 okazj\u0119 do stworzenia dzie\u0142, kt\u00f3re b\u0119d\u0105 mog\u0142y podarowa\u0107 najukocha\u0144szym mamom. W tym miejscu odnajdziecie ca\u0142\u0105 gam\u0119 przedmiot\u00f3w do ozdabiania, w\u015br\u00f3d kt\u00f3rych znajduj\u0105 si\u0119 mi\u0119dzy innymi figurki, ramki, pude\u0142ka, szkatu\u0142ki i doniczki w wielu rozmiarach oraz kszta\u0142tach czy tekstylia do zdobienia farbami.<\/p>\n<p>&nbsp;<\/p>\n<p>Je\u015bli szukacie pomys\u0142u, co mo\u017cecie wykona\u0107 wraz ze swoimi podopiecznymi przedstawiam jedn\u0105 z propozycji: samodzielnie wykonan\u0105 ramk\u0119 na zdj\u0119cia. Do wykonania ramki potrzebujecie tylko kilku produkt\u00f3w, a efekt rozczuli ka\u017cda mam\u0119. Ramk\u0119 wykonujemy z kilku prostych krokach:<\/p>\n<ol>\n<li>Z tektury wycinamy prostok\u0105t o wymiarach 17 x 22cm.<\/li>\n<li>Wewn\u0105trz prostok\u0105ta wycinamy mniejszy o wymiarach 14 x 10cm<\/li>\n<li>Z papieru letnie motywy\u00a0wycinamy ramk\u0119 tej samej wielko\u015bci.<\/li>\n<li>Dekorujemy wed\u0142ug uznania za pomoc\u0105 zestawu papier\u00f3w letnie motywy.<\/li>\n<\/ol>\n<p>&nbsp;<\/p>\n<p><img fetchpriority=\"high\" decoding=\"async\" class=\"alignnone size-full wp-image-872\" src=\"https:\/\/mojebambino.pl\/blog\/wp-content\/uploads\/2019\/05\/ramka-dla-mamy.jpg\" alt=\"\" width=\"600\" height=\"600\" srcset=\"https:\/\/mojebambino.pl\/blog\/wp-content\/uploads\/2019\/05\/ramka-dla-mamy.jpg 600w, https:\/\/mojebambino.pl\/blog\/wp-content\/uploads\/2019\/05\/ramka-dla-mamy-150x150.jpg 150w, https:\/\/mojebambino.pl\/blog\/wp-content\/uploads\/2019\/05\/ramka-dla-mamy-300x300.jpg 300w, https:\/\/mojebambino.pl\/blog\/wp-content\/uploads\/2019\/05\/ramka-dla-mamy-230x230.jpg 230w\" sizes=\"(max-width: 600px) 100vw, 600px\" \/><\/p>\n<p>&nbsp;<\/p>\n<p>Drug\u0105 propozycja jest upominek nieco bardziej u\u017cyteczny, mianowicie drzewko na bi\u017cuteri\u0119. Oczywi\u015bcie r\u00f3wnie\u017c samodzielnie wykonane przez dziecko. Wchodz\u0105c w link odnajdziecie szablon do wydrukowania w celu stworzenia drzewka.<\/p>\n<p>&nbsp;<\/p>\n<p><img decoding=\"async\" class=\"alignnone size-full wp-image-873\" src=\"https:\/\/mojebambino.pl\/blog\/wp-content\/uploads\/2019\/05\/drzewko-na-bizuterie-dla-mamy.jpg\" alt=\"\" width=\"600\" height=\"600\" srcset=\"https:\/\/mojebambino.pl\/blog\/wp-content\/uploads\/2019\/05\/drzewko-na-bizuterie-dla-mamy.jpg 600w, https:\/\/mojebambino.pl\/blog\/wp-content\/uploads\/2019\/05\/drzewko-na-bizuterie-dla-mamy-150x150.jpg 150w, https:\/\/mojebambino.pl\/blog\/wp-content\/uploads\/2019\/05\/drzewko-na-bizuterie-dla-mamy-300x300.jpg 300w, https:\/\/mojebambino.pl\/blog\/wp-content\/uploads\/2019\/05\/drzewko-na-bizuterie-dla-mamy-230x230.jpg 230w\" sizes=\"(max-width: 600px) 100vw, 600px\" \/><\/p>\n<p>\u017byczymy udanej zabawy!<\/p>\n<p>&nbsp;<\/p>\n<p>Opr. Aleksandra Pe\u0142ka: pedagog, animator kultury, kulturoznawca<\/p>\n","protected":false},"excerpt":{"rendered":"<p>Dzie\u0144 Matki obchodzony zawsze 26 maja to jedno z\u00a0wa\u017cniejszych \u015bwi\u0105t w\u00a0ci\u0105gu ca\u0142ego roku &nbsp; To dzie\u0144 kiedy mo\u017cemy pokaza\u0107 jak bardzo kochamy, szanujemy i dzi\u0119kujemy za wszystko naszym rodzicielk\u0105. W&#8230;<\/p>\n","protected":false},"author":4,"featured_media":6677,"comment_status":"closed","ping_status":"closed","sticky":false,"template":"","format":"standard","meta":{"footnotes":""},"categories":[8,12,19,6,15,5],"tags":[],"yoast_head":"<!-- This site is optimized with the Yoast SEO plugin v21.9.1 - https:\/\/yoast.com\/wordpress\/plugins\/seo\/ -->\n<title>Dzie\u0144 mamy w przedszkolu i szkole - Blog - porady pedagogiczne<\/title>\n<meta name=\"robots\" content=\"index, follow, max-snippet:-1, max-image-preview:large, max-video-preview:-1\" \/>\n<link rel=\"canonical\" href=\"https:\/\/mojebambino.pl\/blog\/index.php\/2019\/05\/09\/dzien-mamy-w-przedszkolu-i-szkole\/\" \/>\n<meta property=\"og:locale\" content=\"pl_PL\" \/>\n<meta property=\"og:type\" content=\"article\" \/>\n<meta property=\"og:title\" content=\"Dzie\u0144 mamy w przedszkolu i szkole - Blog - porady pedagogiczne\" \/>\n<meta property=\"og:description\" content=\"Dzie\u0144 Matki obchodzony zawsze 26 maja to jedno z\u00a0wa\u017cniejszych \u015bwi\u0105t w\u00a0ci\u0105gu ca\u0142ego roku &nbsp; To dzie\u0144 kiedy mo\u017cemy pokaza\u0107 jak bardzo kochamy, szanujemy i dzi\u0119kujemy za wszystko naszym rodzicielk\u0105. W...\" \/>\n<meta property=\"og:url\" content=\"https:\/\/mojebambino.pl\/blog\/index.php\/2019\/05\/09\/dzien-mamy-w-przedszkolu-i-szkole\/\" \/>\n<meta property=\"og:site_name\" content=\"Blog - porady pedagogiczne\" \/>\n<meta property=\"article:published_time\" content=\"2019-05-09T10:06:09+00:00\" \/>\n<meta property=\"article:modified_time\" content=\"2024-12-10T12:41:40+00:00\" \/>\n<meta property=\"og:image\" content=\"https:\/\/mojebambino.pl\/blog\/wp-content\/uploads\/2019\/05\/PLA-ROK-0008_b_20.jpg\" \/>\n\t<meta property=\"og:image:width\" content=\"1000\" \/>\n\t<meta property=\"og:image:height\" content=\"1000\" \/>\n\t<meta property=\"og:image:type\" content=\"image\/jpeg\" \/>\n<meta name=\"author\" content=\"Aleksandra Pe\u0142ka\" \/>\n<meta name=\"twitter:card\" content=\"summary_large_image\" \/>\n<meta name=\"twitter:label1\" content=\"Napisane przez\" \/>\n\t<meta name=\"twitter:data1\" content=\"Aleksandra Pe\u0142ka\" \/>\n\t<meta name=\"twitter:label2\" content=\"Szacowany czas czytania\" \/>\n\t<meta name=\"twitter:data2\" content=\"2 minuty\" \/>\n<script type=\"application\/ld+json\" class=\"yoast-schema-graph\">{\"@context\":\"https:\/\/schema.org\",\"@graph\":[{\"@type\":\"Article\",\"@id\":\"https:\/\/mojebambino.pl\/blog\/index.php\/2019\/05\/09\/dzien-mamy-w-przedszkolu-i-szkole\/#article\",\"isPartOf\":{\"@id\":\"https:\/\/mojebambino.pl\/blog\/index.php\/2019\/05\/09\/dzien-mamy-w-przedszkolu-i-szkole\/\"},\"author\":{\"name\":\"Aleksandra Pe\u0142ka\",\"@id\":\"https:\/\/mojebambino.pl\/blog\/#\/schema\/person\/bc7d7e99b4a51ea8a262f28a0bf44834\"},\"headline\":\"Dzie\u0144 mamy w przedszkolu i szkole\",\"datePublished\":\"2019-05-09T10:06:09+00:00\",\"dateModified\":\"2024-12-10T12:41:40+00:00\",\"mainEntityOfPage\":{\"@id\":\"https:\/\/mojebambino.pl\/blog\/index.php\/2019\/05\/09\/dzien-mamy-w-przedszkolu-i-szkole\/\"},\"wordCount\":361,\"publisher\":{\"@id\":\"https:\/\/mojebambino.pl\/blog\/#organization\"},\"articleSection\":[\"Dla ka\u017cdego\",\"Dla rodzic\u00f3w\",\"Inspiracje plastyczne\",\"\u015awietlica\",\"Szko\u0142a\",\"\u017b\u0142obek, Przedszkole\"],\"inLanguage\":\"pl-PL\"},{\"@type\":\"WebPage\",\"@id\":\"https:\/\/mojebambino.pl\/blog\/index.php\/2019\/05\/09\/dzien-mamy-w-przedszkolu-i-szkole\/\",\"url\":\"https:\/\/mojebambino.pl\/blog\/index.php\/2019\/05\/09\/dzien-mamy-w-przedszkolu-i-szkole\/\",\"name\":\"Dzie\u0144 mamy w przedszkolu i szkole - Blog - porady pedagogiczne\",\"isPartOf\":{\"@id\":\"https:\/\/mojebambino.pl\/blog\/#website\"},\"datePublished\":\"2019-05-09T10:06:09+00:00\",\"dateModified\":\"2024-12-10T12:41:40+00:00\",\"breadcrumb\":{\"@id\":\"https:\/\/mojebambino.pl\/blog\/index.php\/2019\/05\/09\/dzien-mamy-w-przedszkolu-i-szkole\/#breadcrumb\"},\"inLanguage\":\"pl-PL\",\"potentialAction\":[{\"@type\":\"ReadAction\",\"target\":[\"https:\/\/mojebambino.pl\/blog\/index.php\/2019\/05\/09\/dzien-mamy-w-przedszkolu-i-szkole\/\"]}]},{\"@type\":\"BreadcrumbList\",\"@id\":\"https:\/\/mojebambino.pl\/blog\/index.php\/2019\/05\/09\/dzien-mamy-w-przedszkolu-i-szkole\/#breadcrumb\",\"itemListElement\":[{\"@type\":\"ListItem\",\"position\":1,\"name\":\"Home\",\"item\":\"https:\/\/mojebambino.pl\/blog\/\"},{\"@type\":\"ListItem\",\"position\":2,\"name\":\"Dzie\u0144 mamy w przedszkolu i szkole\"}]},{\"@type\":\"WebSite\",\"@id\":\"https:\/\/mojebambino.pl\/blog\/#website\",\"url\":\"https:\/\/mojebambino.pl\/blog\/\",\"name\":\"Blog - porady pedagogiczne\",\"description\":\"\",\"publisher\":{\"@id\":\"https:\/\/mojebambino.pl\/blog\/#organization\"},\"potentialAction\":[{\"@type\":\"SearchAction\",\"target\":{\"@type\":\"EntryPoint\",\"urlTemplate\":\"https:\/\/mojebambino.pl\/blog\/?s={search_term_string}\"},\"query-input\":\"required name=search_term_string\"}],\"inLanguage\":\"pl-PL\"},{\"@type\":\"Organization\",\"@id\":\"https:\/\/mojebambino.pl\/blog\/#organization\",\"name\":\"Blog - porady pedagogiczne\",\"url\":\"https:\/\/mojebambino.pl\/blog\/\",\"logo\":{\"@type\":\"ImageObject\",\"inLanguage\":\"pl-PL\",\"@id\":\"https:\/\/mojebambino.pl\/blog\/#\/schema\/logo\/image\/\",\"url\":\"https:\/\/mojebambino.pl\/blog\/wp-content\/uploads\/2024\/11\/cropped-MOJE_BAMBINO_LOGO.png\",\"contentUrl\":\"https:\/\/mojebambino.pl\/blog\/wp-content\/uploads\/2024\/11\/cropped-MOJE_BAMBINO_LOGO.png\",\"width\":248,\"height\":103,\"caption\":\"Blog - porady pedagogiczne\"},\"image\":{\"@id\":\"https:\/\/mojebambino.pl\/blog\/#\/schema\/logo\/image\/\"}},{\"@type\":\"Person\",\"@id\":\"https:\/\/mojebambino.pl\/blog\/#\/schema\/person\/bc7d7e99b4a51ea8a262f28a0bf44834\",\"name\":\"Aleksandra Pe\u0142ka\",\"image\":{\"@type\":\"ImageObject\",\"inLanguage\":\"pl-PL\",\"@id\":\"https:\/\/mojebambino.pl\/blog\/#\/schema\/person\/image\/\",\"url\":\"https:\/\/secure.gravatar.com\/avatar\/901219d8c8ad75f8a1e14c285fcbac6a?s=96&d=mm&r=g\",\"contentUrl\":\"https:\/\/secure.gravatar.com\/avatar\/901219d8c8ad75f8a1e14c285fcbac6a?s=96&d=mm&r=g\",\"caption\":\"Aleksandra Pe\u0142ka\"},\"url\":\"https:\/\/mojebambino.pl\/blog\/index.php\/author\/aleksandra\/\"}]}<\/script>\n<!-- \/ Yoast SEO plugin. -->","yoast_head_json":{"title":"Dzie\u0144 mamy w przedszkolu i szkole - Blog - porady pedagogiczne","robots":{"index":"index","follow":"follow","max-snippet":"max-snippet:-1","max-image-preview":"max-image-preview:large","max-video-preview":"max-video-preview:-1"},"canonical":"https:\/\/mojebambino.pl\/blog\/index.php\/2019\/05\/09\/dzien-mamy-w-przedszkolu-i-szkole\/","og_locale":"pl_PL","og_type":"article","og_title":"Dzie\u0144 mamy w przedszkolu i szkole - Blog - porady pedagogiczne","og_description":"Dzie\u0144 Matki obchodzony zawsze 26 maja to jedno z\u00a0wa\u017cniejszych \u015bwi\u0105t w\u00a0ci\u0105gu ca\u0142ego roku &nbsp; To dzie\u0144 kiedy mo\u017cemy pokaza\u0107 jak bardzo kochamy, szanujemy i dzi\u0119kujemy za wszystko naszym rodzicielk\u0105. W...","og_url":"https:\/\/mojebambino.pl\/blog\/index.php\/2019\/05\/09\/dzien-mamy-w-przedszkolu-i-szkole\/","og_site_name":"Blog - porady pedagogiczne","article_published_time":"2019-05-09T10:06:09+00:00","article_modified_time":"2024-12-10T12:41:40+00:00","og_image":[{"width":1000,"height":1000,"url":"https:\/\/mojebambino.pl\/blog\/wp-content\/uploads\/2019\/05\/PLA-ROK-0008_b_20.jpg","type":"image\/jpeg"}],"author":"Aleksandra Pe\u0142ka","twitter_card":"summary_large_image","twitter_misc":{"Napisane przez":"Aleksandra Pe\u0142ka","Szacowany czas czytania":"2 minuty"},"schema":{"@context":"https:\/\/schema.org","@graph":[{"@type":"Article","@id":"https:\/\/mojebambino.pl\/blog\/index.php\/2019\/05\/09\/dzien-mamy-w-przedszkolu-i-szkole\/#article","isPartOf":{"@id":"https:\/\/mojebambino.pl\/blog\/index.php\/2019\/05\/09\/dzien-mamy-w-przedszkolu-i-szkole\/"},"author":{"name":"Aleksandra Pe\u0142ka","@id":"https:\/\/mojebambino.pl\/blog\/#\/schema\/person\/bc7d7e99b4a51ea8a262f28a0bf44834"},"headline":"Dzie\u0144 mamy w przedszkolu i szkole","datePublished":"2019-05-09T10:06:09+00:00","dateModified":"2024-12-10T12:41:40+00:00","mainEntityOfPage":{"@id":"https:\/\/mojebambino.pl\/blog\/index.php\/2019\/05\/09\/dzien-mamy-w-przedszkolu-i-szkole\/"},"wordCount":361,"publisher":{"@id":"https:\/\/mojebambino.pl\/blog\/#organization"},"articleSection":["Dla ka\u017cdego","Dla rodzic\u00f3w","Inspiracje plastyczne","\u015awietlica","Szko\u0142a","\u017b\u0142obek, Przedszkole"],"inLanguage":"pl-PL"},{"@type":"WebPage","@id":"https:\/\/mojebambino.pl\/blog\/index.php\/2019\/05\/09\/dzien-mamy-w-przedszkolu-i-szkole\/","url":"https:\/\/mojebambino.pl\/blog\/index.php\/2019\/05\/09\/dzien-mamy-w-przedszkolu-i-szkole\/","name":"Dzie\u0144 mamy w przedszkolu i szkole - Blog - porady pedagogiczne","isPartOf":{"@id":"https:\/\/mojebambino.pl\/blog\/#website"},"datePublished":"2019-05-09T10:06:09+00:00","dateModified":"2024-12-10T12:41:40+00:00","breadcrumb":{"@id":"https:\/\/mojebambino.pl\/blog\/index.php\/2019\/05\/09\/dzien-mamy-w-przedszkolu-i-szkole\/#breadcrumb"},"inLanguage":"pl-PL","potentialAction":[{"@type":"ReadAction","target":["https:\/\/mojebambino.pl\/blog\/index.php\/2019\/05\/09\/dzien-mamy-w-przedszkolu-i-szkole\/"]}]},{"@type":"BreadcrumbList","@id":"https:\/\/mojebambino.pl\/blog\/index.php\/2019\/05\/09\/dzien-mamy-w-przedszkolu-i-szkole\/#breadcrumb","itemListElement":[{"@type":"ListItem","position":1,"name":"Home","item":"https:\/\/mojebambino.pl\/blog\/"},{"@type":"ListItem","position":2,"name":"Dzie\u0144 mamy w przedszkolu i szkole"}]},{"@type":"WebSite","@id":"https:\/\/mojebambino.pl\/blog\/#website","url":"https:\/\/mojebambino.pl\/blog\/","name":"Blog - porady pedagogiczne","description":"","publisher":{"@id":"https:\/\/mojebambino.pl\/blog\/#organization"},"potentialAction":[{"@type":"SearchAction","target":{"@type":"EntryPoint","urlTemplate":"https:\/\/mojebambino.pl\/blog\/?s={search_term_string}"},"query-input":"required name=search_term_string"}],"inLanguage":"pl-PL"},{"@type":"Organization","@id":"https:\/\/mojebambino.pl\/blog\/#organization","name":"Blog - porady pedagogiczne","url":"https:\/\/mojebambino.pl\/blog\/","logo":{"@type":"ImageObject","inLanguage":"pl-PL","@id":"https:\/\/mojebambino.pl\/blog\/#\/schema\/logo\/image\/","url":"https:\/\/mojebambino.pl\/blog\/wp-content\/uploads\/2024\/11\/cropped-MOJE_BAMBINO_LOGO.png","contentUrl":"https:\/\/mojebambino.pl\/blog\/wp-content\/uploads\/2024\/11\/cropped-MOJE_BAMBINO_LOGO.png","width":248,"height":103,"caption":"Blog - porady pedagogiczne"},"image":{"@id":"https:\/\/mojebambino.pl\/blog\/#\/schema\/logo\/image\/"}},{"@type":"Person","@id":"https:\/\/mojebambino.pl\/blog\/#\/schema\/person\/bc7d7e99b4a51ea8a262f28a0bf44834","name":"Aleksandra Pe\u0142ka","image":{"@type":"ImageObject","inLanguage":"pl-PL","@id":"https:\/\/mojebambino.pl\/blog\/#\/schema\/person\/image\/","url":"https:\/\/secure.gravatar.com\/avatar\/901219d8c8ad75f8a1e14c285fcbac6a?s=96&d=mm&r=g","contentUrl":"https:\/\/secure.gravatar.com\/avatar\/901219d8c8ad75f8a1e14c285fcbac6a?s=96&d=mm&r=g","caption":"Aleksandra Pe\u0142ka"},"url":"https:\/\/mojebambino.pl\/blog\/index.php\/author\/aleksandra\/"}]}},"_links":{"self":[{"href":"https:\/\/mojebambino.pl\/blog\/index.php\/wp-json\/wp\/v2\/posts\/870"}],"collection":[{"href":"https:\/\/mojebambino.pl\/blog\/index.php\/wp-json\/wp\/v2\/posts"}],"about":[{"href":"https:\/\/mojebambino.pl\/blog\/index.php\/wp-json\/wp\/v2\/types\/post"}],"author":[{"embeddable":true,"href":"https:\/\/mojebambino.pl\/blog\/index.php\/wp-json\/wp\/v2\/users\/4"}],"replies":[{"embeddable":true,"href":"https:\/\/mojebambino.pl\/blog\/index.php\/wp-json\/wp\/v2\/comments?post=870"}],"version-history":[{"count":7,"href":"https:\/\/mojebambino.pl\/blog\/index.php\/wp-json\/wp\/v2\/posts\/870\/revisions"}],"predecessor-version":[{"id":6098,"href":"https:\/\/mojebambino.pl\/blog\/index.php\/wp-json\/wp\/v2\/posts\/870\/revisions\/6098"}],"wp:featuredmedia":[{"embeddable":true,"href":"https:\/\/mojebambino.pl\/blog\/index.php\/wp-json\/wp\/v2\/media\/6677"}],"wp:attachment":[{"href":"https:\/\/mojebambino.pl\/blog\/index.php\/wp-json\/wp\/v2\/media?parent=870"}],"wp:term":[{"taxonomy":"category","embeddable":true,"href":"https:\/\/mojebambino.pl\/blog\/index.php\/wp-json\/wp\/v2\/categories?post=870"},{"taxonomy":"post_tag","embeddable":true,"href":"https:\/\/mojebambino.pl\/blog\/index.php\/wp-json\/wp\/v2\/tags?post=870"}],"curies":[{"name":"wp","href":"https:\/\/api.w.org\/{rel}","templated":true}]}}