{"id":7820,"date":"2025-05-08T10:51:25","date_gmt":"2025-05-08T08:51:25","guid":{"rendered":"https:\/\/mojebambino.pl\/blog\/?p=7820"},"modified":"2025-05-29T13:23:21","modified_gmt":"2025-05-29T11:23:21","slug":"budowanie-pozytywnej-samooceny-ucznia","status":"publish","type":"post","link":"https:\/\/mojebambino.pl\/blog\/index.php\/2025\/05\/08\/budowanie-pozytywnej-samooceny-ucznia\/","title":{"rendered":"Budowanie pozytywnej samooceny ucznia &#8211; jak wspiera\u0107?"},"content":{"rendered":"[vc_row type=&#8221;in_container&#8221; full_screen_row_position=&#8221;middle&#8221; column_margin=&#8221;default&#8221; column_direction=&#8221;default&#8221; column_direction_tablet=&#8221;default&#8221; column_direction_phone=&#8221;default&#8221; scene_position=&#8221;center&#8221; text_color=&#8221;dark&#8221; text_align=&#8221;left&#8221; row_border_radius=&#8221;none&#8221; row_border_radius_applies=&#8221;bg&#8221; overflow=&#8221;visible&#8221; overlay_strength=&#8221;0.3&#8243; gradient_direction=&#8221;left_to_right&#8221; shape_divider_position=&#8221;bottom&#8221; bg_image_animation=&#8221;none&#8221;][vc_column column_padding=&#8221;no-extra-padding&#8221; column_padding_tablet=&#8221;inherit&#8221; column_padding_phone=&#8221;inherit&#8221; column_padding_position=&#8221;all&#8221; column_element_direction_desktop=&#8221;default&#8221; column_element_spacing=&#8221;default&#8221; desktop_text_alignment=&#8221;default&#8221; tablet_text_alignment=&#8221;default&#8221; phone_text_alignment=&#8221;default&#8221; background_color_opacity=&#8221;1&#8243; background_hover_color_opacity=&#8221;1&#8243; column_backdrop_filter=&#8221;none&#8221; column_shadow=&#8221;none&#8221; column_border_radius=&#8221;none&#8221; column_link_target=&#8221;_self&#8221; column_position=&#8221;default&#8221; gradient_direction=&#8221;left_to_right&#8221; overlay_strength=&#8221;0.3&#8243; width=&#8221;1\/1&#8243; tablet_width_inherit=&#8221;default&#8221; animation_type=&#8221;default&#8221; bg_image_animation=&#8221;none&#8221; border_type=&#8221;simple&#8221; column_border_width=&#8221;none&#8221; column_border_style=&#8221;solid&#8221;][vc_column_text css=&#8221;&#8221; text_direction=&#8221;default&#8221;]\n<pre>Spis tre\u015bci:<\/pre>\n<p><strong><a href=\"#1\">1. Czym jest samoocena?<\/a><\/strong><\/p>\n<p><strong><a href=\"#2\">2. Dlaczego samoocena jest wa\u017cna?<\/a><\/strong><\/p>\n<p><strong><a href=\"#3\">3. Jak kszta\u0142tuje si\u0119 samoocena?<\/a><\/strong><\/p>\n<p><strong><a href=\"#4\">4. Czym przejawia si\u0119 niska samoocena u dzieci i m\u0142odzie\u017cy?<\/a><\/strong><\/p>\n<p><strong><a href=\"#5\">5. Jak dochodzi do utrwalenia si\u0119 zani\u017conej samooceny?<\/a><\/strong><\/p>\n<p><strong><a href=\"#6\">6. Czy samoocen\u0119 mo\u017cna zmieni\u0107?<\/a><\/strong><\/p>\n<p><strong><a href=\"#7\">7. Jak nauczyciele mog\u0105 wspiera\u0107 budowanie pozytywnej samooceny ucznia, zwi\u0119ksza\u0107 ich poczucie w\u0142asnej warto\u015bci?<\/a><\/strong><\/p>\n<p><strong><a href=\"#8\">8. Jak efektywnie chwali\u0107?<\/a><\/strong><\/p>\n<p><strong><a href=\"#9\">9. Przyk\u0142adowe \u0107wiczenia wzmacniaj\u0105ce samoocen\u0119.<\/a><\/strong>[\/vc_column_text][\/vc_column][\/vc_row][vc_row type=&#8221;in_container&#8221; full_screen_row_position=&#8221;middle&#8221; column_margin=&#8221;default&#8221; column_direction=&#8221;default&#8221; column_direction_tablet=&#8221;default&#8221; column_direction_phone=&#8221;default&#8221; scene_position=&#8221;center&#8221; text_color=&#8221;dark&#8221; text_align=&#8221;left&#8221; row_border_radius=&#8221;none&#8221; row_border_radius_applies=&#8221;bg&#8221; overflow=&#8221;visible&#8221; id=&#8221;1&#8243; overlay_strength=&#8221;0.3&#8243; gradient_direction=&#8221;left_to_right&#8221; shape_divider_position=&#8221;bottom&#8221; bg_image_animation=&#8221;none&#8221; gradient_type=&#8221;default&#8221; shape_type=&#8221;&#8221;][vc_column column_padding=&#8221;padding-3-percent&#8221; column_padding_tablet=&#8221;inherit&#8221; column_padding_phone=&#8221;inherit&#8221; column_padding_position=&#8221;top&#8221; column_element_direction_desktop=&#8221;default&#8221; column_element_spacing=&#8221;default&#8221; desktop_text_alignment=&#8221;default&#8221; tablet_text_alignment=&#8221;default&#8221; phone_text_alignment=&#8221;default&#8221; background_color_opacity=&#8221;1&#8243; background_hover_color_opacity=&#8221;1&#8243; column_backdrop_filter=&#8221;none&#8221; column_shadow=&#8221;none&#8221; column_border_radius=&#8221;none&#8221; column_link_target=&#8221;_self&#8221; column_position=&#8221;default&#8221; gradient_direction=&#8221;left_to_right&#8221; overlay_strength=&#8221;0.3&#8243; width=&#8221;1\/1&#8243; tablet_width_inherit=&#8221;default&#8221; animation_type=&#8221;default&#8221; bg_image_animation=&#8221;none&#8221; border_type=&#8221;simple&#8221; column_border_width=&#8221;none&#8221; column_border_style=&#8221;solid&#8221; column_padding_type=&#8221;default&#8221; gradient_type=&#8221;default&#8221;][image_with_animation image_url=&#8221;8198&#8243; image_size=&#8221;medium_large&#8221; animation_type=&#8221;entrance&#8221; animation=&#8221;None&#8221; animation_movement_type=&#8221;transform_y&#8221; hover_animation=&#8221;none&#8221; alignment=&#8221;center&#8221; img_link_target=&#8221;_blank&#8221; border_radius=&#8221;5px&#8221; box_shadow=&#8221;medium_depth&#8221; image_loading=&#8221;default&#8221; max_width=&#8221;100%&#8221; max_width_mobile=&#8221;default&#8221; img_link=&#8221;https:\/\/mojebambino.pl\/1129682\/Ruletka-samooceny\/451175&#8243;][divider line_type=&#8221;No Line&#8221; custom_height=&#8221;15&#8243;][split_line_heading animation_type=&#8221;default&#8221; text_direction=&#8221;default&#8221;]\n<h2><strong>Czym jest samoocena?<\/strong><\/h2>\n[\/split_line_heading][nectar_responsive_text inherited_font_style=&#8221;default&#8221; text_direction=&#8221;default&#8221;]<strong>Samoocena<\/strong>\u00a0to spos\u00f3b, w jaki widzimy siebie, opinia, jak\u0105 posiadany o sobie. S\u0105 to <strong>przekonania na temat w\u0142asnego zachowania, umiej\u0119tno\u015bci, mo\u017cliwo\u015bci intelektualnych, \u00a0wygl\u0105du zewn\u0119trznego, relacji z innymi<\/strong>. Jest to proces d\u0142ugotrwa\u0142y, ale najwa\u017cniejszy jego etap przypada na okres dzieci\u0144stwa i dorastania, dlatego tak istotne staje si\u0119 <strong data-start=\"581\" data-end=\"622\">budowanie pozytywnej samooceny ucznia<\/strong> ju\u017c od najm\u0142odszych lat. Budujemy j\u0105 w oparciu komunikaty, jakie dostajemy od innych ludzi, ale i na podstawie w\u0142asnych przemy\u015ble\u0144 i obserwacji.<\/p>\n<p>Samoocena kszta\u0142tuje si\u0119 od najm\u0142odszych lat i <strong>stale ulega zmianom<\/strong>. U dzieci w okresie przedszkolnym i wczesnoszkolnym rozwojowo jest ona zawy\u017cona. Maluchy cz\u0119sto przeceniaj\u0105 swoje mo\u017cliwo\u015bci, widz\u0105 si\u0119 takimi, jakie chcia\u0142yby by\u0107. Maj\u0105 trudno\u015b\u0107 z braniem odpowiedzialno\u015bci za niepowodzenia, cz\u0119sto zrzucaj\u0105 win\u0119 na innych.<\/p>\n<p><strong>Wraz z wiekiem dzieci zaczynaj\u0105 patrze\u0107 na siebie bardziej realistycznie.<\/strong> Zaczynaj\u0105 dostrzega\u0107 i pozytywne i negatywne cechy swoich zachowa\u0144. W okresie nastoletnim ich krytycyzm wobec siebie wzrasta, cz\u0119sto nadmiernie \u2013 por\u00f3wnuj\u0105 si\u0119 do innych, najcz\u0119\u015bciej na niekorzy\u015b\u0107 siebie.[\/nectar_responsive_text][\/vc_column][\/vc_row][vc_row type=&#8221;in_container&#8221; full_screen_row_position=&#8221;middle&#8221; column_margin=&#8221;default&#8221; column_direction=&#8221;default&#8221; column_direction_tablet=&#8221;default&#8221; column_direction_phone=&#8221;default&#8221; scene_position=&#8221;center&#8221; text_color=&#8221;dark&#8221; text_align=&#8221;left&#8221; row_border_radius=&#8221;none&#8221; row_border_radius_applies=&#8221;bg&#8221; overflow=&#8221;visible&#8221; id=&#8221;2&#8243; overlay_strength=&#8221;0.3&#8243; gradient_direction=&#8221;left_to_right&#8221; shape_divider_position=&#8221;bottom&#8221; bg_image_animation=&#8221;none&#8221; gradient_type=&#8221;default&#8221; shape_type=&#8221;&#8221;][vc_column column_padding=&#8221;padding-2-percent&#8221; column_padding_tablet=&#8221;inherit&#8221; column_padding_phone=&#8221;inherit&#8221; column_padding_position=&#8221;top&#8221; column_element_direction_desktop=&#8221;default&#8221; column_element_spacing=&#8221;default&#8221; desktop_text_alignment=&#8221;default&#8221; tablet_text_alignment=&#8221;default&#8221; phone_text_alignment=&#8221;default&#8221; background_color_opacity=&#8221;1&#8243; background_hover_color_opacity=&#8221;1&#8243; column_backdrop_filter=&#8221;none&#8221; column_shadow=&#8221;none&#8221; column_border_radius=&#8221;none&#8221; column_link_target=&#8221;_self&#8221; column_position=&#8221;default&#8221; gradient_direction=&#8221;left_to_right&#8221; overlay_strength=&#8221;0.3&#8243; width=&#8221;1\/1&#8243; tablet_width_inherit=&#8221;default&#8221; animation_type=&#8221;default&#8221; bg_image_animation=&#8221;none&#8221; border_type=&#8221;simple&#8221; column_border_width=&#8221;none&#8221; column_border_style=&#8221;solid&#8221; column_padding_type=&#8221;default&#8221; gradient_type=&#8221;default&#8221;][split_line_heading animation_type=&#8221;default&#8221; text_direction=&#8221;default&#8221;]\n<h2><strong>Dlaczego samoocena jest wa\u017cna?<\/strong><\/h2>\n[\/split_line_heading][nectar_responsive_text inherited_font_style=&#8221;default&#8221; text_direction=&#8221;default&#8221;]<strong data-start=\"467\" data-end=\"508\">Budowanie pozytywnej samooceny ucznia<\/strong> oznacza wspieranie go w odkrywaniu w\u0142asnych mocnych stron i akceptacji s\u0142abo\u015bci.<\/p>\n<p>Posiadanie pozytywnej samooceny oznacza, \u017ce <strong>dziecko ma poczucie w\u0142asnej warto\u015bci, zna swoje mocne strony, dostrzega swoje wady<\/strong>. Staraj\u0105c si\u0119 jednocze\u015bnie je akceptowa\u0107 lub pracowa\u0107 nad nimi.<\/p>\n<p>Niska samoocena u dzieci i m\u0142odzie\u017cy nie jest zaburzeniem w uj\u0119ciu medycznym. Ma ona jednak olbrzymie znaczenie w adaptowaniu si\u0119 do wyzwa\u0144 zwi\u0105zanych z dorastaniem. To jak m\u0142odzi ludzie widz\u0105 swoj\u0105 warto\u015b\u0107 wp\u0142ywa na ich codzienne funkcjonowanie oraz realizowane cele dlatego tak wa\u017cne jest wsparcie w budowaniu pozytywnej samooceny ucznia.<\/p>\n<p>Decyduje ono w znacznym stopniu o tym, jaki maj\u0105 stosunek do siebie samych, do innych ludzi oraz do otaczaj\u0105cej rzeczywisto\u015bci.[\/nectar_responsive_text][\/vc_column][\/vc_row][vc_row type=&#8221;in_container&#8221; full_screen_row_position=&#8221;middle&#8221; column_margin=&#8221;default&#8221; column_direction=&#8221;default&#8221; column_direction_tablet=&#8221;default&#8221; column_direction_phone=&#8221;default&#8221; scene_position=&#8221;center&#8221; text_color=&#8221;dark&#8221; text_align=&#8221;left&#8221; row_border_radius=&#8221;none&#8221; row_border_radius_applies=&#8221;bg&#8221; overflow=&#8221;visible&#8221; id=&#8221;3&#8243; overlay_strength=&#8221;0.3&#8243; gradient_direction=&#8221;left_to_right&#8221; shape_divider_position=&#8221;bottom&#8221; bg_image_animation=&#8221;none&#8221; gradient_type=&#8221;default&#8221; shape_type=&#8221;&#8221;][vc_column column_padding=&#8221;padding-3-percent&#8221; column_padding_tablet=&#8221;inherit&#8221; column_padding_phone=&#8221;inherit&#8221; column_padding_position=&#8221;top&#8221; column_element_direction_desktop=&#8221;default&#8221; column_element_spacing=&#8221;default&#8221; desktop_text_alignment=&#8221;default&#8221; tablet_text_alignment=&#8221;default&#8221; phone_text_alignment=&#8221;default&#8221; background_color_opacity=&#8221;1&#8243; background_hover_color_opacity=&#8221;1&#8243; column_backdrop_filter=&#8221;none&#8221; column_shadow=&#8221;none&#8221; column_border_radius=&#8221;none&#8221; column_link_target=&#8221;_self&#8221; column_position=&#8221;default&#8221; gradient_direction=&#8221;left_to_right&#8221; overlay_strength=&#8221;0.3&#8243; width=&#8221;1\/1&#8243; tablet_width_inherit=&#8221;default&#8221; animation_type=&#8221;default&#8221; bg_image_animation=&#8221;none&#8221; border_type=&#8221;simple&#8221; column_border_width=&#8221;none&#8221; column_border_style=&#8221;solid&#8221; column_padding_type=&#8221;default&#8221; gradient_type=&#8221;default&#8221;][split_line_heading animation_type=&#8221;default&#8221; text_direction=&#8221;default&#8221;]\n<h2><strong>Jak kszta\u0142tuje si\u0119 samoocena?<\/strong><\/h2>\n[\/split_line_heading][nectar_responsive_text inherited_font_style=&#8221;default&#8221; text_direction=&#8221;default&#8221;]Podstawowym \u017ar\u00f3d\u0142em powstawania samooceny jest mniej lub bardziej \u015bwiadomie obserwowanie samego siebie spos\u00f3b, w jaki my\u015blimy o swoich sukcesach i niepowodzeniach.<\/p>\n<p>Drugie wa\u017cne \u017ar\u00f3d\u0142o tworzenia obrazu siebie stanowi otoczenie \u2013 komunikaty odbierane od rodzic\u00f3w, nauczycieli, r\u00f3wie\u015bnik\u00f3w.<\/p>\n<p>Do\u015bwiadczenia zdobywane w pierwszych latach \u017cycia decyduj\u0105 o tym, czy dziecko b\u0119dzie pewne siebie i swoich mo\u017cliwo\u015bci. Je\u015bli otrzymuje pozytywne informacje o sobie, czuje si\u0119 wa\u017cne, akceptowane, to buduje pozytywny obraz siebie. Istotne jest r\u00f3wnie\u017c <strong>stawianie dziecku wymaga\u0144 adekwatnych do jego mo\u017cliwo\u015bci<\/strong> oraz wspieranie w poznawaniu w\u0142asnych granic, rozpoznawaniu i respektowaniu granic innych. W istocie wszystkie dzia\u0142ania, kt\u00f3re wspieraj\u0105\u00a0w budowaniu pozytywnej samooceny ucznia.[\/nectar_responsive_text][\/vc_column][\/vc_row][vc_row type=&#8221;in_container&#8221; full_screen_row_position=&#8221;middle&#8221; column_margin=&#8221;default&#8221; column_direction=&#8221;default&#8221; column_direction_tablet=&#8221;default&#8221; column_direction_phone=&#8221;default&#8221; scene_position=&#8221;center&#8221; text_color=&#8221;dark&#8221; text_align=&#8221;left&#8221; row_border_radius=&#8221;none&#8221; row_border_radius_applies=&#8221;bg&#8221; overflow=&#8221;visible&#8221; overlay_strength=&#8221;0.3&#8243; gradient_direction=&#8221;left_to_right&#8221; shape_divider_position=&#8221;bottom&#8221; bg_image_animation=&#8221;none&#8221;][vc_column column_padding=&#8221;padding-5-percent&#8221; column_padding_tablet=&#8221;inherit&#8221; column_padding_phone=&#8221;inherit&#8221; column_padding_position=&#8221;right&#8221; top_margin=&#8221;15&#8243; column_element_direction_desktop=&#8221;default&#8221; column_element_spacing=&#8221;default&#8221; desktop_text_alignment=&#8221;default&#8221; tablet_text_alignment=&#8221;default&#8221; phone_text_alignment=&#8221;default&#8221; background_color_opacity=&#8221;1&#8243; background_hover_color_opacity=&#8221;1&#8243; column_backdrop_filter=&#8221;none&#8221; column_shadow=&#8221;none&#8221; column_border_radius=&#8221;none&#8221; column_link_target=&#8221;_self&#8221; column_position=&#8221;default&#8221; gradient_direction=&#8221;left_to_right&#8221; overlay_strength=&#8221;0.3&#8243; width=&#8221;1\/2&#8243; tablet_width_inherit=&#8221;default&#8221; animation_type=&#8221;default&#8221; bg_image_animation=&#8221;none&#8221; border_type=&#8221;simple&#8221; column_border_width=&#8221;none&#8221; column_border_style=&#8221;solid&#8221; column_padding_type=&#8221;default&#8221; gradient_type=&#8221;default&#8221;][nectar_responsive_text inherited_font_style=&#8221;default&#8221; text_direction=&#8221;default&#8221;]<strong>Na kszta\u0142towanie si\u0119 samooceny wp\u0142ywa ponadto obraz siebie posiadany przez \u00a0rodzic\u00f3w<\/strong> \u2013 dzieci ucz\u0105 si\u0119 przez modelowanie i na\u015bladownictwo. Rodzice wypowiadaj\u0105cy si\u0119 negatywnie o sobie, niedoceniaj\u0105cy swych osi\u0105gni\u0119\u0107, krytycznie podchodz\u0105cy do niepowodze\u0144, nie\u015bwiadomie, wzmacniaj\u0105 podobne zachowania u swoich dzieci.[\/nectar_responsive_text][nectar_responsive_text inherited_font_style=&#8221;default&#8221; text_direction=&#8221;default&#8221;]Bardzo du\u017ce znaczenie w tworzeniu oraz budowaniu pozytywnej samooceny ucznia odgrywa szko\u0142a. Wa\u017cne s\u0105 informacje, jakie dziecko otrzymuje od nauczycieli. To nauczyciele koryguj\u0105 negatywne wypowiedzi dzieci na w\u0142asny temat, tworz\u0105 swoim podopiecznym mo\u017cliwo\u015b\u0107 wsp\u00f3\u0142pracowania w grupie, do\u015bwiadczania sukces\u00f3w. <strong>Niezwykle istotny pozostaje wp\u0142yw r\u00f3wie\u015bnik\u00f3w<\/strong> &#8211; to czy ucze\u0144 jest lubiany i akceptowany w klasie, ma przyjaci\u00f3\u0142, czuje si\u0119 bezpiecznie. To wszystko decyduje o tym, jak my\u015bli o sobie.[\/nectar_responsive_text][\/vc_column][vc_column column_padding=&#8221;padding-1-percent&#8221; column_padding_tablet=&#8221;inherit&#8221; column_padding_phone=&#8221;inherit&#8221; column_padding_position=&#8221;top&#8221; column_element_direction_desktop=&#8221;default&#8221; column_element_spacing=&#8221;default&#8221; desktop_text_alignment=&#8221;default&#8221; tablet_text_alignment=&#8221;default&#8221; phone_text_alignment=&#8221;default&#8221; background_color_opacity=&#8221;1&#8243; background_hover_color_opacity=&#8221;1&#8243; column_backdrop_filter=&#8221;none&#8221; column_shadow=&#8221;none&#8221; column_border_radius=&#8221;none&#8221; column_link_target=&#8221;_self&#8221; column_position=&#8221;default&#8221; gradient_direction=&#8221;left_to_right&#8221; overlay_strength=&#8221;0.3&#8243; width=&#8221;1\/2&#8243; tablet_width_inherit=&#8221;default&#8221; animation_type=&#8221;default&#8221; bg_image_animation=&#8221;none&#8221; border_type=&#8221;simple&#8221; column_border_width=&#8221;none&#8221; column_border_style=&#8221;solid&#8221; column_padding_type=&#8221;default&#8221; gradient_type=&#8221;default&#8221;][image_with_animation image_url=&#8221;7788&#8243; image_size=&#8221;medium_large&#8221; animation_type=&#8221;entrance&#8221; animation=&#8221;None&#8221; animation_movement_type=&#8221;transform_y&#8221; hover_animation=&#8221;none&#8221; alignment=&#8221;&#8221; img_link_target=&#8221;_blank&#8221; border_radius=&#8221;5px&#8221; box_shadow=&#8221;medium_depth&#8221; image_loading=&#8221;default&#8221; max_width=&#8221;100%&#8221; max_width_mobile=&#8221;default&#8221; img_link=&#8221;https:\/\/mojebambino.pl\/161\/Rozwoj-emocjonalny-i-spoleczny&#8221; margin_top=&#8221;50&#8243;][\/vc_column][\/vc_row][vc_row type=&#8221;in_container&#8221; full_screen_row_position=&#8221;middle&#8221; column_margin=&#8221;default&#8221; column_direction=&#8221;default&#8221; column_direction_tablet=&#8221;default&#8221; column_direction_phone=&#8221;default&#8221; scene_position=&#8221;center&#8221; text_color=&#8221;dark&#8221; text_align=&#8221;left&#8221; row_border_radius=&#8221;none&#8221; row_border_radius_applies=&#8221;bg&#8221; overflow=&#8221;visible&#8221; overlay_strength=&#8221;0.3&#8243; gradient_direction=&#8221;left_to_right&#8221; shape_divider_position=&#8221;bottom&#8221; bg_image_animation=&#8221;none&#8221;][vc_column column_padding=&#8221;no-extra-padding&#8221; column_padding_tablet=&#8221;inherit&#8221; column_padding_phone=&#8221;inherit&#8221; column_padding_position=&#8221;all&#8221; column_element_direction_desktop=&#8221;default&#8221; column_element_spacing=&#8221;default&#8221; desktop_text_alignment=&#8221;default&#8221; tablet_text_alignment=&#8221;default&#8221; phone_text_alignment=&#8221;default&#8221; background_color_opacity=&#8221;1&#8243; background_hover_color_opacity=&#8221;1&#8243; column_backdrop_filter=&#8221;none&#8221; column_shadow=&#8221;none&#8221; column_border_radius=&#8221;none&#8221; column_link_target=&#8221;_self&#8221; column_position=&#8221;default&#8221; gradient_direction=&#8221;left_to_right&#8221; overlay_strength=&#8221;0.3&#8243; width=&#8221;1\/1&#8243; tablet_width_inherit=&#8221;default&#8221; animation_type=&#8221;default&#8221; bg_image_animation=&#8221;none&#8221; border_type=&#8221;simple&#8221; column_border_width=&#8221;none&#8221; column_border_style=&#8221;solid&#8221;][\/vc_column][\/vc_row][vc_row type=&#8221;full_width_background&#8221; full_screen_row_position=&#8221;middle&#8221; column_margin=&#8221;default&#8221; column_direction=&#8221;default&#8221; column_direction_tablet=&#8221;default&#8221; column_direction_phone=&#8221;default&#8221; bg_color=&#8221;#f0f2f6&#8243; scene_position=&#8221;center&#8221; text_color=&#8221;dark&#8221; text_align=&#8221;left&#8221; row_border_radius=&#8221;none&#8221; row_border_radius_applies=&#8221;bg&#8221; overflow=&#8221;visible&#8221; id=&#8221;4&#8243; overlay_strength=&#8221;0.3&#8243; gradient_direction=&#8221;left_to_right&#8221; shape_divider_position=&#8221;bottom&#8221; bg_image_animation=&#8221;none&#8221; gradient_type=&#8221;default&#8221; shape_type=&#8221;&#8221;][vc_column column_padding=&#8221;padding-3-percent&#8221; column_padding_tablet=&#8221;inherit&#8221; column_padding_phone=&#8221;inherit&#8221; column_padding_position=&#8221;top-bottom&#8221; column_element_direction_desktop=&#8221;default&#8221; column_element_spacing=&#8221;default&#8221; desktop_text_alignment=&#8221;default&#8221; tablet_text_alignment=&#8221;default&#8221; phone_text_alignment=&#8221;default&#8221; background_color_opacity=&#8221;1&#8243; background_hover_color_opacity=&#8221;1&#8243; column_backdrop_filter=&#8221;none&#8221; column_shadow=&#8221;none&#8221; column_border_radius=&#8221;none&#8221; column_link_target=&#8221;_self&#8221; column_position=&#8221;default&#8221; gradient_direction=&#8221;left_to_right&#8221; overlay_strength=&#8221;0.3&#8243; width=&#8221;1\/1&#8243; tablet_width_inherit=&#8221;default&#8221; animation_type=&#8221;default&#8221; bg_image_animation=&#8221;none&#8221; border_type=&#8221;simple&#8221; column_border_width=&#8221;none&#8221; column_border_style=&#8221;solid&#8221; column_padding_type=&#8221;default&#8221; gradient_type=&#8221;default&#8221;][split_line_heading animation_type=&#8221;default&#8221; text_direction=&#8221;default&#8221;]\n<h2><strong>Czym przejawia si\u0119 niska samoocena u dzieci i m\u0142odzie\u017cy?<\/strong><\/h2>\n[\/split_line_heading][vc_row_inner column_margin=&#8221;default&#8221; column_direction=&#8221;default&#8221; column_direction_tablet=&#8221;default&#8221; column_direction_phone=&#8221;default&#8221; text_align=&#8221;left&#8221; row_position=&#8221;default&#8221; row_position_tablet=&#8221;inherit&#8221; row_position_phone=&#8221;inherit&#8221; overflow=&#8221;visible&#8221; pointer_events=&#8221;all&#8221;][vc_column_inner column_padding=&#8221;padding-2-percent&#8221; column_padding_tablet=&#8221;inherit&#8221; column_padding_phone=&#8221;inherit&#8221; column_padding_position=&#8221;all&#8221; column_element_direction_desktop=&#8221;default&#8221; column_element_spacing=&#8221;default&#8221; desktop_text_alignment=&#8221;default&#8221; tablet_text_alignment=&#8221;default&#8221; phone_text_alignment=&#8221;default&#8221; background_color=&#8221;#ffffff&#8221; background_color_opacity=&#8221;1&#8243; background_hover_color_opacity=&#8221;1&#8243; column_backdrop_filter=&#8221;none&#8221; column_shadow=&#8221;none&#8221; column_border_radius=&#8221;5px&#8221; column_link_target=&#8221;_self&#8221; overflow=&#8221;visible&#8221; gradient_direction=&#8221;left_to_right&#8221; overlay_strength=&#8221;0.3&#8243; width=&#8221;1\/2&#8243; tablet_width_inherit=&#8221;default&#8221; animation_type=&#8221;default&#8221; bg_image_animation=&#8221;none&#8221; border_type=&#8221;simple&#8221; column_border_width=&#8221;none&#8221; column_border_style=&#8221;solid&#8221; column_padding_type=&#8221;default&#8221; gradient_type=&#8221;default&#8221;][nectar_responsive_text inherited_font_style=&#8221;default&#8221; text_direction=&#8221;default&#8221;]<strong>U dzieci<\/strong> z zani\u017con\u0105 samoocen\u0105 bardzo cz\u0119sto obserwujemy:<\/p>\n<ul>\n<li>ma\u0142o pozytywnych wypowiedzi na sw\u00f3j temat,<\/li>\n<li>nasilony samokrytycyzm, tendencje do opisywania siebie przy pomocy negatywnych okre\u015ble\u0144 (np. <em>jestem g\u0142upi<\/em>),<\/li>\n<li>niepewno\u015b\u0107 siebie przy podejmowaniu dzia\u0142a\u0144,<\/li>\n<li>nie\u015bmia\u0142o\u015b\u0107,<\/li>\n<li>unikanie sytuacji postrzeganych jako trudne,<\/li>\n<li>uznawania zada\u0144 za niemo\u017cliwe do wykonania,<\/li>\n<li>niech\u0119\u0107 do udzia\u0142u w przedstawieniach,<\/li>\n<li>reagowanie z\u0142o\u015bci\u0105 na pochwa\u0142y.<\/li>\n<\/ul>\n[\/nectar_responsive_text][image_with_animation image_url=&#8221;7792&#8243; image_size=&#8221;medium&#8221; animation_type=&#8221;entrance&#8221; animation=&#8221;None&#8221; animation_movement_type=&#8221;transform_y&#8221; hover_animation=&#8221;none&#8221; alignment=&#8221;&#8221; img_link_target=&#8221;_blank&#8221; border_radius=&#8221;5px&#8221; box_shadow=&#8221;medium_depth&#8221; image_loading=&#8221;default&#8221; max_width=&#8221;110%&#8221; max_width_mobile=&#8221;default&#8221; img_link=&#8221;https:\/\/mojebambino.pl\/1117178\/Pudelko-na-smutki\/199309&#8243;][\/vc_column_inner][vc_column_inner column_padding=&#8221;padding-2-percent&#8221; column_padding_tablet=&#8221;inherit&#8221; column_padding_phone=&#8221;inherit&#8221; column_padding_position=&#8221;all&#8221; column_element_direction_desktop=&#8221;default&#8221; column_element_spacing=&#8221;default&#8221; desktop_text_alignment=&#8221;default&#8221; tablet_text_alignment=&#8221;default&#8221; phone_text_alignment=&#8221;default&#8221; background_color=&#8221;#ffffff&#8221; background_color_opacity=&#8221;1&#8243; background_hover_color_opacity=&#8221;1&#8243; column_backdrop_filter=&#8221;none&#8221; column_shadow=&#8221;none&#8221; column_border_radius=&#8221;5px&#8221; column_link_target=&#8221;_self&#8221; overflow=&#8221;visible&#8221; gradient_direction=&#8221;left_to_right&#8221; overlay_strength=&#8221;0.3&#8243; width=&#8221;1\/2&#8243; tablet_width_inherit=&#8221;default&#8221; animation_type=&#8221;default&#8221; bg_image_animation=&#8221;none&#8221; border_type=&#8221;simple&#8221; column_border_width=&#8221;none&#8221; column_border_style=&#8221;solid&#8221; column_padding_type=&#8221;default&#8221; gradient_type=&#8221;default&#8221;][nectar_responsive_text inherited_font_style=&#8221;default&#8221; text_direction=&#8221;default&#8221;]<strong>U nastolatk\u00f3w<\/strong> niskie poczucie w\u0142asnej warto\u015bci przejawia si\u0119:<\/p>\n<ul>\n<li>brakiem lub s\u0142ab\u0105 umiej\u0119tno\u015bci\u0105 pozytywnego my\u015blenia o sobie, wiary we w\u0142asne mo\u017cliwo\u015bci,<\/li>\n<li>wyst\u0119powaniem zniekszta\u0142ce\u0144 poznawczych w ocenianiu siebie i rzeczywisto\u015bci,<\/li>\n<li>negatywnym wypowiadaniem si\u0119 o sobie,<\/li>\n<li>sk\u0142onno\u015bci\u0105 do por\u00f3wnywania si\u0119 do innych (na niekorzy\u015b\u0107 siebie),<\/li>\n<li>utrzymywaniem si\u0119 poczucia bycia gorszym, ma\u0142o atrakcyjnym,<\/li>\n<li>nieumiej\u0119tno\u015bci\u0105 przyjmowania komplement\u00f3w,<\/li>\n<li>stawianiem sobie cel\u00f3w poni\u017cej swoich mo\u017cliwo\u015bci,<\/li>\n<li>odczuwaniem obaw w sytuacjach spo\u0142ecznych, wycofywaniem si\u0119 z relacji (<em>nie jestem do\u015b\u0107 dobry, by by\u0107 z nimi<\/em>).<\/li>\n<li>l\u0119kiem przed wyst\u0105pieniami na forum klasy, odpowiedziami ustnymi,<\/li>\n<li>nisk\u0105 asertywno\u015bci\u0105 (z obawy przed odrzuceniem),<\/li>\n<li>dra\u017cliwo\u015bci\u0105,<\/li>\n<li>samookaleczaniem si\u0119.<\/li>\n<\/ul>\n[\/nectar_responsive_text][\/vc_column_inner][\/vc_row_inner][\/vc_column][\/vc_row][vc_row type=&#8221;in_container&#8221; full_screen_row_position=&#8221;middle&#8221; column_margin=&#8221;default&#8221; column_direction=&#8221;default&#8221; column_direction_tablet=&#8221;default&#8221; column_direction_phone=&#8221;default&#8221; scene_position=&#8221;center&#8221; text_color=&#8221;dark&#8221; text_align=&#8221;left&#8221; row_border_radius=&#8221;none&#8221; row_border_radius_applies=&#8221;bg&#8221; overflow=&#8221;visible&#8221; id=&#8221;5&#8243; overlay_strength=&#8221;0.3&#8243; gradient_direction=&#8221;left_to_right&#8221; shape_divider_position=&#8221;bottom&#8221; bg_image_animation=&#8221;none&#8221; gradient_type=&#8221;default&#8221; shape_type=&#8221;&#8221;][vc_column column_padding=&#8221;padding-3-percent&#8221; column_padding_tablet=&#8221;inherit&#8221; column_padding_phone=&#8221;inherit&#8221; column_padding_position=&#8221;top&#8221; column_element_direction_desktop=&#8221;default&#8221; column_element_spacing=&#8221;default&#8221; desktop_text_alignment=&#8221;default&#8221; tablet_text_alignment=&#8221;default&#8221; phone_text_alignment=&#8221;default&#8221; background_color_opacity=&#8221;1&#8243; background_hover_color_opacity=&#8221;1&#8243; column_backdrop_filter=&#8221;none&#8221; column_shadow=&#8221;none&#8221; column_border_radius=&#8221;none&#8221; column_link_target=&#8221;_self&#8221; column_position=&#8221;default&#8221; gradient_direction=&#8221;left_to_right&#8221; overlay_strength=&#8221;0.3&#8243; width=&#8221;1\/1&#8243; tablet_width_inherit=&#8221;default&#8221; animation_type=&#8221;default&#8221; bg_image_animation=&#8221;none&#8221; border_type=&#8221;simple&#8221; column_border_width=&#8221;none&#8221; column_border_style=&#8221;solid&#8221; column_padding_type=&#8221;default&#8221; gradient_type=&#8221;default&#8221;][split_line_heading animation_type=&#8221;default&#8221; text_direction=&#8221;default&#8221;]\n<h2><strong>Jak dochodzi do utrwalenia si\u0119 zani\u017conej samooceny?<\/strong><\/h2>\n[\/split_line_heading][nectar_responsive_text inherited_font_style=&#8221;default&#8221; text_direction=&#8221;default&#8221;]Im wa\u017cniejsze osoby z otoczenia dziecka (rodzice, nauczyciele, r\u00f3wie\u015bnicy) krytykuj\u0105 je i negatywnie oceniaj\u0105, tym silniej b\u0119dzie to wp\u0142ywa\u0107 na obni\u017canie si\u0119 samooceny. Je\u015bli dzieci s\u0105 niew\u0142a\u015bciwie traktowane, uznaj\u0105, \u017ce co\u015b robi\u0105 \u017ale, zas\u0142u\u017cy\u0142y na krytyk\u0119, czuj\u0105 si\u0119 winne lub odrzucone.<\/p>\n<p>Na kszta\u0142towanie si\u0119 niskiej samooceny wp\u0142ywaj\u0105:<\/p>\n<ul>\n<li>zaniedbywanie potrzeb emocjonalnych dziecka,<\/li>\n<li>brak pochwa\u0142 czy pozytywnych wzmocnie\u0144,<\/li>\n<li>niepowodzenia w spe\u0142nianiu oczekiwa\u0144 rodzic\u00f3w, nauczycieli lub r\u00f3wie\u015bnik\u00f3w,<\/li>\n<li>otrzymywanie negatywnych komunikat\u00f3w na temat w\u0142asnej osoby (krytykowanie, wy\u015bmiewanie, por\u00f3wnywanie do innych),<\/li>\n<li>nadmierne karanie,<\/li>\n<li>do\u015bwiadczenie przemocy,<\/li>\n<li>izolowanie od grupy,<\/li>\n<li>przynale\u017cno\u015b\u0107 do grupy os\u00f3b wy\u015bmiewanych lub odrzucanych przez innych,<\/li>\n<li>kreowanie przez media wyidealizowanych obraz\u00f3w bycia atrakcyjn\u0105 osob\u0105.<\/li>\n<\/ul>\n[\/nectar_responsive_text][\/vc_column][\/vc_row][vc_row type=&#8221;in_container&#8221; full_screen_row_position=&#8221;middle&#8221; column_margin=&#8221;default&#8221; column_direction=&#8221;default&#8221; column_direction_tablet=&#8221;default&#8221; column_direction_phone=&#8221;default&#8221; scene_position=&#8221;center&#8221; text_color=&#8221;dark&#8221; text_align=&#8221;left&#8221; row_border_radius=&#8221;none&#8221; row_border_radius_applies=&#8221;bg&#8221; overflow=&#8221;visible&#8221; id=&#8221;6&#8243; overlay_strength=&#8221;0.3&#8243; gradient_direction=&#8221;left_to_right&#8221; shape_divider_position=&#8221;bottom&#8221; bg_image_animation=&#8221;none&#8221; gradient_type=&#8221;default&#8221; shape_type=&#8221;&#8221;][vc_column column_padding=&#8221;padding-3-percent&#8221; column_padding_tablet=&#8221;inherit&#8221; column_padding_phone=&#8221;inherit&#8221; column_padding_position=&#8221;top&#8221; column_element_direction_desktop=&#8221;default&#8221; column_element_spacing=&#8221;default&#8221; desktop_text_alignment=&#8221;default&#8221; tablet_text_alignment=&#8221;default&#8221; phone_text_alignment=&#8221;default&#8221; background_color_opacity=&#8221;1&#8243; background_hover_color_opacity=&#8221;1&#8243; column_backdrop_filter=&#8221;none&#8221; column_shadow=&#8221;none&#8221; column_border_radius=&#8221;none&#8221; column_link_target=&#8221;_self&#8221; column_position=&#8221;default&#8221; gradient_direction=&#8221;left_to_right&#8221; overlay_strength=&#8221;0.3&#8243; width=&#8221;1\/1&#8243; tablet_width_inherit=&#8221;default&#8221; animation_type=&#8221;default&#8221; bg_image_animation=&#8221;none&#8221; border_type=&#8221;simple&#8221; column_border_width=&#8221;none&#8221; column_border_style=&#8221;solid&#8221; column_padding_type=&#8221;default&#8221; gradient_type=&#8221;default&#8221;][split_line_heading animation_type=&#8221;default&#8221; text_direction=&#8221;default&#8221;]\n<h2><strong>Czy samoocen\u0119 mo\u017cna zmieni\u0107?<\/strong><\/h2>\n[\/split_line_heading][nectar_responsive_text inherited_font_style=&#8221;default&#8221; text_direction=&#8221;default&#8221;]Dziecko lub nastolatek o obni\u017conej samoocenie samodzielnie mo\u017ce nie poradzi\u0107 sobie nauczeniem si\u0119 lepszego my\u015blenia o sobie. Potrzebuje wsparcia bliskich os\u00f3b w budowaniu pozytywnej samooceny. Niekiedy okazuj\u0119 si\u0119 wa\u017cna pomoc i dzia\u0142ania terapeutyczne.<\/p>\n<p>Samoocena dziecka mo\u017ce si\u0119 zmieni\u0107, je\u015bli w codziennym funkcjonowaniu. U\u015bwiadamiamy dzieciom ich mocne strony, wzmacniamy je, rozwijamy \u015bwiadomo\u015b\u0107 w\u0142asnych zalet i wad, <strong>zapewniamy mo\u017cliwo\u015b\u0107 do\u015bwiadczania sukces\u00f3w.<\/strong> Bardzo wa\u017cny element w terapii dziecka z obni\u017conym poczuciem warto\u015bci stanowi edukacja dotycz\u0105ca tego, jak spos\u00f3b my\u015blenia o sobie wp\u0142ywa na nasze samopoczucie i zachowanie. Oceniaj\u0105c siebie i innych dzieci dokonuj\u0105 zniekszta\u0142ce\u0144 poznawczych, szczeg\u00f3lnie w wieku nastoletnim. Nastolatkowie <strong>maj\u0105 sk\u0142onno\u015b\u0107 do etykietowania<\/strong>, my\u015blenia czarno-bia\u0142ego, uog\u00f3lniania. Aby wesprze\u0107 ucznia, w zmienianiu obrazu siebie trzeba nauczy\u0107 go rozpoznawania tych zniekszta\u0142ce\u0144 i zmieniania ich tre\u015bci. Warunkiem pracy nad samoocen\u0105 jest r\u00f3wnie\u017c uwzgl\u0119dnienie odczuwanych przez dziecko obaw, cz\u0119sto wysokiego poziomu l\u0119ku przed ocen\u0105 innych, wyst\u0119powaniem na forum itp.[\/nectar_responsive_text][\/vc_column][\/vc_row][vc_row type=&#8221;in_container&#8221; full_screen_row_position=&#8221;middle&#8221; column_margin=&#8221;default&#8221; column_direction=&#8221;default&#8221; column_direction_tablet=&#8221;default&#8221; column_direction_phone=&#8221;default&#8221; scene_position=&#8221;center&#8221; text_color=&#8221;dark&#8221; text_align=&#8221;left&#8221; row_border_radius=&#8221;none&#8221; row_border_radius_applies=&#8221;bg&#8221; overflow=&#8221;visible&#8221; id=&#8221;7&#8243; overlay_strength=&#8221;0.3&#8243; gradient_direction=&#8221;left_to_right&#8221; shape_divider_position=&#8221;bottom&#8221; bg_image_animation=&#8221;none&#8221; gradient_type=&#8221;default&#8221; shape_type=&#8221;&#8221;][vc_column column_padding=&#8221;padding-3-percent&#8221; column_padding_tablet=&#8221;inherit&#8221; column_padding_phone=&#8221;inherit&#8221; column_padding_position=&#8221;top&#8221; column_element_direction_desktop=&#8221;default&#8221; column_element_spacing=&#8221;default&#8221; desktop_text_alignment=&#8221;default&#8221; tablet_text_alignment=&#8221;default&#8221; phone_text_alignment=&#8221;default&#8221; background_color_opacity=&#8221;1&#8243; background_hover_color_opacity=&#8221;1&#8243; column_backdrop_filter=&#8221;none&#8221; column_shadow=&#8221;none&#8221; column_border_radius=&#8221;none&#8221; column_link_target=&#8221;_self&#8221; column_position=&#8221;default&#8221; gradient_direction=&#8221;left_to_right&#8221; overlay_strength=&#8221;0.3&#8243; width=&#8221;1\/1&#8243; tablet_width_inherit=&#8221;default&#8221; animation_type=&#8221;default&#8221; bg_image_animation=&#8221;none&#8221; border_type=&#8221;simple&#8221; column_border_width=&#8221;none&#8221; column_border_style=&#8221;solid&#8221; column_padding_type=&#8221;default&#8221; gradient_type=&#8221;default&#8221;][split_line_heading animation_type=&#8221;default&#8221; text_direction=&#8221;default&#8221;]\n<h2><strong>Jak nauczyciele mog\u0105 wspiera\u0107 budowanie pozytywnej samooceny ucznia,<\/strong> <strong>zwi\u0119ksza\u0107 ich poczucie w\u0142asnej warto\u015bci?\u00a0<\/strong><\/h2>\n[\/split_line_heading][nectar_responsive_text inherited_font_style=&#8221;default&#8221; text_direction=&#8221;default&#8221;]<strong>Podstaw\u0105 wspierania ucznia o obni\u017conej samoocenie jest cz\u0119stszy indywidualny kontakt z dzieckiem<\/strong>, dostarczanie mu wsparcia emocjonalnego w sytuacjach subiektywnie trudnych (sytuacje rywalizacji, niepowodze\u0144, oceniania). Dbanie o dobrostan psychiczny dziecka, unikanie zb\u0119dnych napi\u0119\u0107 emocjonalnych, zaspokajanie jego potrzeb emocjonalnych, <strong>zapewnienie atmosfery bezpiecze\u0144stwa<\/strong> \u2013 pozwalaj\u0105 budowa\u0107 pozytywn\u0105 motywacj\u0119 do pokonywania trudno\u015bci.<\/p>\n<p>Nale\u017cy pami\u0119ta\u0107 o:<\/p>\n<ul>\n<li>stosowaniu licznych pochwa\u0142 (nawet je\u015bli efekt ko\u0144cowy pracy nie jest do ko\u0144ca satysfakcjonuj\u0105cy),<\/li>\n<li>wzmacnianiu nawet drobnych sukces\u00f3w,<\/li>\n<li>opisywaniu tego, co uwa\u017camy za osi\u0105gni\u0119cie,<\/li>\n<li>docenianiu samodzielno\u015bci i wysi\u0142ku wk\u0142adanego w nauk\u0119,<\/li>\n<li>zach\u0119caniu do podejmowania pr\u00f3b i wytrwa\u0142o\u015bci,<\/li>\n<li>bazowaniu w pracy z uczniem na jego mocnych stronach,<\/li>\n<li>wzmacnianiu u dziecka poczucia w\u0142asnych kompetencji,<\/li>\n<li>stawianiu wymaga\u0144 adekwatnych do mo\u017cliwo\u015bci i wieku,<\/li>\n<li>okazywaniu przyzwolenia na pope\u0142nianie b\u0142\u0119d\u00f3w, wskazywanie w rozmowach, \u017ce oceny szkolne s\u0105 wa\u017cne, ale nie definiuj\u0105 warto\u015bci cz\u0142owieka,<\/li>\n<li>dbaniu o sprzyjaj\u0105c\u0105 nauce atmosfer\u0119 (np. poprzez unikanie sytuacji ponaglania podczas pracy, wyrywania do odpowiedzi),<\/li>\n<li>niekomentowaniu w obecno\u015bci klasy problem\u00f3w ucznia, unikaniu krytyki, por\u00f3wnywania do innych,<\/li>\n<li>uwzgl\u0119dnianiu, \u017ce przejawiane przez ucznia trudno\u015bci w opanowywaniu wiadomo\u015bci i umiej\u0119tno\u015bci szkolnych cz\u0119sto nie s\u0105 wynikiem jego z\u0142ej woli, ale stwierdzonych problem\u00f3w rozwojowych.<\/li>\n<\/ul>\n[\/nectar_responsive_text][\/vc_column][\/vc_row][vc_row type=&#8221;in_container&#8221; full_screen_row_position=&#8221;middle&#8221; column_margin=&#8221;default&#8221; column_direction=&#8221;default&#8221; column_direction_tablet=&#8221;default&#8221; column_direction_phone=&#8221;default&#8221; scene_position=&#8221;center&#8221; text_color=&#8221;dark&#8221; text_align=&#8221;left&#8221; row_border_radius=&#8221;none&#8221; row_border_radius_applies=&#8221;bg&#8221; overflow=&#8221;visible&#8221; id=&#8221;8&#8243; overlay_strength=&#8221;0.3&#8243; gradient_direction=&#8221;left_to_right&#8221; shape_divider_position=&#8221;bottom&#8221; bg_image_animation=&#8221;none&#8221; gradient_type=&#8221;default&#8221; shape_type=&#8221;&#8221;][vc_column column_padding=&#8221;padding-3-percent&#8221; column_padding_tablet=&#8221;inherit&#8221; column_padding_phone=&#8221;inherit&#8221; column_padding_position=&#8221;top&#8221; column_element_direction_desktop=&#8221;default&#8221; column_element_spacing=&#8221;default&#8221; desktop_text_alignment=&#8221;default&#8221; tablet_text_alignment=&#8221;default&#8221; phone_text_alignment=&#8221;default&#8221; background_color_opacity=&#8221;1&#8243; background_hover_color_opacity=&#8221;1&#8243; column_backdrop_filter=&#8221;none&#8221; column_shadow=&#8221;none&#8221; column_border_radius=&#8221;none&#8221; column_link_target=&#8221;_self&#8221; column_position=&#8221;default&#8221; gradient_direction=&#8221;left_to_right&#8221; overlay_strength=&#8221;0.3&#8243; width=&#8221;1\/1&#8243; tablet_width_inherit=&#8221;default&#8221; animation_type=&#8221;default&#8221; bg_image_animation=&#8221;none&#8221; border_type=&#8221;simple&#8221; column_border_width=&#8221;none&#8221; column_border_style=&#8221;solid&#8221; column_padding_type=&#8221;default&#8221; gradient_type=&#8221;default&#8221;][split_line_heading animation_type=&#8221;default&#8221; text_direction=&#8221;default&#8221;]\n<h2><strong>Jak efektywnie chwali\u0107?<\/strong><\/h2>\n[\/split_line_heading][nectar_responsive_text inherited_font_style=&#8221;default&#8221; text_direction=&#8221;default&#8221;]Jedn\u0105 z technik budowania pozytywnej samooceny ucznia jest chwalenie, czyli dostrzeganie i opisywanie po\u017c\u0105danych zachowa\u0144 dziecka.<\/p>\n<p><strong>Chwalenie jest metod\u0105 skuteczn\u0105, prost\u0105, nie wymagaj\u0105c\u0105 wsp\u00f3\u0142pracy ze strony dziecka<\/strong>, ale by przynosi\u0142o efekty &#8211; doros\u0142y musi posiada\u0107 zdolno\u015b\u0107 obserwowania ucznia i pami\u0119ta\u0107 o kilku zasadach.[\/nectar_responsive_text][vc_row_inner column_margin=&#8221;default&#8221; column_direction=&#8221;default&#8221; column_direction_tablet=&#8221;default&#8221; column_direction_phone=&#8221;default&#8221; text_align=&#8221;left&#8221; row_position=&#8221;default&#8221; row_position_tablet=&#8221;inherit&#8221; row_position_phone=&#8221;inherit&#8221; overflow=&#8221;visible&#8221; pointer_events=&#8221;all&#8221;][vc_column_inner column_padding=&#8221;no-extra-padding&#8221; column_padding_tablet=&#8221;inherit&#8221; column_padding_phone=&#8221;inherit&#8221; column_padding_position=&#8221;all&#8221; column_element_direction_desktop=&#8221;default&#8221; column_element_spacing=&#8221;default&#8221; desktop_text_alignment=&#8221;default&#8221; tablet_text_alignment=&#8221;default&#8221; phone_text_alignment=&#8221;default&#8221; background_color_opacity=&#8221;1&#8243; background_hover_color_opacity=&#8221;1&#8243; column_backdrop_filter=&#8221;none&#8221; column_shadow=&#8221;none&#8221; column_border_radius=&#8221;none&#8221; column_link_target=&#8221;_self&#8221; overflow=&#8221;visible&#8221; gradient_direction=&#8221;left_to_right&#8221; overlay_strength=&#8221;0.3&#8243; width=&#8221;1\/2&#8243; tablet_width_inherit=&#8221;default&#8221; animation_type=&#8221;default&#8221; bg_image_animation=&#8221;none&#8221; border_type=&#8221;simple&#8221; column_border_width=&#8221;none&#8221; column_border_style=&#8221;solid&#8221;][nectar_responsive_text inherited_font_style=&#8221;default&#8221; text_direction=&#8221;default&#8221;]<strong>\u201eDobra\u201d pochwa\u0142a<\/strong> powinna by\u0107:<\/p>\n<ul>\n<li>autentyczna,<\/li>\n<li>dotycz\u0105ca konkretnych zachowa\u0144,<\/li>\n<li>opisuj\u0105ca zachowanie, kt\u00f3re nam si\u0119 podoba\u0142o,<\/li>\n<li>pozbawiona negatywnych komunikat\u00f3w,<\/li>\n<li>wyst\u0119puj\u0105ca bezpo\u015brednio lub w niewielkim odst\u0119pie czasowym od w\u0142a\u015bciwego zachowania,<\/li>\n<li>doceniaj\u0105ca nie tylko efekty, ale i wysi\u0142ek dziecka w\u0142o\u017cony w prac\u0119.<\/li>\n<\/ul>\n<p>Konstruuj\u0105c pochwa\u0142\u0119 opisujemy zachowania pozytywne, nazywamy je i wyra\u017camy swoje emocje \u2013 \u201e<em>w dwa dni zapami\u0119ta\u0142e\u015b bardzo du\u017co s\u0142\u00f3wek, to si\u0119 nazywa super pami\u0119\u0107, mo\u017cesz by\u0107 z siebie dumny\u201d.<\/em>[\/nectar_responsive_text][\/vc_column_inner][vc_column_inner column_padding=&#8221;padding-3-percent&#8221; column_padding_tablet=&#8221;inherit&#8221; column_padding_phone=&#8221;inherit&#8221; column_padding_position=&#8221;top&#8221; column_element_direction_desktop=&#8221;default&#8221; column_element_spacing=&#8221;default&#8221; desktop_text_alignment=&#8221;default&#8221; tablet_text_alignment=&#8221;default&#8221; phone_text_alignment=&#8221;default&#8221; background_color_opacity=&#8221;1&#8243; background_hover_color_opacity=&#8221;1&#8243; column_backdrop_filter=&#8221;none&#8221; column_shadow=&#8221;none&#8221; column_border_radius=&#8221;none&#8221; column_link_target=&#8221;_self&#8221; overflow=&#8221;visible&#8221; gradient_direction=&#8221;left_to_right&#8221; overlay_strength=&#8221;0.3&#8243; width=&#8221;1\/2&#8243; tablet_width_inherit=&#8221;default&#8221; animation_type=&#8221;default&#8221; bg_image_animation=&#8221;none&#8221; border_type=&#8221;simple&#8221; column_border_width=&#8221;none&#8221; column_border_style=&#8221;solid&#8221; column_padding_type=&#8221;default&#8221; gradient_type=&#8221;default&#8221;][image_with_animation image_url=&#8221;7806&#8243; image_size=&#8221;full&#8221; animation_type=&#8221;entrance&#8221; animation=&#8221;None&#8221; animation_movement_type=&#8221;transform_y&#8221; hover_animation=&#8221;none&#8221; alignment=&#8221;&#8221; img_link_target=&#8221;_blank&#8221; border_radius=&#8221;5px&#8221; box_shadow=&#8221;medium_depth&#8221; image_loading=&#8221;default&#8221; max_width=&#8221;100%&#8221; max_width_mobile=&#8221;default&#8221; img_link=&#8221;https:\/\/mojebambino.pl\/161\/Rozwoj-emocjonalny-i-spoleczny&#8221;][\/vc_column_inner][\/vc_row_inner][\/vc_column][\/vc_row][vc_row type=&#8221;in_container&#8221; full_screen_row_position=&#8221;middle&#8221; column_margin=&#8221;default&#8221; column_direction=&#8221;default&#8221; column_direction_tablet=&#8221;default&#8221; column_direction_phone=&#8221;default&#8221; scene_position=&#8221;center&#8221; text_color=&#8221;dark&#8221; text_align=&#8221;left&#8221; row_border_radius=&#8221;none&#8221; row_border_radius_applies=&#8221;bg&#8221; overflow=&#8221;visible&#8221; id=&#8221;9&#8243; overlay_strength=&#8221;0.3&#8243; gradient_direction=&#8221;left_to_right&#8221; shape_divider_position=&#8221;bottom&#8221; bg_image_animation=&#8221;none&#8221; gradient_type=&#8221;default&#8221; shape_type=&#8221;&#8221;][vc_column column_padding=&#8221;padding-3-percent&#8221; column_padding_tablet=&#8221;inherit&#8221; column_padding_phone=&#8221;inherit&#8221; column_padding_position=&#8221;top&#8221; column_element_direction_desktop=&#8221;default&#8221; column_element_spacing=&#8221;default&#8221; desktop_text_alignment=&#8221;default&#8221; tablet_text_alignment=&#8221;default&#8221; phone_text_alignment=&#8221;default&#8221; background_color_opacity=&#8221;1&#8243; background_hover_color_opacity=&#8221;1&#8243; column_backdrop_filter=&#8221;none&#8221; column_shadow=&#8221;none&#8221; column_border_radius=&#8221;none&#8221; column_link_target=&#8221;_self&#8221; column_position=&#8221;default&#8221; gradient_direction=&#8221;left_to_right&#8221; overlay_strength=&#8221;0.3&#8243; width=&#8221;1\/1&#8243; tablet_width_inherit=&#8221;default&#8221; animation_type=&#8221;default&#8221; bg_image_animation=&#8221;none&#8221; border_type=&#8221;simple&#8221; column_border_width=&#8221;none&#8221; column_border_style=&#8221;solid&#8221; column_padding_type=&#8221;default&#8221; gradient_type=&#8221;default&#8221;][split_line_heading animation_type=&#8221;default&#8221; text_direction=&#8221;default&#8221;]\n<h2><strong>Przyk\u0142adowe \u0107wiczenia wzmacniaj\u0105ce samoocen\u0119.<\/strong><\/h2>\n[\/split_line_heading][nectar_responsive_text inherited_font_style=&#8221;default&#8221; text_direction=&#8221;default&#8221;]Podczas lekcji wychowawczych warto porusza\u0107 z uczniami temat samooceny, zwi\u0119ksza\u0107 \u015bwiadomo\u015b\u0107 tego, jak uczniowie widz\u0105 samych siebie oraz pracowa\u0107 nad wzmacnianiem ich poczucia w\u0142asnej warto\u015bci. Poni\u017cej kilka pomys\u0142\u00f3w na proste \u0107wiczenia:<\/p>\n<ul>\n<li><strong>Prowadzenie dziennika w\u0142asnych osi\u0105gni\u0119\u0107<\/strong> \u2013 zach\u0119camy dzieci, by ka\u017cdego dnia zapisywa\u0142y lub rysowa\u0142y przynajmniej jedn\u0105 rzecz, kt\u00f3ra im si\u0119 uda\u0142a.<\/li>\n<li><strong>Autoportret ze s\u0142\u00f3w<\/strong> \u2013 na du\u017cym kartonie rysujemy kontur postaci (symbolizuj\u0105cy dziecko) i prosimy o wype\u0142nienie go s\u0142owami (pozytywnymi), kt\u00f3re pasuj\u0105 do cech i zachowa\u0144 ucznia.<\/li>\n<li><strong>Moje logo<\/strong> \u2013 proponujemy stworzenie w\u0142asnego logo, kt\u00f3re w symboliczny spos\u00f3b b\u0119dzie przedstawia\u0142o zalety ucznia.<\/li>\n<\/ul>\n<p>Podczas zaj\u0119\u0107 mo\u017cna r\u00f3wnie\u017c wykorzysta\u0107 pomoce z oferty Moje Bambino:<\/p>\n<ul>\n<li><a href=\"https:\/\/mojebambino.pl\/1123210\/Na-tropie-mocnych-stron-zestaw-kart\/854204\" target=\"_blank\" rel=\"noopener\">Na tropie mocnych stron<\/a><\/li>\n<li><a href=\"https:\/\/mojebambino.pl\/1123206\/Badz-dla-siebie-dobry-karty-rozwojowe\/854200\" target=\"_blank\" rel=\"noopener\">B\u0105d\u017a dla siebie dobry<\/a><\/li>\n<li><a href=\"https:\/\/mojebambino.pl\/1123207\/Droga-do-siebie-zestaw-kart\/854201\" target=\"_blank\" rel=\"noopener\">Droga do siebie<\/a><\/li>\n<\/ul>\n<p>&nbsp;<\/p>\n<p>Brak wiary w siebie utrudnia dzieciom rozw\u00f3j i poznawanie \u015bwiata, zdobywanie cel\u00f3w, osi\u0105ganie sukces\u00f3w szkolnych, hamuje ich aktywno\u015b\u0107, ale przede wszystkim daje poczucie bycia gorszym. Dlatego uczniowie z obni\u017con\u0105 samoocen\u0105, mimo posiadanych umiej\u0119tno\u015bci i potencja\u0142owi intelektualnemu, osi\u0105gaj\u0105 cz\u0119sto s\u0142absze wyniki w nauce, sporcie, nie rozwijaj\u0105 swoich pasji. Wspieranie dzieci w budowaniu pozytywnej samooceny\u00a0 siebie pozostaje zatem jednym z najwa\u017cniejszych zada\u0144 nauczycieli.<\/p>\n<p><em>Opracowa\u0142a:<\/em><\/p>\n<p><em>mgr A. Wrzesiak psycholog kliniczny<\/em>[\/nectar_responsive_text][\/vc_column][\/vc_row]\n","protected":false},"excerpt":{"rendered":"<p>[vc_row type=&#8221;in_container&#8221; full_screen_row_position=&#8221;middle&#8221; column_margin=&#8221;default&#8221; column_direction=&#8221;default&#8221; column_direction_tablet=&#8221;default&#8221; column_direction_phone=&#8221;default&#8221; scene_position=&#8221;center&#8221; text_color=&#8221;dark&#8221; text_align=&#8221;left&#8221; row_border_radius=&#8221;none&#8221; row_border_radius_applies=&#8221;bg&#8221; overflow=&#8221;visible&#8221; overlay_strength=&#8221;0.3&#8243; gradient_direction=&#8221;left_to_right&#8221; shape_divider_position=&#8221;bottom&#8221; bg_image_animation=&#8221;none&#8221;][vc_column column_padding=&#8221;no-extra-padding&#8221; column_padding_tablet=&#8221;inherit&#8221; column_padding_phone=&#8221;inherit&#8221; column_padding_position=&#8221;all&#8221; column_element_direction_desktop=&#8221;default&#8221; column_element_spacing=&#8221;default&#8221; desktop_text_alignment=&#8221;default&#8221; tablet_text_alignment=&#8221;default&#8221; phone_text_alignment=&#8221;default&#8221; background_color_opacity=&#8221;1&#8243; background_hover_color_opacity=&#8221;1&#8243; column_backdrop_filter=&#8221;none&#8221; column_shadow=&#8221;none&#8221;&#8230;<\/p>\n","protected":false},"author":4,"featured_media":7806,"comment_status":"closed","ping_status":"open","sticky":false,"template":"","format":"standard","meta":{"footnotes":""},"categories":[12,7,10],"tags":[],"yoast_head":"<!-- This site is optimized with the Yoast SEO plugin v21.9.1 - https:\/\/yoast.com\/wordpress\/plugins\/seo\/ -->\n<title>Budowanie pozytywnej samooceny ucznia. Blog pedagogiczny<\/title>\n<meta name=\"description\" content=\"Budowanie pozytywnej samooceny ucznia to jeden z element\u00f3w wp\u0142ywaj\u0105cych na proces wszystkie strefy \u017cycia w tym nauki. Przeczytaj!\" \/>\n<meta name=\"robots\" content=\"index, follow, max-snippet:-1, max-image-preview:large, max-video-preview:-1\" \/>\n<link rel=\"canonical\" href=\"https:\/\/mojebambino.pl\/blog\/index.php\/2025\/05\/08\/budowanie-pozytywnej-samooceny-ucznia\/\" \/>\n<meta property=\"og:locale\" content=\"pl_PL\" \/>\n<meta property=\"og:type\" content=\"article\" \/>\n<meta property=\"og:title\" content=\"Budowanie pozytywnej samooceny ucznia. Blog pedagogiczny\" \/>\n<meta property=\"og:description\" content=\"Budowanie pozytywnej samooceny ucznia to jeden z element\u00f3w wp\u0142ywaj\u0105cych na proces wszystkie strefy \u017cycia w tym nauki. Przeczytaj!\" \/>\n<meta property=\"og:url\" content=\"https:\/\/mojebambino.pl\/blog\/index.php\/2025\/05\/08\/budowanie-pozytywnej-samooceny-ucznia\/\" \/>\n<meta property=\"og:site_name\" content=\"Blog - porady pedagogiczne\" \/>\n<meta property=\"article:published_time\" content=\"2025-05-08T08:51:25+00:00\" \/>\n<meta property=\"article:modified_time\" content=\"2025-05-29T11:23:21+00:00\" \/>\n<meta property=\"og:image\" content=\"https:\/\/mojebambino.pl\/blog\/wp-content\/uploads\/2025\/05\/199028_e_25.jpg\" \/>\n\t<meta property=\"og:image:width\" content=\"1000\" \/>\n\t<meta property=\"og:image:height\" content=\"664\" \/>\n\t<meta property=\"og:image:type\" content=\"image\/jpeg\" \/>\n<meta name=\"author\" content=\"Aleksandra Pe\u0142ka\" \/>\n<meta name=\"twitter:card\" content=\"summary_large_image\" \/>\n<meta name=\"twitter:label1\" content=\"Napisane przez\" \/>\n\t<meta name=\"twitter:data1\" content=\"Aleksandra Pe\u0142ka\" \/>\n\t<meta name=\"twitter:label2\" content=\"Szacowany czas czytania\" \/>\n\t<meta name=\"twitter:data2\" content=\"10 minut\" \/>\n<script type=\"application\/ld+json\" class=\"yoast-schema-graph\">{\"@context\":\"https:\/\/schema.org\",\"@graph\":[{\"@type\":\"Article\",\"@id\":\"https:\/\/mojebambino.pl\/blog\/index.php\/2025\/05\/08\/budowanie-pozytywnej-samooceny-ucznia\/#article\",\"isPartOf\":{\"@id\":\"https:\/\/mojebambino.pl\/blog\/index.php\/2025\/05\/08\/budowanie-pozytywnej-samooceny-ucznia\/\"},\"author\":{\"name\":\"Aleksandra Pe\u0142ka\",\"@id\":\"https:\/\/mojebambino.pl\/blog\/#\/schema\/person\/bc7d7e99b4a51ea8a262f28a0bf44834\"},\"headline\":\"Budowanie pozytywnej samooceny ucznia &#8211; jak wspiera\u0107?\",\"datePublished\":\"2025-05-08T08:51:25+00:00\",\"dateModified\":\"2025-05-29T11:23:21+00:00\",\"mainEntityOfPage\":{\"@id\":\"https:\/\/mojebambino.pl\/blog\/index.php\/2025\/05\/08\/budowanie-pozytywnej-samooceny-ucznia\/\"},\"wordCount\":4855,\"publisher\":{\"@id\":\"https:\/\/mojebambino.pl\/blog\/#organization\"},\"articleSection\":[\"Dla rodzic\u00f3w\",\"Pedagog szkolny\",\"Porady eksperckie\"],\"inLanguage\":\"pl-PL\"},{\"@type\":\"WebPage\",\"@id\":\"https:\/\/mojebambino.pl\/blog\/index.php\/2025\/05\/08\/budowanie-pozytywnej-samooceny-ucznia\/\",\"url\":\"https:\/\/mojebambino.pl\/blog\/index.php\/2025\/05\/08\/budowanie-pozytywnej-samooceny-ucznia\/\",\"name\":\"Budowanie pozytywnej samooceny ucznia. Blog pedagogiczny\",\"isPartOf\":{\"@id\":\"https:\/\/mojebambino.pl\/blog\/#website\"},\"datePublished\":\"2025-05-08T08:51:25+00:00\",\"dateModified\":\"2025-05-29T11:23:21+00:00\",\"description\":\"Budowanie pozytywnej samooceny ucznia to jeden z element\u00f3w wp\u0142ywaj\u0105cych na proces wszystkie strefy \u017cycia w tym nauki. Przeczytaj!\",\"breadcrumb\":{\"@id\":\"https:\/\/mojebambino.pl\/blog\/index.php\/2025\/05\/08\/budowanie-pozytywnej-samooceny-ucznia\/#breadcrumb\"},\"inLanguage\":\"pl-PL\",\"potentialAction\":[{\"@type\":\"ReadAction\",\"target\":[\"https:\/\/mojebambino.pl\/blog\/index.php\/2025\/05\/08\/budowanie-pozytywnej-samooceny-ucznia\/\"]}]},{\"@type\":\"BreadcrumbList\",\"@id\":\"https:\/\/mojebambino.pl\/blog\/index.php\/2025\/05\/08\/budowanie-pozytywnej-samooceny-ucznia\/#breadcrumb\",\"itemListElement\":[{\"@type\":\"ListItem\",\"position\":1,\"name\":\"Home\",\"item\":\"https:\/\/mojebambino.pl\/blog\/\"},{\"@type\":\"ListItem\",\"position\":2,\"name\":\"Budowanie pozytywnej samooceny ucznia &#8211; jak wspiera\u0107?\"}]},{\"@type\":\"WebSite\",\"@id\":\"https:\/\/mojebambino.pl\/blog\/#website\",\"url\":\"https:\/\/mojebambino.pl\/blog\/\",\"name\":\"Blog - porady pedagogiczne\",\"description\":\"\",\"publisher\":{\"@id\":\"https:\/\/mojebambino.pl\/blog\/#organization\"},\"potentialAction\":[{\"@type\":\"SearchAction\",\"target\":{\"@type\":\"EntryPoint\",\"urlTemplate\":\"https:\/\/mojebambino.pl\/blog\/?s={search_term_string}\"},\"query-input\":\"required name=search_term_string\"}],\"inLanguage\":\"pl-PL\"},{\"@type\":\"Organization\",\"@id\":\"https:\/\/mojebambino.pl\/blog\/#organization\",\"name\":\"Blog - porady pedagogiczne\",\"url\":\"https:\/\/mojebambino.pl\/blog\/\",\"logo\":{\"@type\":\"ImageObject\",\"inLanguage\":\"pl-PL\",\"@id\":\"https:\/\/mojebambino.pl\/blog\/#\/schema\/logo\/image\/\",\"url\":\"https:\/\/mojebambino.pl\/blog\/wp-content\/uploads\/2024\/11\/cropped-MOJE_BAMBINO_LOGO.png\",\"contentUrl\":\"https:\/\/mojebambino.pl\/blog\/wp-content\/uploads\/2024\/11\/cropped-MOJE_BAMBINO_LOGO.png\",\"width\":248,\"height\":103,\"caption\":\"Blog - porady pedagogiczne\"},\"image\":{\"@id\":\"https:\/\/mojebambino.pl\/blog\/#\/schema\/logo\/image\/\"}},{\"@type\":\"Person\",\"@id\":\"https:\/\/mojebambino.pl\/blog\/#\/schema\/person\/bc7d7e99b4a51ea8a262f28a0bf44834\",\"name\":\"Aleksandra Pe\u0142ka\",\"image\":{\"@type\":\"ImageObject\",\"inLanguage\":\"pl-PL\",\"@id\":\"https:\/\/mojebambino.pl\/blog\/#\/schema\/person\/image\/\",\"url\":\"https:\/\/secure.gravatar.com\/avatar\/901219d8c8ad75f8a1e14c285fcbac6a?s=96&d=mm&r=g\",\"contentUrl\":\"https:\/\/secure.gravatar.com\/avatar\/901219d8c8ad75f8a1e14c285fcbac6a?s=96&d=mm&r=g\",\"caption\":\"Aleksandra Pe\u0142ka\"},\"url\":\"https:\/\/mojebambino.pl\/blog\/index.php\/author\/aleksandra\/\"}]}<\/script>\n<!-- \/ Yoast SEO plugin. -->","yoast_head_json":{"title":"Budowanie pozytywnej samooceny ucznia. Blog pedagogiczny","description":"Budowanie pozytywnej samooceny ucznia to jeden z element\u00f3w wp\u0142ywaj\u0105cych na proces wszystkie strefy \u017cycia w tym nauki. Przeczytaj!","robots":{"index":"index","follow":"follow","max-snippet":"max-snippet:-1","max-image-preview":"max-image-preview:large","max-video-preview":"max-video-preview:-1"},"canonical":"https:\/\/mojebambino.pl\/blog\/index.php\/2025\/05\/08\/budowanie-pozytywnej-samooceny-ucznia\/","og_locale":"pl_PL","og_type":"article","og_title":"Budowanie pozytywnej samooceny ucznia. Blog pedagogiczny","og_description":"Budowanie pozytywnej samooceny ucznia to jeden z element\u00f3w wp\u0142ywaj\u0105cych na proces wszystkie strefy \u017cycia w tym nauki. Przeczytaj!","og_url":"https:\/\/mojebambino.pl\/blog\/index.php\/2025\/05\/08\/budowanie-pozytywnej-samooceny-ucznia\/","og_site_name":"Blog - porady pedagogiczne","article_published_time":"2025-05-08T08:51:25+00:00","article_modified_time":"2025-05-29T11:23:21+00:00","og_image":[{"width":1000,"height":664,"url":"https:\/\/mojebambino.pl\/blog\/wp-content\/uploads\/2025\/05\/199028_e_25.jpg","type":"image\/jpeg"}],"author":"Aleksandra Pe\u0142ka","twitter_card":"summary_large_image","twitter_misc":{"Napisane przez":"Aleksandra Pe\u0142ka","Szacowany czas czytania":"10 minut"},"schema":{"@context":"https:\/\/schema.org","@graph":[{"@type":"Article","@id":"https:\/\/mojebambino.pl\/blog\/index.php\/2025\/05\/08\/budowanie-pozytywnej-samooceny-ucznia\/#article","isPartOf":{"@id":"https:\/\/mojebambino.pl\/blog\/index.php\/2025\/05\/08\/budowanie-pozytywnej-samooceny-ucznia\/"},"author":{"name":"Aleksandra Pe\u0142ka","@id":"https:\/\/mojebambino.pl\/blog\/#\/schema\/person\/bc7d7e99b4a51ea8a262f28a0bf44834"},"headline":"Budowanie pozytywnej samooceny ucznia &#8211; jak wspiera\u0107?","datePublished":"2025-05-08T08:51:25+00:00","dateModified":"2025-05-29T11:23:21+00:00","mainEntityOfPage":{"@id":"https:\/\/mojebambino.pl\/blog\/index.php\/2025\/05\/08\/budowanie-pozytywnej-samooceny-ucznia\/"},"wordCount":4855,"publisher":{"@id":"https:\/\/mojebambino.pl\/blog\/#organization"},"articleSection":["Dla rodzic\u00f3w","Pedagog szkolny","Porady eksperckie"],"inLanguage":"pl-PL"},{"@type":"WebPage","@id":"https:\/\/mojebambino.pl\/blog\/index.php\/2025\/05\/08\/budowanie-pozytywnej-samooceny-ucznia\/","url":"https:\/\/mojebambino.pl\/blog\/index.php\/2025\/05\/08\/budowanie-pozytywnej-samooceny-ucznia\/","name":"Budowanie pozytywnej samooceny ucznia. Blog pedagogiczny","isPartOf":{"@id":"https:\/\/mojebambino.pl\/blog\/#website"},"datePublished":"2025-05-08T08:51:25+00:00","dateModified":"2025-05-29T11:23:21+00:00","description":"Budowanie pozytywnej samooceny ucznia to jeden z element\u00f3w wp\u0142ywaj\u0105cych na proces wszystkie strefy \u017cycia w tym nauki. Przeczytaj!","breadcrumb":{"@id":"https:\/\/mojebambino.pl\/blog\/index.php\/2025\/05\/08\/budowanie-pozytywnej-samooceny-ucznia\/#breadcrumb"},"inLanguage":"pl-PL","potentialAction":[{"@type":"ReadAction","target":["https:\/\/mojebambino.pl\/blog\/index.php\/2025\/05\/08\/budowanie-pozytywnej-samooceny-ucznia\/"]}]},{"@type":"BreadcrumbList","@id":"https:\/\/mojebambino.pl\/blog\/index.php\/2025\/05\/08\/budowanie-pozytywnej-samooceny-ucznia\/#breadcrumb","itemListElement":[{"@type":"ListItem","position":1,"name":"Home","item":"https:\/\/mojebambino.pl\/blog\/"},{"@type":"ListItem","position":2,"name":"Budowanie pozytywnej samooceny ucznia &#8211; jak wspiera\u0107?"}]},{"@type":"WebSite","@id":"https:\/\/mojebambino.pl\/blog\/#website","url":"https:\/\/mojebambino.pl\/blog\/","name":"Blog - porady pedagogiczne","description":"","publisher":{"@id":"https:\/\/mojebambino.pl\/blog\/#organization"},"potentialAction":[{"@type":"SearchAction","target":{"@type":"EntryPoint","urlTemplate":"https:\/\/mojebambino.pl\/blog\/?s={search_term_string}"},"query-input":"required name=search_term_string"}],"inLanguage":"pl-PL"},{"@type":"Organization","@id":"https:\/\/mojebambino.pl\/blog\/#organization","name":"Blog - porady pedagogiczne","url":"https:\/\/mojebambino.pl\/blog\/","logo":{"@type":"ImageObject","inLanguage":"pl-PL","@id":"https:\/\/mojebambino.pl\/blog\/#\/schema\/logo\/image\/","url":"https:\/\/mojebambino.pl\/blog\/wp-content\/uploads\/2024\/11\/cropped-MOJE_BAMBINO_LOGO.png","contentUrl":"https:\/\/mojebambino.pl\/blog\/wp-content\/uploads\/2024\/11\/cropped-MOJE_BAMBINO_LOGO.png","width":248,"height":103,"caption":"Blog - porady pedagogiczne"},"image":{"@id":"https:\/\/mojebambino.pl\/blog\/#\/schema\/logo\/image\/"}},{"@type":"Person","@id":"https:\/\/mojebambino.pl\/blog\/#\/schema\/person\/bc7d7e99b4a51ea8a262f28a0bf44834","name":"Aleksandra Pe\u0142ka","image":{"@type":"ImageObject","inLanguage":"pl-PL","@id":"https:\/\/mojebambino.pl\/blog\/#\/schema\/person\/image\/","url":"https:\/\/secure.gravatar.com\/avatar\/901219d8c8ad75f8a1e14c285fcbac6a?s=96&d=mm&r=g","contentUrl":"https:\/\/secure.gravatar.com\/avatar\/901219d8c8ad75f8a1e14c285fcbac6a?s=96&d=mm&r=g","caption":"Aleksandra Pe\u0142ka"},"url":"https:\/\/mojebambino.pl\/blog\/index.php\/author\/aleksandra\/"}]}},"_links":{"self":[{"href":"https:\/\/mojebambino.pl\/blog\/index.php\/wp-json\/wp\/v2\/posts\/7820"}],"collection":[{"href":"https:\/\/mojebambino.pl\/blog\/index.php\/wp-json\/wp\/v2\/posts"}],"about":[{"href":"https:\/\/mojebambino.pl\/blog\/index.php\/wp-json\/wp\/v2\/types\/post"}],"author":[{"embeddable":true,"href":"https:\/\/mojebambino.pl\/blog\/index.php\/wp-json\/wp\/v2\/users\/4"}],"replies":[{"embeddable":true,"href":"https:\/\/mojebambino.pl\/blog\/index.php\/wp-json\/wp\/v2\/comments?post=7820"}],"version-history":[{"count":46,"href":"https:\/\/mojebambino.pl\/blog\/index.php\/wp-json\/wp\/v2\/posts\/7820\/revisions"}],"predecessor-version":[{"id":8212,"href":"https:\/\/mojebambino.pl\/blog\/index.php\/wp-json\/wp\/v2\/posts\/7820\/revisions\/8212"}],"wp:featuredmedia":[{"embeddable":true,"href":"https:\/\/mojebambino.pl\/blog\/index.php\/wp-json\/wp\/v2\/media\/7806"}],"wp:attachment":[{"href":"https:\/\/mojebambino.pl\/blog\/index.php\/wp-json\/wp\/v2\/media?parent=7820"}],"wp:term":[{"taxonomy":"category","embeddable":true,"href":"https:\/\/mojebambino.pl\/blog\/index.php\/wp-json\/wp\/v2\/categories?post=7820"},{"taxonomy":"post_tag","embeddable":true,"href":"https:\/\/mojebambino.pl\/blog\/index.php\/wp-json\/wp\/v2\/tags?post=7820"}],"curies":[{"name":"wp","href":"https:\/\/api.w.org\/{rel}","templated":true}]}}