{"id":688,"date":"2019-02-13T12:57:11","date_gmt":"2019-02-13T11:57:11","guid":{"rendered":"http:\/\/mojebambino.pl\/blog\/?p=688"},"modified":"2024-12-10T15:34:22","modified_gmt":"2024-12-10T14:34:22","slug":"jak-organizowac-czytanie-dzieciom","status":"publish","type":"post","link":"https:\/\/mojebambino.pl\/blog\/index.php\/2019\/02\/13\/jak-organizowac-czytanie-dzieciom\/","title":{"rendered":"JAK ORGANIZOWA\u0106 CZYTANIE DZIECIOM?"},"content":{"rendered":"<h1>O tym, \u017ce nale\u017cy czyta\u0107 dzieciom, wiadomo nie od dzi\u015b, ale w jakich warunkach i okoliczno\u015bciach powinien odbywa\u0107 si\u0119 ten proces?<\/h1>\n<p>&nbsp;<\/p>\n<p>Ca\u0142kiem niedawno\u00a0Pani Dorota Szwugier pisa\u0142a na temat tego, <a href=\"https:\/\/mojebambino.pl\/blog\/index.php\/2019\/01\/30\/dlaczego-warto-czytac-dzieciom\/\">dlaczego warto czyta\u0107 dzieciom, <\/a>Dzi\u015b kontynuuj\u0105c temat umieszczam drug\u0105 cz\u0119\u015b\u0107 opracowania Pani Doroty, tym razem wpis dotyczy tego, jak organizowa\u0107 dzieciom czytanie.<\/p>\n<p>&nbsp;<\/p>\n<p>Nale\u017cy wybra\u0107 odpowiedni moment, nie przerywa\u0107 np. ogl\u0105dania ulubionej bajki, zabawy \u2013 bo teraz w\u0142a\u015bnie mamy czas na czytanie. W takim momencie nie osi\u0105gniemy sukcesu, dziecko niech\u0119tnie podejmie wsp\u00f3\u0142prac\u0119. Do czytania i s\u0142uchania trzeba dziecko zach\u0119ca\u0107 i motywowa\u0107. Jest wiele pomys\u0142\u00f3w na zabaw\u0119 w czytanie. Wa\u017cne jest to, aby dziecko z zainteresowaniem, ciekawo\u015bci\u0105 i ch\u0119ci\u0105 si\u0119ga\u0142o po ksi\u0105\u017ck\u0119. Rodzic anga\u017cuj\u0105c si\u0119 w tzw. \u201eczytanie dzieciom\u201d rozwija aktywno\u015b\u0107 czytelnicz\u0105, emocje, zaanga\u017cowanie i pasj\u0119.<\/p>\n<p><strong>Pami\u0119tajmy o tym, \u017ceby:<\/strong><\/p>\n<ul>\n<li>czytanie ksi\u0105\u017cek by\u0142o codzienne\/cykliczne o ustalonej porze dnia<\/li>\n<li>czyta\u0107 teksty z odpowiedni\u0105 intonacj\u0105 i w spos\u00f3b ekspresyjny, w zale\u017cno\u015bci od tre\u015bci i dynamiki utworu<\/li>\n<li>obserwowa\u0107 \u201es\u0142uchacza\u201d, nie spowodowa\u0107 do tzw. znudzenia\/zm\u0119czenia<\/li>\n<li>odpowiednio dobra\u0107 teksty do wieku i zainteresowa\u0144 dziecka<\/li>\n<li>rozmawia\u0107 z dzieckiem na temat przeczytanego tekstu, zadawa\u0107 pytania, omawia\u0107 zachowania bohater\u00f3w, r\u00f3\u017cnych sytuacji<\/li>\n<li>mo\u017cna przerwa\u0107 czytanie tekstu i porozmawia\u0107 z dzieckiem na temat przewidywanego zako\u0144czenia czytanego tekstu\/historii, tworzenia i wymy\u015blania swojego zako\u0144czenia<\/li>\n<li>w\u0142\u0105cza\u0107 dziecko do czytania, proponowa\u0107 w trakcie czytania np. zabawy d\u017awi\u0119kona\u015bladowcze<\/li>\n<li>mo\u017cna proponowa\u0107 i zach\u0119ca\u0107 do inscenizacji tre\u015bci bajek wykonuj\u0105c wsp\u00f3lnie kukie\u0142ki, zabawki czy makiety<\/li>\n<\/ul>\n<p>&nbsp;<\/p>\n<p>Czytaj\u0105c dzieciom nale\u017cy pami\u0119ta\u0107 o tym, \u017ce:<\/p>\n<ul>\n<li>nale\u017cy zadba\u0107 o wygod\u0119 czytaj\u0105cego i s\u0142uchacza<\/li>\n<li>najlepsz\u0105 por\u0105 na czytanie jest wiecz\u00f3r, wyciszenie przed za\u015bni\u0119ciem<\/li>\n<li>dostosowa\u0107 czas czytania do mo\u017cliwo\u015bci dziecka, skupienia jego uwagi<\/li>\n<li>trudne, niezrozumia\u0142e s\u0142owa dla dziecka, wyja\u015bnia\u0107 w trakcie czytania, na bie\u017c\u0105co<\/li>\n<\/ul>\n<p>&nbsp;<\/p>\n<p>Codzienne czytanie powoduje, \u017ce dziecko wzbogaca zas\u00f3b s\u0142ownictwa, umiej\u0119tno\u015b\u0107 wypowiedzi, formu\u0142owania pyta\u0144, uwra\u017cliwia na r\u00f3\u017cne sytuacje.<\/p>\n<p><strong>WARTO OTACZA\u0106 DZIECKO OBCOWANIA Z KSI\u0104\u017bK\u0104.<\/strong><\/p>\n<p>&nbsp;<\/p>\n<p><img fetchpriority=\"high\" decoding=\"async\" class=\"alignnone size-full wp-image-689\" src=\"http:\/\/mojebambino.pl\/blog\/wp-content\/uploads\/2019\/02\/ksiazki-dla-dzieci.jpg\" alt=\"\" width=\"600\" height=\"600\" srcset=\"https:\/\/mojebambino.pl\/blog\/wp-content\/uploads\/2019\/02\/ksiazki-dla-dzieci.jpg 600w, https:\/\/mojebambino.pl\/blog\/wp-content\/uploads\/2019\/02\/ksiazki-dla-dzieci-150x150.jpg 150w, https:\/\/mojebambino.pl\/blog\/wp-content\/uploads\/2019\/02\/ksiazki-dla-dzieci-300x300.jpg 300w, https:\/\/mojebambino.pl\/blog\/wp-content\/uploads\/2019\/02\/ksiazki-dla-dzieci-230x230.jpg 230w\" sizes=\"(max-width: 600px) 100vw, 600px\" \/><\/p>\n<p>&nbsp;<\/p>\n<p>Chcia\u0142abym doda\u0107 kilka s\u0142\u00f3w do wypowiedzi Pani Doroty Szwugier.<\/p>\n<p>Pami\u0119tajmy o tym, \u017ce nie tylko sama organizacja procesu czytania jest wa\u017cna, r\u00f3wnie istotne miejsce zajmuje odpowiednie zagospodarowanie przestrzeni biblioteki w spos\u00f3b przyjazny dziecku. \u00a0Czytelnia bowiem jest miejscem u\u017cyteczno\u015bci publicznej, miejscem\u00a0<span class=\"tr\">spotka\u0144 z kolegami i przyjaci\u00f3\u0142mi, m<\/span><span class=\"tr\">iejsce sp\u0119dzania wolnego czasu<\/span>\u00a0 i odpoczynku.<\/p>\n<p>Poni\u017cej umieszczam przyk\u0142ad urz\u0105dzenia\u00a0<a href=\"https:\/\/mojebambino.pl\/2875\/Biblioteka-mediateka\">biblioteki szkolnej<\/a>, kt\u00f3ra zosta\u0142a zaproponowana przez firm\u0119 <a href=\"https:\/\/www.mojebambino.pl\/\">Moje Bambino<\/a>.<\/p>\n<p><img decoding=\"async\" class=\"alignnone size-full wp-image-690\" src=\"http:\/\/mojebambino.pl\/blog\/wp-content\/uploads\/2019\/02\/biblioteka-modern-3.jpg\" alt=\"\" width=\"600\" height=\"600\" srcset=\"https:\/\/mojebambino.pl\/blog\/wp-content\/uploads\/2019\/02\/biblioteka-modern-3.jpg 600w, https:\/\/mojebambino.pl\/blog\/wp-content\/uploads\/2019\/02\/biblioteka-modern-3-150x150.jpg 150w, https:\/\/mojebambino.pl\/blog\/wp-content\/uploads\/2019\/02\/biblioteka-modern-3-300x300.jpg 300w, https:\/\/mojebambino.pl\/blog\/wp-content\/uploads\/2019\/02\/biblioteka-modern-3-230x230.jpg 230w\" sizes=\"(max-width: 600px) 100vw, 600px\" \/><\/p>\n<p><img decoding=\"async\" class=\"alignnone size-full wp-image-692\" src=\"http:\/\/mojebambino.pl\/blog\/wp-content\/uploads\/2019\/02\/biblioteka-modern-pufy.jpg\" alt=\"\" width=\"600\" height=\"600\" srcset=\"https:\/\/mojebambino.pl\/blog\/wp-content\/uploads\/2019\/02\/biblioteka-modern-pufy.jpg 600w, https:\/\/mojebambino.pl\/blog\/wp-content\/uploads\/2019\/02\/biblioteka-modern-pufy-150x150.jpg 150w, https:\/\/mojebambino.pl\/blog\/wp-content\/uploads\/2019\/02\/biblioteka-modern-pufy-300x300.jpg 300w, https:\/\/mojebambino.pl\/blog\/wp-content\/uploads\/2019\/02\/biblioteka-modern-pufy-230x230.jpg 230w\" sizes=\"(max-width: 600px) 100vw, 600px\" \/> <img loading=\"lazy\" decoding=\"async\" class=\"alignnone size-full wp-image-693\" src=\"http:\/\/mojebambino.pl\/blog\/wp-content\/uploads\/2019\/02\/biblioteka-modern-pufy-2.jpg\" alt=\"\" width=\"600\" height=\"600\" srcset=\"https:\/\/mojebambino.pl\/blog\/wp-content\/uploads\/2019\/02\/biblioteka-modern-pufy-2.jpg 600w, https:\/\/mojebambino.pl\/blog\/wp-content\/uploads\/2019\/02\/biblioteka-modern-pufy-2-150x150.jpg 150w, https:\/\/mojebambino.pl\/blog\/wp-content\/uploads\/2019\/02\/biblioteka-modern-pufy-2-300x300.jpg 300w, https:\/\/mojebambino.pl\/blog\/wp-content\/uploads\/2019\/02\/biblioteka-modern-pufy-2-230x230.jpg 230w\" sizes=\"(max-width: 600px) 100vw, 600px\" \/><\/p>\n<p><img loading=\"lazy\" decoding=\"async\" class=\"alignnone size-full wp-image-691\" src=\"http:\/\/mojebambino.pl\/blog\/wp-content\/uploads\/2019\/02\/biblioteka-modern.jpg\" alt=\"\" width=\"600\" height=\"600\" srcset=\"https:\/\/mojebambino.pl\/blog\/wp-content\/uploads\/2019\/02\/biblioteka-modern.jpg 600w, https:\/\/mojebambino.pl\/blog\/wp-content\/uploads\/2019\/02\/biblioteka-modern-150x150.jpg 150w, https:\/\/mojebambino.pl\/blog\/wp-content\/uploads\/2019\/02\/biblioteka-modern-300x300.jpg 300w, https:\/\/mojebambino.pl\/blog\/wp-content\/uploads\/2019\/02\/biblioteka-modern-230x230.jpg 230w\" sizes=\"(max-width: 600px) 100vw, 600px\" \/><\/p>\n<p>&nbsp;<\/p>\n","protected":false},"excerpt":{"rendered":"<p>O tym, \u017ce nale\u017cy czyta\u0107 dzieciom, wiadomo nie od dzi\u015b, ale w jakich warunkach i okoliczno\u015bciach powinien odbywa\u0107 si\u0119 ten proces? &nbsp; Ca\u0142kiem niedawno\u00a0Pani Dorota Szwugier pisa\u0142a na temat tego,&#8230;<\/p>\n","protected":false},"author":4,"featured_media":692,"comment_status":"closed","ping_status":"closed","sticky":false,"template":"","format":"standard","meta":{"footnotes":""},"categories":[8,12,7,10,6,15],"tags":[],"yoast_head":"<!-- This site is optimized with the Yoast SEO plugin v21.9.1 - https:\/\/yoast.com\/wordpress\/plugins\/seo\/ -->\n<title>JAK ORGANIZOWA\u0106 CZYTANIE DZIECIOM? - Blog - porady pedagogiczne<\/title>\n<meta name=\"robots\" content=\"index, follow, max-snippet:-1, max-image-preview:large, max-video-preview:-1\" \/>\n<link rel=\"canonical\" href=\"https:\/\/mojebambino.pl\/blog\/index.php\/2019\/02\/13\/jak-organizowac-czytanie-dzieciom\/\" \/>\n<meta property=\"og:locale\" content=\"pl_PL\" \/>\n<meta property=\"og:type\" content=\"article\" \/>\n<meta property=\"og:title\" content=\"JAK ORGANIZOWA\u0106 CZYTANIE DZIECIOM? - Blog - porady pedagogiczne\" \/>\n<meta property=\"og:description\" content=\"O tym, \u017ce nale\u017cy czyta\u0107 dzieciom, wiadomo nie od dzi\u015b, ale w jakich warunkach i okoliczno\u015bciach powinien odbywa\u0107 si\u0119 ten proces? &nbsp; Ca\u0142kiem niedawno\u00a0Pani Dorota Szwugier pisa\u0142a na temat tego,...\" \/>\n<meta property=\"og:url\" content=\"https:\/\/mojebambino.pl\/blog\/index.php\/2019\/02\/13\/jak-organizowac-czytanie-dzieciom\/\" \/>\n<meta property=\"og:site_name\" content=\"Blog - porady pedagogiczne\" \/>\n<meta property=\"article:published_time\" content=\"2019-02-13T11:57:11+00:00\" \/>\n<meta property=\"article:modified_time\" content=\"2024-12-10T14:34:22+00:00\" \/>\n<meta property=\"og:image\" content=\"https:\/\/mojebambino.pl\/blog\/wp-content\/uploads\/2019\/02\/biblioteka-modern-pufy.jpg\" \/>\n\t<meta property=\"og:image:width\" content=\"600\" \/>\n\t<meta property=\"og:image:height\" content=\"600\" \/>\n\t<meta property=\"og:image:type\" content=\"image\/jpeg\" \/>\n<meta name=\"author\" content=\"Aleksandra Pe\u0142ka\" \/>\n<meta name=\"twitter:card\" content=\"summary_large_image\" \/>\n<meta name=\"twitter:label1\" content=\"Napisane przez\" \/>\n\t<meta name=\"twitter:data1\" content=\"Aleksandra Pe\u0142ka\" \/>\n\t<meta name=\"twitter:label2\" content=\"Szacowany czas czytania\" \/>\n\t<meta name=\"twitter:data2\" content=\"2 minuty\" \/>\n<script type=\"application\/ld+json\" class=\"yoast-schema-graph\">{\"@context\":\"https:\/\/schema.org\",\"@graph\":[{\"@type\":\"Article\",\"@id\":\"https:\/\/mojebambino.pl\/blog\/index.php\/2019\/02\/13\/jak-organizowac-czytanie-dzieciom\/#article\",\"isPartOf\":{\"@id\":\"https:\/\/mojebambino.pl\/blog\/index.php\/2019\/02\/13\/jak-organizowac-czytanie-dzieciom\/\"},\"author\":{\"name\":\"Aleksandra Pe\u0142ka\",\"@id\":\"https:\/\/mojebambino.pl\/blog\/#\/schema\/person\/bc7d7e99b4a51ea8a262f28a0bf44834\"},\"headline\":\"JAK ORGANIZOWA\u0106 CZYTANIE DZIECIOM?\",\"datePublished\":\"2019-02-13T11:57:11+00:00\",\"dateModified\":\"2024-12-10T14:34:22+00:00\",\"mainEntityOfPage\":{\"@id\":\"https:\/\/mojebambino.pl\/blog\/index.php\/2019\/02\/13\/jak-organizowac-czytanie-dzieciom\/\"},\"wordCount\":454,\"publisher\":{\"@id\":\"https:\/\/mojebambino.pl\/blog\/#organization\"},\"articleSection\":[\"Dla ka\u017cdego\",\"Dla rodzic\u00f3w\",\"Pedagog szkolny\",\"Porady eksperckie\",\"\u015awietlica\",\"Szko\u0142a\"],\"inLanguage\":\"pl-PL\"},{\"@type\":\"WebPage\",\"@id\":\"https:\/\/mojebambino.pl\/blog\/index.php\/2019\/02\/13\/jak-organizowac-czytanie-dzieciom\/\",\"url\":\"https:\/\/mojebambino.pl\/blog\/index.php\/2019\/02\/13\/jak-organizowac-czytanie-dzieciom\/\",\"name\":\"JAK ORGANIZOWA\u0106 CZYTANIE DZIECIOM? - Blog - porady pedagogiczne\",\"isPartOf\":{\"@id\":\"https:\/\/mojebambino.pl\/blog\/#website\"},\"datePublished\":\"2019-02-13T11:57:11+00:00\",\"dateModified\":\"2024-12-10T14:34:22+00:00\",\"breadcrumb\":{\"@id\":\"https:\/\/mojebambino.pl\/blog\/index.php\/2019\/02\/13\/jak-organizowac-czytanie-dzieciom\/#breadcrumb\"},\"inLanguage\":\"pl-PL\",\"potentialAction\":[{\"@type\":\"ReadAction\",\"target\":[\"https:\/\/mojebambino.pl\/blog\/index.php\/2019\/02\/13\/jak-organizowac-czytanie-dzieciom\/\"]}]},{\"@type\":\"BreadcrumbList\",\"@id\":\"https:\/\/mojebambino.pl\/blog\/index.php\/2019\/02\/13\/jak-organizowac-czytanie-dzieciom\/#breadcrumb\",\"itemListElement\":[{\"@type\":\"ListItem\",\"position\":1,\"name\":\"Home\",\"item\":\"https:\/\/mojebambino.pl\/blog\/\"},{\"@type\":\"ListItem\",\"position\":2,\"name\":\"JAK ORGANIZOWA\u0106 CZYTANIE DZIECIOM?\"}]},{\"@type\":\"WebSite\",\"@id\":\"https:\/\/mojebambino.pl\/blog\/#website\",\"url\":\"https:\/\/mojebambino.pl\/blog\/\",\"name\":\"Blog - porady pedagogiczne\",\"description\":\"\",\"publisher\":{\"@id\":\"https:\/\/mojebambino.pl\/blog\/#organization\"},\"potentialAction\":[{\"@type\":\"SearchAction\",\"target\":{\"@type\":\"EntryPoint\",\"urlTemplate\":\"https:\/\/mojebambino.pl\/blog\/?s={search_term_string}\"},\"query-input\":\"required name=search_term_string\"}],\"inLanguage\":\"pl-PL\"},{\"@type\":\"Organization\",\"@id\":\"https:\/\/mojebambino.pl\/blog\/#organization\",\"name\":\"Blog - porady pedagogiczne\",\"url\":\"https:\/\/mojebambino.pl\/blog\/\",\"logo\":{\"@type\":\"ImageObject\",\"inLanguage\":\"pl-PL\",\"@id\":\"https:\/\/mojebambino.pl\/blog\/#\/schema\/logo\/image\/\",\"url\":\"https:\/\/mojebambino.pl\/blog\/wp-content\/uploads\/2024\/11\/cropped-MOJE_BAMBINO_LOGO.png\",\"contentUrl\":\"https:\/\/mojebambino.pl\/blog\/wp-content\/uploads\/2024\/11\/cropped-MOJE_BAMBINO_LOGO.png\",\"width\":248,\"height\":103,\"caption\":\"Blog - porady pedagogiczne\"},\"image\":{\"@id\":\"https:\/\/mojebambino.pl\/blog\/#\/schema\/logo\/image\/\"}},{\"@type\":\"Person\",\"@id\":\"https:\/\/mojebambino.pl\/blog\/#\/schema\/person\/bc7d7e99b4a51ea8a262f28a0bf44834\",\"name\":\"Aleksandra Pe\u0142ka\",\"image\":{\"@type\":\"ImageObject\",\"inLanguage\":\"pl-PL\",\"@id\":\"https:\/\/mojebambino.pl\/blog\/#\/schema\/person\/image\/\",\"url\":\"https:\/\/secure.gravatar.com\/avatar\/901219d8c8ad75f8a1e14c285fcbac6a?s=96&d=mm&r=g\",\"contentUrl\":\"https:\/\/secure.gravatar.com\/avatar\/901219d8c8ad75f8a1e14c285fcbac6a?s=96&d=mm&r=g\",\"caption\":\"Aleksandra Pe\u0142ka\"},\"url\":\"https:\/\/mojebambino.pl\/blog\/index.php\/author\/aleksandra\/\"}]}<\/script>\n<!-- \/ Yoast SEO plugin. -->","yoast_head_json":{"title":"JAK ORGANIZOWA\u0106 CZYTANIE DZIECIOM? - Blog - porady pedagogiczne","robots":{"index":"index","follow":"follow","max-snippet":"max-snippet:-1","max-image-preview":"max-image-preview:large","max-video-preview":"max-video-preview:-1"},"canonical":"https:\/\/mojebambino.pl\/blog\/index.php\/2019\/02\/13\/jak-organizowac-czytanie-dzieciom\/","og_locale":"pl_PL","og_type":"article","og_title":"JAK ORGANIZOWA\u0106 CZYTANIE DZIECIOM? - Blog - porady pedagogiczne","og_description":"O tym, \u017ce nale\u017cy czyta\u0107 dzieciom, wiadomo nie od dzi\u015b, ale w jakich warunkach i okoliczno\u015bciach powinien odbywa\u0107 si\u0119 ten proces? &nbsp; Ca\u0142kiem niedawno\u00a0Pani Dorota Szwugier pisa\u0142a na temat tego,...","og_url":"https:\/\/mojebambino.pl\/blog\/index.php\/2019\/02\/13\/jak-organizowac-czytanie-dzieciom\/","og_site_name":"Blog - porady pedagogiczne","article_published_time":"2019-02-13T11:57:11+00:00","article_modified_time":"2024-12-10T14:34:22+00:00","og_image":[{"width":600,"height":600,"url":"https:\/\/mojebambino.pl\/blog\/wp-content\/uploads\/2019\/02\/biblioteka-modern-pufy.jpg","type":"image\/jpeg"}],"author":"Aleksandra Pe\u0142ka","twitter_card":"summary_large_image","twitter_misc":{"Napisane przez":"Aleksandra Pe\u0142ka","Szacowany czas czytania":"2 minuty"},"schema":{"@context":"https:\/\/schema.org","@graph":[{"@type":"Article","@id":"https:\/\/mojebambino.pl\/blog\/index.php\/2019\/02\/13\/jak-organizowac-czytanie-dzieciom\/#article","isPartOf":{"@id":"https:\/\/mojebambino.pl\/blog\/index.php\/2019\/02\/13\/jak-organizowac-czytanie-dzieciom\/"},"author":{"name":"Aleksandra Pe\u0142ka","@id":"https:\/\/mojebambino.pl\/blog\/#\/schema\/person\/bc7d7e99b4a51ea8a262f28a0bf44834"},"headline":"JAK ORGANIZOWA\u0106 CZYTANIE DZIECIOM?","datePublished":"2019-02-13T11:57:11+00:00","dateModified":"2024-12-10T14:34:22+00:00","mainEntityOfPage":{"@id":"https:\/\/mojebambino.pl\/blog\/index.php\/2019\/02\/13\/jak-organizowac-czytanie-dzieciom\/"},"wordCount":454,"publisher":{"@id":"https:\/\/mojebambino.pl\/blog\/#organization"},"articleSection":["Dla ka\u017cdego","Dla rodzic\u00f3w","Pedagog szkolny","Porady eksperckie","\u015awietlica","Szko\u0142a"],"inLanguage":"pl-PL"},{"@type":"WebPage","@id":"https:\/\/mojebambino.pl\/blog\/index.php\/2019\/02\/13\/jak-organizowac-czytanie-dzieciom\/","url":"https:\/\/mojebambino.pl\/blog\/index.php\/2019\/02\/13\/jak-organizowac-czytanie-dzieciom\/","name":"JAK ORGANIZOWA\u0106 CZYTANIE DZIECIOM? - Blog - porady pedagogiczne","isPartOf":{"@id":"https:\/\/mojebambino.pl\/blog\/#website"},"datePublished":"2019-02-13T11:57:11+00:00","dateModified":"2024-12-10T14:34:22+00:00","breadcrumb":{"@id":"https:\/\/mojebambino.pl\/blog\/index.php\/2019\/02\/13\/jak-organizowac-czytanie-dzieciom\/#breadcrumb"},"inLanguage":"pl-PL","potentialAction":[{"@type":"ReadAction","target":["https:\/\/mojebambino.pl\/blog\/index.php\/2019\/02\/13\/jak-organizowac-czytanie-dzieciom\/"]}]},{"@type":"BreadcrumbList","@id":"https:\/\/mojebambino.pl\/blog\/index.php\/2019\/02\/13\/jak-organizowac-czytanie-dzieciom\/#breadcrumb","itemListElement":[{"@type":"ListItem","position":1,"name":"Home","item":"https:\/\/mojebambino.pl\/blog\/"},{"@type":"ListItem","position":2,"name":"JAK ORGANIZOWA\u0106 CZYTANIE DZIECIOM?"}]},{"@type":"WebSite","@id":"https:\/\/mojebambino.pl\/blog\/#website","url":"https:\/\/mojebambino.pl\/blog\/","name":"Blog - porady pedagogiczne","description":"","publisher":{"@id":"https:\/\/mojebambino.pl\/blog\/#organization"},"potentialAction":[{"@type":"SearchAction","target":{"@type":"EntryPoint","urlTemplate":"https:\/\/mojebambino.pl\/blog\/?s={search_term_string}"},"query-input":"required name=search_term_string"}],"inLanguage":"pl-PL"},{"@type":"Organization","@id":"https:\/\/mojebambino.pl\/blog\/#organization","name":"Blog - porady pedagogiczne","url":"https:\/\/mojebambino.pl\/blog\/","logo":{"@type":"ImageObject","inLanguage":"pl-PL","@id":"https:\/\/mojebambino.pl\/blog\/#\/schema\/logo\/image\/","url":"https:\/\/mojebambino.pl\/blog\/wp-content\/uploads\/2024\/11\/cropped-MOJE_BAMBINO_LOGO.png","contentUrl":"https:\/\/mojebambino.pl\/blog\/wp-content\/uploads\/2024\/11\/cropped-MOJE_BAMBINO_LOGO.png","width":248,"height":103,"caption":"Blog - porady pedagogiczne"},"image":{"@id":"https:\/\/mojebambino.pl\/blog\/#\/schema\/logo\/image\/"}},{"@type":"Person","@id":"https:\/\/mojebambino.pl\/blog\/#\/schema\/person\/bc7d7e99b4a51ea8a262f28a0bf44834","name":"Aleksandra Pe\u0142ka","image":{"@type":"ImageObject","inLanguage":"pl-PL","@id":"https:\/\/mojebambino.pl\/blog\/#\/schema\/person\/image\/","url":"https:\/\/secure.gravatar.com\/avatar\/901219d8c8ad75f8a1e14c285fcbac6a?s=96&d=mm&r=g","contentUrl":"https:\/\/secure.gravatar.com\/avatar\/901219d8c8ad75f8a1e14c285fcbac6a?s=96&d=mm&r=g","caption":"Aleksandra Pe\u0142ka"},"url":"https:\/\/mojebambino.pl\/blog\/index.php\/author\/aleksandra\/"}]}},"_links":{"self":[{"href":"https:\/\/mojebambino.pl\/blog\/index.php\/wp-json\/wp\/v2\/posts\/688"}],"collection":[{"href":"https:\/\/mojebambino.pl\/blog\/index.php\/wp-json\/wp\/v2\/posts"}],"about":[{"href":"https:\/\/mojebambino.pl\/blog\/index.php\/wp-json\/wp\/v2\/types\/post"}],"author":[{"embeddable":true,"href":"https:\/\/mojebambino.pl\/blog\/index.php\/wp-json\/wp\/v2\/users\/4"}],"replies":[{"embeddable":true,"href":"https:\/\/mojebambino.pl\/blog\/index.php\/wp-json\/wp\/v2\/comments?post=688"}],"version-history":[{"count":8,"href":"https:\/\/mojebambino.pl\/blog\/index.php\/wp-json\/wp\/v2\/posts\/688\/revisions"}],"predecessor-version":[{"id":6057,"href":"https:\/\/mojebambino.pl\/blog\/index.php\/wp-json\/wp\/v2\/posts\/688\/revisions\/6057"}],"wp:featuredmedia":[{"embeddable":true,"href":"https:\/\/mojebambino.pl\/blog\/index.php\/wp-json\/wp\/v2\/media\/692"}],"wp:attachment":[{"href":"https:\/\/mojebambino.pl\/blog\/index.php\/wp-json\/wp\/v2\/media?parent=688"}],"wp:term":[{"taxonomy":"category","embeddable":true,"href":"https:\/\/mojebambino.pl\/blog\/index.php\/wp-json\/wp\/v2\/categories?post=688"},{"taxonomy":"post_tag","embeddable":true,"href":"https:\/\/mojebambino.pl\/blog\/index.php\/wp-json\/wp\/v2\/tags?post=688"}],"curies":[{"name":"wp","href":"https:\/\/api.w.org\/{rel}","templated":true}]}}