{"id":665,"date":"2019-02-05T14:10:47","date_gmt":"2019-02-05T13:10:47","guid":{"rendered":"http:\/\/mojebambino.pl\/blog\/?p=665"},"modified":"2024-12-10T15:46:53","modified_gmt":"2024-12-10T14:46:53","slug":"dzien-bezpiecznego-internetu","status":"publish","type":"post","link":"https:\/\/mojebambino.pl\/blog\/index.php\/2019\/02\/05\/dzien-bezpiecznego-internetu\/","title":{"rendered":"Dzie\u0144 Bezpiecznego Internetu"},"content":{"rendered":"<h1>Dzie\u0144 Bezpiecznego Internetu<\/h1>\n<p>&nbsp;<\/p>\n<p>Dzi\u015b obchodzimy Dzie\u0144 Bezpiecznego Internetu, jest to doskona\u0142a okazja do tego, by poprowadzi\u0107 z dzie\u0107mi lekcje ta temat tego dobrodziejstwa XXI wieku. Cudu techniki, kt\u00f3ry odmieni\u0142 \u015bwiat, ale kt\u00f3ry te\u017c jednocze\u015bnie kryje w sobie\u00a0<span style=\"font-size: 14px;\">wiele niebezpiecze\u0144stw. <\/span><\/p>\n<p><span style=\"font-size: 14px;\">Jak skutecznie ich unika\u0107? Na pewno pomocne b\u0119dzie zastosowanie poni\u017cszych rad.<\/span><\/p>\n<p>Zach\u0119camy do pobierania plakatu zawieraj\u0105cego kilka rad\u00a0 do wydrukowania i zawieszenia w klasie.<\/p>\n<p><img fetchpriority=\"high\" decoding=\"async\" class=\"alignnone size-full wp-image-666\" src=\"http:\/\/mojebambino.pl\/blog\/wp-content\/uploads\/2019\/02\/dzien-bezpiecznego-internetu.jpg\" alt=\"\" width=\"678\" height=\"960\" srcset=\"https:\/\/mojebambino.pl\/blog\/wp-content\/uploads\/2019\/02\/dzien-bezpiecznego-internetu.jpg 678w, https:\/\/mojebambino.pl\/blog\/wp-content\/uploads\/2019\/02\/dzien-bezpiecznego-internetu-212x300.jpg 212w\" sizes=\"(max-width: 678px) 100vw, 678px\" \/><\/p>\n<p>Kontynuuj\u0105c temat, je\u015bli zadajecie sobie pytanie:<\/p>\n<p>&#8211; W jaki spos\u00f3b przekazywa\u0107 uczniom wiedz\u0119 na temat bezpiecze\u0144stwa w sieci?<\/p>\n<p>Przedstawiamy <strong>Zestaw edukacyjny\u00a0FONOLANDIA,<\/strong> czyli gotowy do wdro\u017cenia program, kt\u00f3ry zawiera pakiet materia\u0142\u00f3w pozwalaj\u0105cych na om\u00f3wienie kwestii zwi\u0105zanych z odpowiedzialnym i bezpiecznym korzystaniem z medi\u00f3w cyfrowych. Program umo\u017cliwia przekaz wiedzy dotycz\u0105cej u\u017cywania smartfon\u00f3w, tablet\u00f3w czy Internetu. Podczas poszczeg\u00f3lnych zaj\u0119\u0107\u00a0dzieci ucz\u0105 si\u0119, czym s\u0105 media cyfrowe i urz\u0105dzenia mobilne oraz jak z nich odpowiedzialnie korzysta\u0107, poznaj\u0105 r\u00f3wnie\u017c skutki nadu\u017cywania telefon\u00f3w kom\u00f3rkowych, smartfon\u00f3w, tablet\u00f3w czy komputer\u00f3w.<\/p>\n<p>W sk\u0142ad pakietu wchodzi przewodnik metodyczny, poradnik dla nauczyciela, karty pracy, zeszyt \u0107wicze\u0144 dla dzieci, 48 kart obrazkowych, plansze edukacyjne, gry oraz plakaty. Wszystkie artyku\u0142y umieszczone zosta\u0142y w wygodnym pude\u0142ku.<\/p>\n<p>Pomoc dydaktyczna <strong>FONOLANDIA\u00a0<\/strong>przeznaczona jest dla dw\u00f3ch grup wiekowych, jeden zestaw stworzony zosta\u0142 z my\u015bl\u0105 o\u00a0<a href=\"https:\/\/mojebambino.pl\/14192\/Fonolandia-Zestaw-edukacyjny-dla-dzieci-w-wieku-5-6-lat\/137100\"><span style=\"font-size: 14px;\">dzieciach w wieku przedszkolnym w wieku od\u00a0<\/span>5 do 6 lat<\/a>, drugi dla <a href=\"https:\/\/mojebambino.pl\/14194\/Fonolandia-Zestaw-edukacyjny-dla-dzieci-w-klasach-1-3\/137102\">dzieci w wieku szkolnym w klasach 1 &#8211; 3 szko\u0142y podstawowej.\u00a0<\/a><\/p>\n<p><img decoding=\"async\" class=\"alignnone size-full wp-image-669\" src=\"http:\/\/mojebambino.pl\/blog\/wp-content\/uploads\/2019\/02\/fonolandia-klasy-1-3.jpg\" alt=\"\" width=\"600\" height=\"600\" srcset=\"https:\/\/mojebambino.pl\/blog\/wp-content\/uploads\/2019\/02\/fonolandia-klasy-1-3.jpg 600w, https:\/\/mojebambino.pl\/blog\/wp-content\/uploads\/2019\/02\/fonolandia-klasy-1-3-150x150.jpg 150w, https:\/\/mojebambino.pl\/blog\/wp-content\/uploads\/2019\/02\/fonolandia-klasy-1-3-300x300.jpg 300w, https:\/\/mojebambino.pl\/blog\/wp-content\/uploads\/2019\/02\/fonolandia-klasy-1-3-230x230.jpg 230w\" sizes=\"(max-width: 600px) 100vw, 600px\" \/><\/p>\n<p><img decoding=\"async\" class=\"alignnone size-full wp-image-668\" src=\"http:\/\/mojebambino.pl\/blog\/wp-content\/uploads\/2019\/02\/Fonolandia-6-6-lat.jpg\" alt=\"\" width=\"600\" height=\"600\" srcset=\"https:\/\/mojebambino.pl\/blog\/wp-content\/uploads\/2019\/02\/Fonolandia-6-6-lat.jpg 600w, https:\/\/mojebambino.pl\/blog\/wp-content\/uploads\/2019\/02\/Fonolandia-6-6-lat-150x150.jpg 150w, https:\/\/mojebambino.pl\/blog\/wp-content\/uploads\/2019\/02\/Fonolandia-6-6-lat-300x300.jpg 300w, https:\/\/mojebambino.pl\/blog\/wp-content\/uploads\/2019\/02\/Fonolandia-6-6-lat-230x230.jpg 230w\" sizes=\"(max-width: 600px) 100vw, 600px\" \/><\/p>\n<p>Zestaw edukacyjny FONOLANDIA dedykowany jest przede wszystkim dla<strong>\u00a0nauczycieli wychowania przedszkolnego i<\/strong><strong>\u00a0nauczycieli edukacji wczesnoszkolnej, <\/strong>ale z powodzeniem mo\u017ce by\u0107 stosowany r\u00f3wnie\u017c przez <strong>psycholog\u00f3w i pedagog\u00f3w szkolnych,<\/strong>\u00a0<strong>pracownik\u00f3w poradni psychologiczno-pedagogicznych oraz<\/strong>\u00a0<strong>rodzic\u00f3w w domu.\u00a0<\/strong><\/p>\n<p>Nauczyciele wykorzystaj\u0105 zestaw podczas lekcji wychowawczych, psycholodzy i pedagodzy mog\u0105 u\u017cywa\u0107 go w trakcie zaj\u0119\u0107 w poradniach oraz zaj\u0119\u0107 socjoterapeutycznych\u00a0<span style=\"font-family: Helvetica, sans-serif; font-size: 14px; font-style: normal; font-weight: 400;\">dotycz\u0105cych e-uzale\u017cnie\u0144<\/span><span style=\"font-size: 14px;\">. Co wi\u0119cej d<\/span><span style=\"font-family: Helvetica, sans-serif; font-size: 14px; font-style: normal; font-weight: 400;\">zi\u0119ki kartom obrazkowym, grom memo czy planszom edukacyjnym r\u00f3wnie\u017c i sami\u00a0<\/span><span style=\"font-size: 14px;\">rodzice mog\u0105 wprowadza\u0107 ten wa\u017cny temat podczas zabawy.<\/span><\/p>\n<p><strong>Zapewne pojawia si\u0119 u Was teraz pytanie w jaki spos\u00f3b pracowa\u0107 z zestawem?<\/strong><\/p>\n<p>G\u0142\u00f3wni bohaterowie i przewodnicy po programie, czyli\u00a0Ida i Antek\u00a0przygotowali dla dzieci ca\u0142\u0105 gam\u0119 ciekawych przyg\u00f3d i zada\u0144 edukacyjno-rozrywkowych.\u00a0Na uczestnik\u00f3w projektu czeka\u00a0<strong>15 blok\u00f3w tematycznych<\/strong>, kt\u00f3re nauczyciele mog\u0105 realizowa\u0107 systematycznie przez ca\u0142y rok szkolny, natomiast rodzice, psycholodzy i pedagodzy mog\u0105 omawia\u0107 je w dowolnej kolejno\u015bci.<\/p>\n<p><strong>Poruszane w zestawie edukacyjnym FONOLANDIA zagadnienia wpisuj\u0105 si\u0119 w podstawowe kierunki realizacji polityki o\u015bwiatowej pa\u0144stwa w roku szkolnym 2018\/2019\u00a0okre\u015blone przez MEN\u00a0(pkt 4. Rozwijanie kompetencji cyfrowych uczni\u00f3w i nauczycieli. Bezpieczne i odpowiedzialne korzystanie z zasob\u00f3w dost\u0119pnych w sieci)<\/strong>.<\/p>\n<p>Ponadto oferujemy wsparcie merytoryczne w formie szkolenia na temat \u201e<a href=\"https:\/\/mojebambino.pl\/22508\/Szkolenie-Naduzywanie-mediow-cyfrowych-przez-dzieci-i-mlodziez\/U202\">Nadu\u017cywania medi\u00f3w cyfrowych przez dzieci i m\u0142odzie\u017c\u201d<\/a> dost\u0119pne na stronie <a href=\"http:\/\/www.mojebambino.pl\">www.mojebambino.pl<\/a><\/p>\n<p>&nbsp;<\/p>\n<p>Opracowanie: Aleksandra Pe\u0142ka,<\/p>\n<p>pedagog i kulturoznawca<\/p>\n","protected":false},"excerpt":{"rendered":"<p>Dzie\u0144 Bezpiecznego Internetu &nbsp; Dzi\u015b obchodzimy Dzie\u0144 Bezpiecznego Internetu, jest to doskona\u0142a okazja do tego, by poprowadzi\u0107 z dzie\u0107mi lekcje ta temat tego dobrodziejstwa XXI wieku. Cudu techniki, kt\u00f3ry odmieni\u0142&#8230;<\/p>\n","protected":false},"author":4,"featured_media":6757,"comment_status":"closed","ping_status":"closed","sticky":false,"template":"","format":"standard","meta":{"footnotes":""},"categories":[8,12,7,6,15],"tags":[],"yoast_head":"<!-- This site is optimized with the Yoast SEO plugin v21.9.1 - https:\/\/yoast.com\/wordpress\/plugins\/seo\/ -->\n<title>Dzie\u0144 Bezpiecznego Internetu - Blog - porady pedagogiczne<\/title>\n<meta name=\"robots\" content=\"index, follow, max-snippet:-1, max-image-preview:large, max-video-preview:-1\" \/>\n<link rel=\"canonical\" href=\"https:\/\/mojebambino.pl\/blog\/index.php\/2019\/02\/05\/dzien-bezpiecznego-internetu\/\" \/>\n<meta property=\"og:locale\" content=\"pl_PL\" \/>\n<meta property=\"og:type\" content=\"article\" \/>\n<meta property=\"og:title\" content=\"Dzie\u0144 Bezpiecznego Internetu - Blog - porady pedagogiczne\" \/>\n<meta property=\"og:description\" content=\"Dzie\u0144 Bezpiecznego Internetu &nbsp; Dzi\u015b obchodzimy Dzie\u0144 Bezpiecznego Internetu, jest to doskona\u0142a okazja do tego, by poprowadzi\u0107 z dzie\u0107mi lekcje ta temat tego dobrodziejstwa XXI wieku. Cudu techniki, kt\u00f3ry odmieni\u0142...\" \/>\n<meta property=\"og:url\" content=\"https:\/\/mojebambino.pl\/blog\/index.php\/2019\/02\/05\/dzien-bezpiecznego-internetu\/\" \/>\n<meta property=\"og:site_name\" content=\"Blog - porady pedagogiczne\" \/>\n<meta property=\"article:published_time\" content=\"2019-02-05T13:10:47+00:00\" \/>\n<meta property=\"article:modified_time\" content=\"2024-12-10T14:46:53+00:00\" \/>\n<meta property=\"og:image\" content=\"https:\/\/mojebambino.pl\/blog\/wp-content\/uploads\/2019\/02\/WIZ-SZK-MB-0044_a_23-e1733841968105.jpg\" \/>\n\t<meta property=\"og:image:width\" content=\"1000\" \/>\n\t<meta property=\"og:image:height\" content=\"701\" \/>\n\t<meta property=\"og:image:type\" content=\"image\/jpeg\" \/>\n<meta name=\"author\" content=\"Aleksandra Pe\u0142ka\" \/>\n<meta name=\"twitter:card\" content=\"summary_large_image\" \/>\n<meta name=\"twitter:label1\" content=\"Napisane przez\" \/>\n\t<meta name=\"twitter:data1\" content=\"Aleksandra Pe\u0142ka\" \/>\n\t<meta name=\"twitter:label2\" content=\"Szacowany czas czytania\" \/>\n\t<meta name=\"twitter:data2\" content=\"2 minuty\" \/>\n<script type=\"application\/ld+json\" class=\"yoast-schema-graph\">{\"@context\":\"https:\/\/schema.org\",\"@graph\":[{\"@type\":\"Article\",\"@id\":\"https:\/\/mojebambino.pl\/blog\/index.php\/2019\/02\/05\/dzien-bezpiecznego-internetu\/#article\",\"isPartOf\":{\"@id\":\"https:\/\/mojebambino.pl\/blog\/index.php\/2019\/02\/05\/dzien-bezpiecznego-internetu\/\"},\"author\":{\"name\":\"Aleksandra Pe\u0142ka\",\"@id\":\"https:\/\/mojebambino.pl\/blog\/#\/schema\/person\/bc7d7e99b4a51ea8a262f28a0bf44834\"},\"headline\":\"Dzie\u0144 Bezpiecznego Internetu\",\"datePublished\":\"2019-02-05T13:10:47+00:00\",\"dateModified\":\"2024-12-10T14:46:53+00:00\",\"mainEntityOfPage\":{\"@id\":\"https:\/\/mojebambino.pl\/blog\/index.php\/2019\/02\/05\/dzien-bezpiecznego-internetu\/\"},\"wordCount\":492,\"publisher\":{\"@id\":\"https:\/\/mojebambino.pl\/blog\/#organization\"},\"articleSection\":[\"Dla ka\u017cdego\",\"Dla rodzic\u00f3w\",\"Pedagog szkolny\",\"\u015awietlica\",\"Szko\u0142a\"],\"inLanguage\":\"pl-PL\"},{\"@type\":\"WebPage\",\"@id\":\"https:\/\/mojebambino.pl\/blog\/index.php\/2019\/02\/05\/dzien-bezpiecznego-internetu\/\",\"url\":\"https:\/\/mojebambino.pl\/blog\/index.php\/2019\/02\/05\/dzien-bezpiecznego-internetu\/\",\"name\":\"Dzie\u0144 Bezpiecznego Internetu - Blog - porady pedagogiczne\",\"isPartOf\":{\"@id\":\"https:\/\/mojebambino.pl\/blog\/#website\"},\"datePublished\":\"2019-02-05T13:10:47+00:00\",\"dateModified\":\"2024-12-10T14:46:53+00:00\",\"breadcrumb\":{\"@id\":\"https:\/\/mojebambino.pl\/blog\/index.php\/2019\/02\/05\/dzien-bezpiecznego-internetu\/#breadcrumb\"},\"inLanguage\":\"pl-PL\",\"potentialAction\":[{\"@type\":\"ReadAction\",\"target\":[\"https:\/\/mojebambino.pl\/blog\/index.php\/2019\/02\/05\/dzien-bezpiecznego-internetu\/\"]}]},{\"@type\":\"BreadcrumbList\",\"@id\":\"https:\/\/mojebambino.pl\/blog\/index.php\/2019\/02\/05\/dzien-bezpiecznego-internetu\/#breadcrumb\",\"itemListElement\":[{\"@type\":\"ListItem\",\"position\":1,\"name\":\"Home\",\"item\":\"https:\/\/mojebambino.pl\/blog\/\"},{\"@type\":\"ListItem\",\"position\":2,\"name\":\"Dzie\u0144 Bezpiecznego Internetu\"}]},{\"@type\":\"WebSite\",\"@id\":\"https:\/\/mojebambino.pl\/blog\/#website\",\"url\":\"https:\/\/mojebambino.pl\/blog\/\",\"name\":\"Blog - porady pedagogiczne\",\"description\":\"\",\"publisher\":{\"@id\":\"https:\/\/mojebambino.pl\/blog\/#organization\"},\"potentialAction\":[{\"@type\":\"SearchAction\",\"target\":{\"@type\":\"EntryPoint\",\"urlTemplate\":\"https:\/\/mojebambino.pl\/blog\/?s={search_term_string}\"},\"query-input\":\"required name=search_term_string\"}],\"inLanguage\":\"pl-PL\"},{\"@type\":\"Organization\",\"@id\":\"https:\/\/mojebambino.pl\/blog\/#organization\",\"name\":\"Blog - porady pedagogiczne\",\"url\":\"https:\/\/mojebambino.pl\/blog\/\",\"logo\":{\"@type\":\"ImageObject\",\"inLanguage\":\"pl-PL\",\"@id\":\"https:\/\/mojebambino.pl\/blog\/#\/schema\/logo\/image\/\",\"url\":\"https:\/\/mojebambino.pl\/blog\/wp-content\/uploads\/2024\/11\/cropped-MOJE_BAMBINO_LOGO.png\",\"contentUrl\":\"https:\/\/mojebambino.pl\/blog\/wp-content\/uploads\/2024\/11\/cropped-MOJE_BAMBINO_LOGO.png\",\"width\":248,\"height\":103,\"caption\":\"Blog - porady pedagogiczne\"},\"image\":{\"@id\":\"https:\/\/mojebambino.pl\/blog\/#\/schema\/logo\/image\/\"}},{\"@type\":\"Person\",\"@id\":\"https:\/\/mojebambino.pl\/blog\/#\/schema\/person\/bc7d7e99b4a51ea8a262f28a0bf44834\",\"name\":\"Aleksandra Pe\u0142ka\",\"image\":{\"@type\":\"ImageObject\",\"inLanguage\":\"pl-PL\",\"@id\":\"https:\/\/mojebambino.pl\/blog\/#\/schema\/person\/image\/\",\"url\":\"https:\/\/secure.gravatar.com\/avatar\/901219d8c8ad75f8a1e14c285fcbac6a?s=96&d=mm&r=g\",\"contentUrl\":\"https:\/\/secure.gravatar.com\/avatar\/901219d8c8ad75f8a1e14c285fcbac6a?s=96&d=mm&r=g\",\"caption\":\"Aleksandra Pe\u0142ka\"},\"url\":\"https:\/\/mojebambino.pl\/blog\/index.php\/author\/aleksandra\/\"}]}<\/script>\n<!-- \/ Yoast SEO plugin. -->","yoast_head_json":{"title":"Dzie\u0144 Bezpiecznego Internetu - Blog - porady pedagogiczne","robots":{"index":"index","follow":"follow","max-snippet":"max-snippet:-1","max-image-preview":"max-image-preview:large","max-video-preview":"max-video-preview:-1"},"canonical":"https:\/\/mojebambino.pl\/blog\/index.php\/2019\/02\/05\/dzien-bezpiecznego-internetu\/","og_locale":"pl_PL","og_type":"article","og_title":"Dzie\u0144 Bezpiecznego Internetu - Blog - porady pedagogiczne","og_description":"Dzie\u0144 Bezpiecznego Internetu &nbsp; Dzi\u015b obchodzimy Dzie\u0144 Bezpiecznego Internetu, jest to doskona\u0142a okazja do tego, by poprowadzi\u0107 z dzie\u0107mi lekcje ta temat tego dobrodziejstwa XXI wieku. Cudu techniki, kt\u00f3ry odmieni\u0142...","og_url":"https:\/\/mojebambino.pl\/blog\/index.php\/2019\/02\/05\/dzien-bezpiecznego-internetu\/","og_site_name":"Blog - porady pedagogiczne","article_published_time":"2019-02-05T13:10:47+00:00","article_modified_time":"2024-12-10T14:46:53+00:00","og_image":[{"width":1000,"height":701,"url":"https:\/\/mojebambino.pl\/blog\/wp-content\/uploads\/2019\/02\/WIZ-SZK-MB-0044_a_23-e1733841968105.jpg","type":"image\/jpeg"}],"author":"Aleksandra Pe\u0142ka","twitter_card":"summary_large_image","twitter_misc":{"Napisane przez":"Aleksandra Pe\u0142ka","Szacowany czas czytania":"2 minuty"},"schema":{"@context":"https:\/\/schema.org","@graph":[{"@type":"Article","@id":"https:\/\/mojebambino.pl\/blog\/index.php\/2019\/02\/05\/dzien-bezpiecznego-internetu\/#article","isPartOf":{"@id":"https:\/\/mojebambino.pl\/blog\/index.php\/2019\/02\/05\/dzien-bezpiecznego-internetu\/"},"author":{"name":"Aleksandra Pe\u0142ka","@id":"https:\/\/mojebambino.pl\/blog\/#\/schema\/person\/bc7d7e99b4a51ea8a262f28a0bf44834"},"headline":"Dzie\u0144 Bezpiecznego Internetu","datePublished":"2019-02-05T13:10:47+00:00","dateModified":"2024-12-10T14:46:53+00:00","mainEntityOfPage":{"@id":"https:\/\/mojebambino.pl\/blog\/index.php\/2019\/02\/05\/dzien-bezpiecznego-internetu\/"},"wordCount":492,"publisher":{"@id":"https:\/\/mojebambino.pl\/blog\/#organization"},"articleSection":["Dla ka\u017cdego","Dla rodzic\u00f3w","Pedagog szkolny","\u015awietlica","Szko\u0142a"],"inLanguage":"pl-PL"},{"@type":"WebPage","@id":"https:\/\/mojebambino.pl\/blog\/index.php\/2019\/02\/05\/dzien-bezpiecznego-internetu\/","url":"https:\/\/mojebambino.pl\/blog\/index.php\/2019\/02\/05\/dzien-bezpiecznego-internetu\/","name":"Dzie\u0144 Bezpiecznego Internetu - Blog - porady pedagogiczne","isPartOf":{"@id":"https:\/\/mojebambino.pl\/blog\/#website"},"datePublished":"2019-02-05T13:10:47+00:00","dateModified":"2024-12-10T14:46:53+00:00","breadcrumb":{"@id":"https:\/\/mojebambino.pl\/blog\/index.php\/2019\/02\/05\/dzien-bezpiecznego-internetu\/#breadcrumb"},"inLanguage":"pl-PL","potentialAction":[{"@type":"ReadAction","target":["https:\/\/mojebambino.pl\/blog\/index.php\/2019\/02\/05\/dzien-bezpiecznego-internetu\/"]}]},{"@type":"BreadcrumbList","@id":"https:\/\/mojebambino.pl\/blog\/index.php\/2019\/02\/05\/dzien-bezpiecznego-internetu\/#breadcrumb","itemListElement":[{"@type":"ListItem","position":1,"name":"Home","item":"https:\/\/mojebambino.pl\/blog\/"},{"@type":"ListItem","position":2,"name":"Dzie\u0144 Bezpiecznego Internetu"}]},{"@type":"WebSite","@id":"https:\/\/mojebambino.pl\/blog\/#website","url":"https:\/\/mojebambino.pl\/blog\/","name":"Blog - porady pedagogiczne","description":"","publisher":{"@id":"https:\/\/mojebambino.pl\/blog\/#organization"},"potentialAction":[{"@type":"SearchAction","target":{"@type":"EntryPoint","urlTemplate":"https:\/\/mojebambino.pl\/blog\/?s={search_term_string}"},"query-input":"required name=search_term_string"}],"inLanguage":"pl-PL"},{"@type":"Organization","@id":"https:\/\/mojebambino.pl\/blog\/#organization","name":"Blog - porady pedagogiczne","url":"https:\/\/mojebambino.pl\/blog\/","logo":{"@type":"ImageObject","inLanguage":"pl-PL","@id":"https:\/\/mojebambino.pl\/blog\/#\/schema\/logo\/image\/","url":"https:\/\/mojebambino.pl\/blog\/wp-content\/uploads\/2024\/11\/cropped-MOJE_BAMBINO_LOGO.png","contentUrl":"https:\/\/mojebambino.pl\/blog\/wp-content\/uploads\/2024\/11\/cropped-MOJE_BAMBINO_LOGO.png","width":248,"height":103,"caption":"Blog - porady pedagogiczne"},"image":{"@id":"https:\/\/mojebambino.pl\/blog\/#\/schema\/logo\/image\/"}},{"@type":"Person","@id":"https:\/\/mojebambino.pl\/blog\/#\/schema\/person\/bc7d7e99b4a51ea8a262f28a0bf44834","name":"Aleksandra Pe\u0142ka","image":{"@type":"ImageObject","inLanguage":"pl-PL","@id":"https:\/\/mojebambino.pl\/blog\/#\/schema\/person\/image\/","url":"https:\/\/secure.gravatar.com\/avatar\/901219d8c8ad75f8a1e14c285fcbac6a?s=96&d=mm&r=g","contentUrl":"https:\/\/secure.gravatar.com\/avatar\/901219d8c8ad75f8a1e14c285fcbac6a?s=96&d=mm&r=g","caption":"Aleksandra Pe\u0142ka"},"url":"https:\/\/mojebambino.pl\/blog\/index.php\/author\/aleksandra\/"}]}},"_links":{"self":[{"href":"https:\/\/mojebambino.pl\/blog\/index.php\/wp-json\/wp\/v2\/posts\/665"}],"collection":[{"href":"https:\/\/mojebambino.pl\/blog\/index.php\/wp-json\/wp\/v2\/posts"}],"about":[{"href":"https:\/\/mojebambino.pl\/blog\/index.php\/wp-json\/wp\/v2\/types\/post"}],"author":[{"embeddable":true,"href":"https:\/\/mojebambino.pl\/blog\/index.php\/wp-json\/wp\/v2\/users\/4"}],"replies":[{"embeddable":true,"href":"https:\/\/mojebambino.pl\/blog\/index.php\/wp-json\/wp\/v2\/comments?post=665"}],"version-history":[{"count":6,"href":"https:\/\/mojebambino.pl\/blog\/index.php\/wp-json\/wp\/v2\/posts\/665\/revisions"}],"predecessor-version":[{"id":6060,"href":"https:\/\/mojebambino.pl\/blog\/index.php\/wp-json\/wp\/v2\/posts\/665\/revisions\/6060"}],"wp:featuredmedia":[{"embeddable":true,"href":"https:\/\/mojebambino.pl\/blog\/index.php\/wp-json\/wp\/v2\/media\/6757"}],"wp:attachment":[{"href":"https:\/\/mojebambino.pl\/blog\/index.php\/wp-json\/wp\/v2\/media?parent=665"}],"wp:term":[{"taxonomy":"category","embeddable":true,"href":"https:\/\/mojebambino.pl\/blog\/index.php\/wp-json\/wp\/v2\/categories?post=665"},{"taxonomy":"post_tag","embeddable":true,"href":"https:\/\/mojebambino.pl\/blog\/index.php\/wp-json\/wp\/v2\/tags?post=665"}],"curies":[{"name":"wp","href":"https:\/\/api.w.org\/{rel}","templated":true}]}}