{"id":652,"date":"2019-01-29T14:46:21","date_gmt":"2019-01-29T13:46:21","guid":{"rendered":"http:\/\/mojebambino.pl\/blog\/?p=652"},"modified":"2024-12-11T09:20:14","modified_gmt":"2024-12-11T08:20:14","slug":"aktywna-tablica-2019","status":"publish","type":"post","link":"https:\/\/mojebambino.pl\/blog\/index.php\/2019\/01\/29\/aktywna-tablica-2019\/","title":{"rendered":"Aktywna tablica &#8211; 2019"},"content":{"rendered":"<h1>Szanowni Pa\u0144stwo, ruszy\u0142a ostatnia edycja rz\u0105dowego programu <strong>\u201eAktywna Tablica\u201d<\/strong><\/h1>\n<h5><\/h5>\n<p>Jest to program Ministerstwa Edukacji Narodowej, kt\u00f3rego celem jest doposa\u017cenie szkolnej infrastruktury w sprz\u0119t umo\u017cliwiaj\u0105cy wykorzystanie cyfrowych rozwi\u0105za\u0144 edukacyjnych.<\/p>\n<p>Korzystaj\u0105c z programu mog\u0105 Pa\u0144stwo otrzyma\u0107 a\u017c 80 % dofinansowania na zakup <a href=\"https:\/\/mojebambino.pl\/421\/Tablice-multimedialne\">tablic interaktywnych<\/a>, <a href=\"https:\/\/mojebambino.pl\/463\/Projektory-wizualizery-i-akcesoria\">projektor\u00f3w, projektor\u00f3w ultrakr\u00f3tkoogniskowych,<\/a> <a href=\"https:\/\/mojebambino.pl\/323\/Zestawy-multimedialne\">zestaw\u00f3w multimedialnych<\/a>, <a href=\"https:\/\/mojebambino.pl\/501\/Monitory-interaktywne\">monitor\u00f3w<\/a> oraz rzutnik\u00f3w.<\/p>\n<p><img fetchpriority=\"high\" decoding=\"async\" class=\"alignnone size-full wp-image-653\" src=\"http:\/\/mojebambino.pl\/blog\/wp-content\/uploads\/2019\/01\/altywna-tablica-2019.png\" alt=\"\" width=\"1000\" height=\"304\" srcset=\"https:\/\/mojebambino.pl\/blog\/wp-content\/uploads\/2019\/01\/altywna-tablica-2019.png 1000w, https:\/\/mojebambino.pl\/blog\/wp-content\/uploads\/2019\/01\/altywna-tablica-2019-300x91.png 300w, https:\/\/mojebambino.pl\/blog\/wp-content\/uploads\/2019\/01\/altywna-tablica-2019-768x233.png 768w\" sizes=\"(max-width: 1000px) 100vw, 1000px\" \/><\/p>\n<p>Program skierowany jest do publicznych i niepublicznych szk\u00f3\u0142 podstawowych, szk\u00f3\u0142 artystycznych oraz szk\u00f3\u0142 podstawowych w zak\u0142adach poprawczych i schroniskach dla nieletnich, a tak\u017ce szk\u00f3\u0142 i zespo\u0142\u00f3w szk\u00f3\u0142 przy plac\u00f3wkach dyplomatycznych.<\/p>\n<p><strong>Wniosek o dofinansowanie mo\u017cna sk\u0142ada\u0107 do 15 kwietnia 2019 roku.\u00a0<\/strong><\/p>\n<p>Program rz\u0105dowy Aktywna Tablica 2019 przewiduje 14\u00a0000 z\u0142otych jako maksymaln\u0105 kwot\u0119 dofinansowania na jedn\u0105 plac\u00f3wk\u0119, wk\u0142ad w\u0142asny jaki musi ponie\u015b\u0107 organ prowadz\u0105cy to 3 500 z\u0142otych (80% bud\u017cet pa\u0144stwa, 20% bud\u017cet organ\u00f3w prowadz\u0105cych).<\/p>\n<p>Wymagania stawiane wobec szk\u00f3\u0142, kt\u00f3re s\u0105 zainteresowane udzia\u0142em w projekcie to:<\/p>\n<ul>\n<li>Dost\u0119p do Internetu na poziomie co najmniej 30 Mb\/s<\/li>\n<li>Jeden punkt dost\u0119powy, do korzystania z Internetu w ramach zaj\u0119\u0107 pozalekcyjnych oraz w czasie wolnym<\/li>\n<li>Na jedn\u0105 wnioskowan\u0105 tablic\u0119 interaktywn\u0105 lub jeden wnioskowany interaktywny monitor dotykowy (szko\u0142a musi posiada\u0107 co najmniej jeden)<br \/>\n&#8211; przeno\u015bny komputer lub inne mobilne urz\u0105dzenie maj\u0105ce funkcje komputera wraz z preinstalowanym systemem operacyjnym, oprogramowaniem biurowym, antywirusowym, zabezpieczaj\u0105cym przed dost\u0119pem do tre\u015bci niepo\u017c\u0105danych,<br \/>\n&#8211; router oraz sal\u0119 lekcyjn\u0105 z dost\u0119pem do Internetu<\/li>\n<\/ul>\n<p>&nbsp;<\/p>\n<p>Program Aktywna Tablica to niepowtarzalna okazja do podniesienia jako\u015bci edukacji. Wykorzystanie nowych technologii podczas zaj\u0119\u0107 sprawi, \u017ce lekcje stan\u0105 ciekawsze, a uczniowie z wi\u0119kszym zainteresowaniem b\u0119d\u0105 bra\u0107 w nich udzia\u0142 i ch\u0119tniej si\u0119 anga\u017cowa\u0107.<\/p>\n<p>Zastosowanie nowych technologii w edukacji to szansa na podniesienie kompetencji uczni\u00f3w i nauczycieli przez zmian\u0119 sposobu my\u015blenia na temat mo\u017cliwo\u015bci wykorzystania nowoczesnych pomocy dydaktycznych.<\/p>\n<p>Zach\u0119camy do zapoznania si\u0119 z <a href=\"https:\/\/mojebambino.pl\/aktywna-tablica-2020-2024\/\">ofert\u0105 Moje Bambino<\/a>, gdzie odnajd\u0105 Pa\u0144stwo specjaln\u0105 kategori\u0119 Aktywna Tablica 2019, na kt\u00f3rej umieszczone s\u0105 wnioski do pobrania oraz kategoria produkt\u00f3w dedykowanych temu projektowi. Zapraszamy.<\/p>\n<p><img decoding=\"async\" class=\"alignnone size-full wp-image-655\" src=\"http:\/\/mojebambino.pl\/blog\/wp-content\/uploads\/2019\/01\/tablica-interaktywna-zestaw.jpg\" alt=\"\" width=\"600\" height=\"600\" srcset=\"https:\/\/mojebambino.pl\/blog\/wp-content\/uploads\/2019\/01\/tablica-interaktywna-zestaw.jpg 600w, https:\/\/mojebambino.pl\/blog\/wp-content\/uploads\/2019\/01\/tablica-interaktywna-zestaw-150x150.jpg 150w, https:\/\/mojebambino.pl\/blog\/wp-content\/uploads\/2019\/01\/tablica-interaktywna-zestaw-300x300.jpg 300w, https:\/\/mojebambino.pl\/blog\/wp-content\/uploads\/2019\/01\/tablica-interaktywna-zestaw-230x230.jpg 230w\" sizes=\"(max-width: 600px) 100vw, 600px\" \/><\/p>\n<p>&nbsp;<\/p>\n<p>Opr. Aleksandra Pe\u0142ka: pedagog, animator kultury, kulturoznawca<\/p>\n","protected":false},"excerpt":{"rendered":"<p>Szanowni Pa\u0144stwo, ruszy\u0142a ostatnia edycja rz\u0105dowego programu \u201eAktywna Tablica\u201d Jest to program Ministerstwa Edukacji Narodowej, kt\u00f3rego celem jest doposa\u017cenie szkolnej infrastruktury w sprz\u0119t umo\u017cliwiaj\u0105cy wykorzystanie cyfrowych rozwi\u0105za\u0144 edukacyjnych. Korzystaj\u0105c z&#8230;<\/p>\n","protected":false},"author":4,"featured_media":6779,"comment_status":"closed","ping_status":"closed","sticky":false,"template":"","format":"standard","meta":{"footnotes":""},"categories":[1,11,32,6,15],"tags":[],"yoast_head":"<!-- This site is optimized with the Yoast SEO plugin v21.9.1 - https:\/\/yoast.com\/wordpress\/plugins\/seo\/ -->\n<title>Aktywna tablica - 2019 - Blog - porady pedagogiczne<\/title>\n<meta name=\"robots\" content=\"index, follow, max-snippet:-1, max-image-preview:large, max-video-preview:-1\" \/>\n<link rel=\"canonical\" href=\"https:\/\/mojebambino.pl\/blog\/index.php\/2019\/01\/29\/aktywna-tablica-2019\/\" \/>\n<meta property=\"og:locale\" content=\"pl_PL\" \/>\n<meta property=\"og:type\" content=\"article\" \/>\n<meta property=\"og:title\" content=\"Aktywna tablica - 2019 - Blog - porady pedagogiczne\" \/>\n<meta property=\"og:description\" content=\"Szanowni Pa\u0144stwo, ruszy\u0142a ostatnia edycja rz\u0105dowego programu \u201eAktywna Tablica\u201d Jest to program Ministerstwa Edukacji Narodowej, kt\u00f3rego celem jest doposa\u017cenie szkolnej infrastruktury w sprz\u0119t umo\u017cliwiaj\u0105cy wykorzystanie cyfrowych rozwi\u0105za\u0144 edukacyjnych. Korzystaj\u0105c z...\" \/>\n<meta property=\"og:url\" content=\"https:\/\/mojebambino.pl\/blog\/index.php\/2019\/01\/29\/aktywna-tablica-2019\/\" \/>\n<meta property=\"og:site_name\" content=\"Blog - porady pedagogiczne\" \/>\n<meta property=\"article:published_time\" content=\"2019-01-29T13:46:21+00:00\" \/>\n<meta property=\"article:modified_time\" content=\"2024-12-11T08:20:14+00:00\" \/>\n<meta property=\"og:image\" content=\"https:\/\/mojebambino.pl\/blog\/wp-content\/uploads\/2019\/01\/031958_j_22-e1733905175235.jpg\" \/>\n\t<meta property=\"og:image:width\" content=\"1000\" \/>\n\t<meta property=\"og:image:height\" content=\"608\" \/>\n\t<meta property=\"og:image:type\" content=\"image\/jpeg\" \/>\n<meta name=\"author\" content=\"Aleksandra Pe\u0142ka\" \/>\n<meta name=\"twitter:card\" content=\"summary_large_image\" \/>\n<meta name=\"twitter:label1\" content=\"Napisane przez\" \/>\n\t<meta name=\"twitter:data1\" content=\"Aleksandra Pe\u0142ka\" \/>\n\t<meta name=\"twitter:label2\" content=\"Szacowany czas czytania\" \/>\n\t<meta name=\"twitter:data2\" content=\"2 minuty\" \/>\n<script type=\"application\/ld+json\" class=\"yoast-schema-graph\">{\"@context\":\"https:\/\/schema.org\",\"@graph\":[{\"@type\":\"Article\",\"@id\":\"https:\/\/mojebambino.pl\/blog\/index.php\/2019\/01\/29\/aktywna-tablica-2019\/#article\",\"isPartOf\":{\"@id\":\"https:\/\/mojebambino.pl\/blog\/index.php\/2019\/01\/29\/aktywna-tablica-2019\/\"},\"author\":{\"name\":\"Aleksandra Pe\u0142ka\",\"@id\":\"https:\/\/mojebambino.pl\/blog\/#\/schema\/person\/bc7d7e99b4a51ea8a262f28a0bf44834\"},\"headline\":\"Aktywna tablica &#8211; 2019\",\"datePublished\":\"2019-01-29T13:46:21+00:00\",\"dateModified\":\"2024-12-11T08:20:14+00:00\",\"mainEntityOfPage\":{\"@id\":\"https:\/\/mojebambino.pl\/blog\/index.php\/2019\/01\/29\/aktywna-tablica-2019\/\"},\"wordCount\":359,\"publisher\":{\"@id\":\"https:\/\/mojebambino.pl\/blog\/#organization\"},\"articleSection\":{\"1\":\"Projekty edukacyjne\",\"2\":\"SPE\",\"3\":\"\u015awietlica\",\"4\":\"Szko\u0142a\"},\"inLanguage\":\"pl-PL\"},{\"@type\":\"WebPage\",\"@id\":\"https:\/\/mojebambino.pl\/blog\/index.php\/2019\/01\/29\/aktywna-tablica-2019\/\",\"url\":\"https:\/\/mojebambino.pl\/blog\/index.php\/2019\/01\/29\/aktywna-tablica-2019\/\",\"name\":\"Aktywna tablica - 2019 - Blog - porady pedagogiczne\",\"isPartOf\":{\"@id\":\"https:\/\/mojebambino.pl\/blog\/#website\"},\"datePublished\":\"2019-01-29T13:46:21+00:00\",\"dateModified\":\"2024-12-11T08:20:14+00:00\",\"breadcrumb\":{\"@id\":\"https:\/\/mojebambino.pl\/blog\/index.php\/2019\/01\/29\/aktywna-tablica-2019\/#breadcrumb\"},\"inLanguage\":\"pl-PL\",\"potentialAction\":[{\"@type\":\"ReadAction\",\"target\":[\"https:\/\/mojebambino.pl\/blog\/index.php\/2019\/01\/29\/aktywna-tablica-2019\/\"]}]},{\"@type\":\"BreadcrumbList\",\"@id\":\"https:\/\/mojebambino.pl\/blog\/index.php\/2019\/01\/29\/aktywna-tablica-2019\/#breadcrumb\",\"itemListElement\":[{\"@type\":\"ListItem\",\"position\":1,\"name\":\"Home\",\"item\":\"https:\/\/mojebambino.pl\/blog\/\"},{\"@type\":\"ListItem\",\"position\":2,\"name\":\"Aktywna tablica &#8211; 2019\"}]},{\"@type\":\"WebSite\",\"@id\":\"https:\/\/mojebambino.pl\/blog\/#website\",\"url\":\"https:\/\/mojebambino.pl\/blog\/\",\"name\":\"Blog - porady pedagogiczne\",\"description\":\"\",\"publisher\":{\"@id\":\"https:\/\/mojebambino.pl\/blog\/#organization\"},\"potentialAction\":[{\"@type\":\"SearchAction\",\"target\":{\"@type\":\"EntryPoint\",\"urlTemplate\":\"https:\/\/mojebambino.pl\/blog\/?s={search_term_string}\"},\"query-input\":\"required name=search_term_string\"}],\"inLanguage\":\"pl-PL\"},{\"@type\":\"Organization\",\"@id\":\"https:\/\/mojebambino.pl\/blog\/#organization\",\"name\":\"Blog - porady pedagogiczne\",\"url\":\"https:\/\/mojebambino.pl\/blog\/\",\"logo\":{\"@type\":\"ImageObject\",\"inLanguage\":\"pl-PL\",\"@id\":\"https:\/\/mojebambino.pl\/blog\/#\/schema\/logo\/image\/\",\"url\":\"https:\/\/mojebambino.pl\/blog\/wp-content\/uploads\/2024\/11\/cropped-MOJE_BAMBINO_LOGO.png\",\"contentUrl\":\"https:\/\/mojebambino.pl\/blog\/wp-content\/uploads\/2024\/11\/cropped-MOJE_BAMBINO_LOGO.png\",\"width\":248,\"height\":103,\"caption\":\"Blog - porady pedagogiczne\"},\"image\":{\"@id\":\"https:\/\/mojebambino.pl\/blog\/#\/schema\/logo\/image\/\"}},{\"@type\":\"Person\",\"@id\":\"https:\/\/mojebambino.pl\/blog\/#\/schema\/person\/bc7d7e99b4a51ea8a262f28a0bf44834\",\"name\":\"Aleksandra Pe\u0142ka\",\"image\":{\"@type\":\"ImageObject\",\"inLanguage\":\"pl-PL\",\"@id\":\"https:\/\/mojebambino.pl\/blog\/#\/schema\/person\/image\/\",\"url\":\"https:\/\/secure.gravatar.com\/avatar\/901219d8c8ad75f8a1e14c285fcbac6a?s=96&d=mm&r=g\",\"contentUrl\":\"https:\/\/secure.gravatar.com\/avatar\/901219d8c8ad75f8a1e14c285fcbac6a?s=96&d=mm&r=g\",\"caption\":\"Aleksandra Pe\u0142ka\"},\"url\":\"https:\/\/mojebambino.pl\/blog\/index.php\/author\/aleksandra\/\"}]}<\/script>\n<!-- \/ Yoast SEO plugin. -->","yoast_head_json":{"title":"Aktywna tablica - 2019 - Blog - porady pedagogiczne","robots":{"index":"index","follow":"follow","max-snippet":"max-snippet:-1","max-image-preview":"max-image-preview:large","max-video-preview":"max-video-preview:-1"},"canonical":"https:\/\/mojebambino.pl\/blog\/index.php\/2019\/01\/29\/aktywna-tablica-2019\/","og_locale":"pl_PL","og_type":"article","og_title":"Aktywna tablica - 2019 - Blog - porady pedagogiczne","og_description":"Szanowni Pa\u0144stwo, ruszy\u0142a ostatnia edycja rz\u0105dowego programu \u201eAktywna Tablica\u201d Jest to program Ministerstwa Edukacji Narodowej, kt\u00f3rego celem jest doposa\u017cenie szkolnej infrastruktury w sprz\u0119t umo\u017cliwiaj\u0105cy wykorzystanie cyfrowych rozwi\u0105za\u0144 edukacyjnych. Korzystaj\u0105c z...","og_url":"https:\/\/mojebambino.pl\/blog\/index.php\/2019\/01\/29\/aktywna-tablica-2019\/","og_site_name":"Blog - porady pedagogiczne","article_published_time":"2019-01-29T13:46:21+00:00","article_modified_time":"2024-12-11T08:20:14+00:00","og_image":[{"width":1000,"height":608,"url":"https:\/\/mojebambino.pl\/blog\/wp-content\/uploads\/2019\/01\/031958_j_22-e1733905175235.jpg","type":"image\/jpeg"}],"author":"Aleksandra Pe\u0142ka","twitter_card":"summary_large_image","twitter_misc":{"Napisane przez":"Aleksandra Pe\u0142ka","Szacowany czas czytania":"2 minuty"},"schema":{"@context":"https:\/\/schema.org","@graph":[{"@type":"Article","@id":"https:\/\/mojebambino.pl\/blog\/index.php\/2019\/01\/29\/aktywna-tablica-2019\/#article","isPartOf":{"@id":"https:\/\/mojebambino.pl\/blog\/index.php\/2019\/01\/29\/aktywna-tablica-2019\/"},"author":{"name":"Aleksandra Pe\u0142ka","@id":"https:\/\/mojebambino.pl\/blog\/#\/schema\/person\/bc7d7e99b4a51ea8a262f28a0bf44834"},"headline":"Aktywna tablica &#8211; 2019","datePublished":"2019-01-29T13:46:21+00:00","dateModified":"2024-12-11T08:20:14+00:00","mainEntityOfPage":{"@id":"https:\/\/mojebambino.pl\/blog\/index.php\/2019\/01\/29\/aktywna-tablica-2019\/"},"wordCount":359,"publisher":{"@id":"https:\/\/mojebambino.pl\/blog\/#organization"},"articleSection":{"1":"Projekty edukacyjne","2":"SPE","3":"\u015awietlica","4":"Szko\u0142a"},"inLanguage":"pl-PL"},{"@type":"WebPage","@id":"https:\/\/mojebambino.pl\/blog\/index.php\/2019\/01\/29\/aktywna-tablica-2019\/","url":"https:\/\/mojebambino.pl\/blog\/index.php\/2019\/01\/29\/aktywna-tablica-2019\/","name":"Aktywna tablica - 2019 - Blog - porady pedagogiczne","isPartOf":{"@id":"https:\/\/mojebambino.pl\/blog\/#website"},"datePublished":"2019-01-29T13:46:21+00:00","dateModified":"2024-12-11T08:20:14+00:00","breadcrumb":{"@id":"https:\/\/mojebambino.pl\/blog\/index.php\/2019\/01\/29\/aktywna-tablica-2019\/#breadcrumb"},"inLanguage":"pl-PL","potentialAction":[{"@type":"ReadAction","target":["https:\/\/mojebambino.pl\/blog\/index.php\/2019\/01\/29\/aktywna-tablica-2019\/"]}]},{"@type":"BreadcrumbList","@id":"https:\/\/mojebambino.pl\/blog\/index.php\/2019\/01\/29\/aktywna-tablica-2019\/#breadcrumb","itemListElement":[{"@type":"ListItem","position":1,"name":"Home","item":"https:\/\/mojebambino.pl\/blog\/"},{"@type":"ListItem","position":2,"name":"Aktywna tablica &#8211; 2019"}]},{"@type":"WebSite","@id":"https:\/\/mojebambino.pl\/blog\/#website","url":"https:\/\/mojebambino.pl\/blog\/","name":"Blog - porady pedagogiczne","description":"","publisher":{"@id":"https:\/\/mojebambino.pl\/blog\/#organization"},"potentialAction":[{"@type":"SearchAction","target":{"@type":"EntryPoint","urlTemplate":"https:\/\/mojebambino.pl\/blog\/?s={search_term_string}"},"query-input":"required name=search_term_string"}],"inLanguage":"pl-PL"},{"@type":"Organization","@id":"https:\/\/mojebambino.pl\/blog\/#organization","name":"Blog - porady pedagogiczne","url":"https:\/\/mojebambino.pl\/blog\/","logo":{"@type":"ImageObject","inLanguage":"pl-PL","@id":"https:\/\/mojebambino.pl\/blog\/#\/schema\/logo\/image\/","url":"https:\/\/mojebambino.pl\/blog\/wp-content\/uploads\/2024\/11\/cropped-MOJE_BAMBINO_LOGO.png","contentUrl":"https:\/\/mojebambino.pl\/blog\/wp-content\/uploads\/2024\/11\/cropped-MOJE_BAMBINO_LOGO.png","width":248,"height":103,"caption":"Blog - porady pedagogiczne"},"image":{"@id":"https:\/\/mojebambino.pl\/blog\/#\/schema\/logo\/image\/"}},{"@type":"Person","@id":"https:\/\/mojebambino.pl\/blog\/#\/schema\/person\/bc7d7e99b4a51ea8a262f28a0bf44834","name":"Aleksandra Pe\u0142ka","image":{"@type":"ImageObject","inLanguage":"pl-PL","@id":"https:\/\/mojebambino.pl\/blog\/#\/schema\/person\/image\/","url":"https:\/\/secure.gravatar.com\/avatar\/901219d8c8ad75f8a1e14c285fcbac6a?s=96&d=mm&r=g","contentUrl":"https:\/\/secure.gravatar.com\/avatar\/901219d8c8ad75f8a1e14c285fcbac6a?s=96&d=mm&r=g","caption":"Aleksandra Pe\u0142ka"},"url":"https:\/\/mojebambino.pl\/blog\/index.php\/author\/aleksandra\/"}]}},"_links":{"self":[{"href":"https:\/\/mojebambino.pl\/blog\/index.php\/wp-json\/wp\/v2\/posts\/652"}],"collection":[{"href":"https:\/\/mojebambino.pl\/blog\/index.php\/wp-json\/wp\/v2\/posts"}],"about":[{"href":"https:\/\/mojebambino.pl\/blog\/index.php\/wp-json\/wp\/v2\/types\/post"}],"author":[{"embeddable":true,"href":"https:\/\/mojebambino.pl\/blog\/index.php\/wp-json\/wp\/v2\/users\/4"}],"replies":[{"embeddable":true,"href":"https:\/\/mojebambino.pl\/blog\/index.php\/wp-json\/wp\/v2\/comments?post=652"}],"version-history":[{"count":6,"href":"https:\/\/mojebambino.pl\/blog\/index.php\/wp-json\/wp\/v2\/posts\/652\/revisions"}],"predecessor-version":[{"id":6041,"href":"https:\/\/mojebambino.pl\/blog\/index.php\/wp-json\/wp\/v2\/posts\/652\/revisions\/6041"}],"wp:featuredmedia":[{"embeddable":true,"href":"https:\/\/mojebambino.pl\/blog\/index.php\/wp-json\/wp\/v2\/media\/6779"}],"wp:attachment":[{"href":"https:\/\/mojebambino.pl\/blog\/index.php\/wp-json\/wp\/v2\/media?parent=652"}],"wp:term":[{"taxonomy":"category","embeddable":true,"href":"https:\/\/mojebambino.pl\/blog\/index.php\/wp-json\/wp\/v2\/categories?post=652"},{"taxonomy":"post_tag","embeddable":true,"href":"https:\/\/mojebambino.pl\/blog\/index.php\/wp-json\/wp\/v2\/tags?post=652"}],"curies":[{"name":"wp","href":"https:\/\/api.w.org\/{rel}","templated":true}]}}