{"id":643,"date":"2019-01-23T15:09:10","date_gmt":"2019-01-23T14:09:10","guid":{"rendered":"http:\/\/mojebambino.pl\/blog\/?p=643"},"modified":"2024-12-11T09:22:51","modified_gmt":"2024-12-11T08:22:51","slug":"trudnosci-artykulacyjne","status":"publish","type":"post","link":"https:\/\/mojebambino.pl\/blog\/index.php\/2019\/01\/23\/trudnosci-artykulacyjne\/","title":{"rendered":"Najcz\u0119stsze trudno\u015bci artykulacyjne"},"content":{"rendered":"<h1>Mowa jest jedn\u0105 z wa\u017cniejszych form aktywno\u015bci cz\u0142owieka. Jest ona kluczem do wiedzy i wa\u017cnym czynnikiem kszta\u0142tuj\u0105cym osobowo\u015b\u0107<\/h1>\n<p>Dzi\u0119ki mowie poznajemy otaczaj\u0105cy nas \u015bwiat, \u00a0nawi\u0105zujemy kontakty spo\u0142eczne, mo\u017cemy zdobywa\u0107 informacje i precyzyjnie wyra\u017ca\u0107 nasze s\u0105dy, opisywa\u0107 uczucia.\u00a0 Jej zaburzenia powoduj\u0105 poznawcze i spo\u0142eczne konsekwencje. Istnieje te\u017c \u015bcis\u0142a wsp\u00f3\u0142zale\u017cno\u015b\u0107 mi\u0119dzy mow\u0105 a my\u015bleniem. Niska inteligencja op\u00f3\u017ania rozw\u00f3j mowy, a op\u00f3\u017aniony rozw\u00f3j mowy obni\u017ca poziom intelektualny.<\/p>\n<p>Jednym z aspekt\u00f3w mowy jest jej poprawno\u015b\u0107 artykulacyjna. Je\u015bli odbiega ona od normy og\u00f3lnie przyj\u0119tej w danym j\u0119zyku zaburza to rozw\u00f3j poznawczy dziecka i utrudnia kontakt z otoczeniem.<\/p>\n<p>Najwi\u0119ksz\u0105 grup\u0119 wad wymowy stanowi\u0105 wady artykulacyjne zwane dyslali\u0105. Jest to nieprawid\u0142owo\u015b\u0107 w wymawianiu jednej, wielu, a nawet niemal wszystkich g\u0142osek.\u00a0 Wymowa jest wtedy niewyra\u017ana, s\u0142abo rozumiana przez inne osoby, a czasami dziecko bywa nierozumiane nawet przez najbli\u017cszych.<\/p>\n<p>Najcz\u0119stsze trudno\u015bci artykulacyjne, kt\u00f3re mo\u017cemy spotka\u0107 u dzieci to:<\/p>\n<p><strong>Mowa bezd\u017awi\u0119czna, czyli zast\u0119powanie g\u0142osek d\u017awi\u0119cznych ich bezd\u017awi\u0119cznymi odpowiednikami:<\/strong><\/p>\n<table>\n<tbody>\n<tr>\n<td width=\"55\">B<\/td>\n<td width=\"54\">W<\/td>\n<td width=\"55\">G<\/td>\n<td width=\"64\">D<\/td>\n<td width=\"50\">\u0179<\/td>\n<td width=\"57\">D\u0179<\/td>\n<td width=\"56\">Z<\/td>\n<td width=\"62\">DZ<\/td>\n<td width=\"59\">\u017b<\/td>\n<td width=\"55\">D\u017b<\/td>\n<\/tr>\n<tr>\n<td width=\"55\">P<\/td>\n<td width=\"54\">F<\/td>\n<td width=\"55\">K<\/td>\n<td width=\"64\">T<\/td>\n<td width=\"50\">\u015a<\/td>\n<td width=\"57\">\u0106<\/td>\n<td width=\"56\">S<\/td>\n<td width=\"62\">C<\/td>\n<td width=\"59\">SZ<\/td>\n<td width=\"55\">CZ<\/td>\n<\/tr>\n<tr>\n<td width=\"55\">balon<\/p>\n<p>palon<\/td>\n<td width=\"54\">woda<\/p>\n<p>foda<\/td>\n<td width=\"55\">kogut<\/p>\n<p>kokut<\/td>\n<td width=\"64\">domek<\/p>\n<p>tomek<\/td>\n<td width=\"50\">zima<\/p>\n<p>sima<\/td>\n<td width=\"57\">d\u017awig<\/p>\n<p>\u0107wik<\/td>\n<td width=\"56\">zegar<\/p>\n<p>sekar<\/td>\n<td width=\"62\">dzwon<\/p>\n<p>cfon<\/td>\n<td width=\"59\">\u017caba<\/p>\n<p>szapa<\/td>\n<td width=\"55\">d\u017cem<\/p>\n<p>czem<\/td>\n<\/tr>\n<\/tbody>\n<\/table>\n<p><strong><em>Niepoprawna wymowa g\u0142osek k, g, kt\u00f3ra mo\u017ce mie\u0107 form\u0119:<\/em><\/strong><\/p>\n<p>\u00b7\u00a0\u00a0\u00a0\u00a0\u00a0\u00a0\u00a0\u00a0 substytucji, czyli zamiany na g\u0142oski\u00a0 t, d\u00a0 (przesuni\u0119cie miejsca artykulacji z ty\u0142u do przodu jamy ustnej);<\/p>\n<p>\u00b7\u00a0\u00a0\u00a0\u00a0\u00a0\u00a0\u00a0\u00a0 deformacj\u0119 w postaci wymowy bocznej, tj. w czasie artykulacji j\u0119zyk zamiast w linii \u015brodkowej jamy ustnej uk\u0142ada si\u0119 bocznie \u2013 w kierunku prawym lub lewym.<\/p>\n<p>&nbsp;<\/p>\n<p><strong><em>Niepoprawna wymowa g\u0142osek s, z, c, dz\u00a0 w postaci:<\/em><\/strong><\/p>\n<p>\u00b7\u00a0\u00a0\u00a0\u00a0\u00a0\u00a0\u00a0\u00a0 substytucji, czyli zamiany na g\u0142oski\u00a0 \u015b \u017a, \u0107, d\u017a\u00a0 (g\u0142oski fizjologiczne wcze\u015bniejsze),<\/p>\n<p>\u00b7\u00a0\u00a0\u00a0\u00a0\u00a0\u00a0\u00a0\u00a0 substytucji, czyli zamiany na g\u0142oski\u00a0 sz, \u017c, cz, d\u017c \u2013 szczeg\u00f3lnie w okresie, gdy dziecko niedawno opanowa\u0142o umiej\u0119tno\u015b\u0107 artyku\u0142owania tzw. g\u0142osek szumi\u0105cych \u2013 sz, \u017c, cz, d\u017c pojawia si\u0119 hiperpoprawno\u015b\u0107 i w wyrazach pojawia si\u0119 np.\u00a0 \u201esz\u201d zamiast \u201es\u201d ,<br \/>\n\u00b7\u00a0\u00a0\u00a0\u00a0\u00a0\u00a0\u00a0\u00a0 deformacji w postaci wymowy mi\u0119dzyz\u0119bowej, tj. w czasie artykulacji j\u0119zyk znajduje si\u0119 mi\u0119dzy z\u0119bami,<br \/>\n\u00b7\u00a0\u00a0\u00a0\u00a0\u00a0\u00a0\u00a0\u00a0 deformacji w postaci wymowy bocznej, tj. w czasie wymowy j\u0119zyk skr\u0119ca w bok,<br \/>\n\u00b7\u00a0\u00a0\u00a0\u00a0\u00a0\u00a0\u00a0\u00a0 deformacji w postaci mi\u0119dzyz\u0119bowej wymowy bocznej, tj. w czasie artykulacji j\u0119zyk skr\u0119ca w bok i jednocze\u015bnie wysuwa si\u0119\u00a0 mi\u0119dzy z\u0119by.<\/p>\n<p>&nbsp;<\/p>\n<p><strong><em>Niepoprawna wymowa g\u0142osek sz, \u017c, cz, d\u017c mo\u017ce mie\u0107 form\u0119 :<\/em><\/strong><\/p>\n<p>\u00b7\u00a0\u00a0\u00a0\u00a0\u00a0\u00a0\u00a0\u00a0 substytucji, czyli zamiany na g\u0142oski\u00a0 \u015b, \u017a, \u0107, d\u017a\u00a0 lub s, z, c, dz (g\u0142oski fizjologiczne wcze\u015bniejsze),<\/p>\n<p>\u00b7\u00a0\u00a0\u00a0\u00a0\u00a0\u00a0\u00a0\u00a0 deformacji w postaci wymowy mi\u0119dzyz\u0119bowej, tj. w czasie artykulacji j\u0119zyk znajduje si\u0119 mi\u0119dzy z\u0119bami,<\/p>\n<p>\u00b7\u00a0\u00a0\u00a0\u00a0\u00a0\u00a0\u00a0\u00a0 deformacj\u0119 w postaci wymowy bocznej, tj. w czasie wymowy j\u0119zyk skr\u0119ca w bok,<\/p>\n<p>\u00b7\u00a0\u00a0\u00a0\u00a0\u00a0\u00a0\u00a0\u00a0 deformacja w postaci mi\u0119dzyz\u0119bowej wymowy bocznej, tj. w czasie artykulacji j\u0119zyk skr\u0119ca w bok i jednocze\u015bnie wysuwa si\u0119\u00a0 mi\u0119dzy z\u0119by.<\/p>\n<p>&nbsp;<\/p>\n<p><strong>Niepoprawna wymowa g\u0142osek \u201er\u201d\u00a0 mo\u017ce mie\u0107 form\u0119:substytucji, czyli zamiany na g\u0142oski\u00a0 \u201ej\u201d lub \u201el\u201d (g\u0142oski fizjologiczne wcze\u015bniejsze),<\/strong><\/p>\n<p>\u00b7\u00a0 \u00a0 \u00a0 \u00a0 \u00a0opuszczania g\u0142oski [r],<\/p>\n<p>\u00b7\u00a0\u00a0\u00a0\u00a0\u00a0\u00a0\u00a0\u00a0 deformacji, czyli wymawianie zamiast [r] jakiego\u015b innego d\u017awi\u0119ku, kt\u00f3ry rzmieniem nie przypomina innej g\u0142oski j\u0119zyka polskiego,<\/p>\n<p>\u00b7\u00a0\u00a0\u00a0\u00a0\u00a0\u00a0\u00a0\u00a0 deformacji w postaci wymowy mi\u0119dzyz\u0119bowej, tj. w czasie artykulacji j\u0119zyk znajduje si\u0119 mi\u0119dzy z\u0119bami,<\/p>\n<p>\u00b7\u00a0\u00a0\u00a0\u00a0\u00a0\u00a0\u00a0\u00a0 deformacji w postaci wymowy bocznej, tj. w czasie wymowy j\u0119zyk skr\u0119ca w bok.<\/p>\n<p>\u00b7\u00a0\u00a0\u00a0\u00a0\u00a0\u00a0\u00a0\u00a0 deformacja w postaci mi\u0119dzyz\u0119bowej wymowy bocznej, tj. w czasie artykulacji j\u0119zyk skr\u0119ca w bok i jednocze\u015bnie wysuwa si\u0119\u00a0 mi\u0119dzy z\u0119by,<\/p>\n<p>\u00b7\u00a0\u00a0\u00a0\u00a0\u00a0\u00a0\u00a0\u00a0 deformacji w postaci tzw. \u201er \u2013 gard\u0142owego\u201d tj., zamiast czubka j\u0119zyka dr\u017cy tylna \u015bciana gard\u0142a<\/p>\n<p>&nbsp;<\/p>\n<p>Diagnoza poszczeg\u00f3lnych rodzaj\u00f3w wad wymowy i dob\u00f3r w\u0142a\u015bciwej interwencji wymaga konsultacji logopedycznej. W przypadku deformacji konieczne jest podj\u0119cie systematycznych dzia\u0142a\u0144 logopedycznych. Zast\u0119powanie g\u0142osek wcze\u015bniejszymi formami rozwojowymi formy wymaga stymulacji w formie zabaw logopedycznych.<\/p>\n<p>Przyk\u0142adem zabawy logopedycznej do wykonania z dzieckiem w domu mo\u017ce by\u0107 wsp\u00f3lna gra z dzieckiem w\u00a0<a href=\"https:\/\/mojebambino.pl\/15780\/Nasladuj-albo-zgaduj\/199096\">&#8222;Na\u015bladuj albo zgaduj&#8221;<\/a>. jest to pomoc logopedyczna przeznaczona dla\u00a0dzieci o obni\u017conej sprawno\u015bci w zakresie motoryki i czucia u\u0142o\u017cenia narz\u0105d\u00f3w artykulacyjnych. W sk\u0142ad pomocy wchodzi\u00a0zestaw \u0107wicze\u0144 umo\u017cliwiaj\u0105cych usprawnianie praksji oralnej. Dzi\u0119ki<span style=\"font-size: 14px;\">\u00a0do\u0142\u0105czonej do pomocy klepsydry wzmacniana jest motywacja dzieci do wielokrotnego powtarzania tych samych \u0107wicze\u0144.<\/span><\/p>\n<p><img fetchpriority=\"high\" decoding=\"async\" class=\"alignnone size-full wp-image-644\" src=\"http:\/\/mojebambino.pl\/blog\/wp-content\/uploads\/2019\/01\/nasladuj-albo-zgaduj.jpg\" alt=\"\" width=\"600\" height=\"600\" srcset=\"https:\/\/mojebambino.pl\/blog\/wp-content\/uploads\/2019\/01\/nasladuj-albo-zgaduj.jpg 600w, https:\/\/mojebambino.pl\/blog\/wp-content\/uploads\/2019\/01\/nasladuj-albo-zgaduj-150x150.jpg 150w, https:\/\/mojebambino.pl\/blog\/wp-content\/uploads\/2019\/01\/nasladuj-albo-zgaduj-300x300.jpg 300w, https:\/\/mojebambino.pl\/blog\/wp-content\/uploads\/2019\/01\/nasladuj-albo-zgaduj-230x230.jpg 230w\" sizes=\"(max-width: 600px) 100vw, 600px\" \/><\/p>\n<p>Kolejny pomys\u0142 na przyjemn\u0105 zabaw\u0119, kt\u00f3ra jednocze\u015bnie wspiera prac\u0119 nad najcz\u0119stszymi b\u0142\u0119dami artykulacyjnymi to<a href=\"https:\/\/mojebambino.pl\/15710\/Roznicowanie-glosek-cz-c\/199060\"> \u201eR\u00f3\u017cnicowanie g\u0142osek cz-c\u201d<\/a>\u00a0czyli pomoc logopedyczna, kt\u00f3rej \u0107wiczenia s\u0142u\u017c\u0105\u00a0usprawnieniu narz\u0105d\u00f3w artykulacyjnych. Zawarty materia\u0142 wspomaga proces rozr\u00f3\u017cniania przez dziecko g\u0142osek cz i c.<\/p>\n<p>R\u00f3\u017cnicowanie g\u0142osek cz-c sk\u0142ada si\u0119 z 4 cz\u0119\u015bci \u2013 gier:<\/p>\n<p>&#8211; \u201eIdentyfikacja g\u0142oski w wyrazie\u201d<\/p>\n<p>&#8211; \u201eDomino\u201d<\/p>\n<p>&#8211; \u201eOkre\u015blanie miejsca wyst\u0119powania g\u0142oski w wyrazie\u201d<\/p>\n<p>&#8211; \u201ePlansza do r\u00f3\u017cnicowania w\/w g\u0142osek z \u017cetonami\u201d<\/p>\n<p>Ka\u017cda z gier pozwala dziecku na nabycie umiej\u0119tno\u015bci s\u0142uchowego r\u00f3\u017cnicowania g\u0142osek sz-s i cz-c<\/p>\n<p><img decoding=\"async\" class=\"alignnone size-full wp-image-645\" src=\"http:\/\/mojebambino.pl\/blog\/wp-content\/uploads\/2019\/01\/roznicowanie-glosek-cz-c.jpg\" alt=\"\" width=\"600\" height=\"600\" srcset=\"https:\/\/mojebambino.pl\/blog\/wp-content\/uploads\/2019\/01\/roznicowanie-glosek-cz-c.jpg 600w, https:\/\/mojebambino.pl\/blog\/wp-content\/uploads\/2019\/01\/roznicowanie-glosek-cz-c-150x150.jpg 150w, https:\/\/mojebambino.pl\/blog\/wp-content\/uploads\/2019\/01\/roznicowanie-glosek-cz-c-300x300.jpg 300w, https:\/\/mojebambino.pl\/blog\/wp-content\/uploads\/2019\/01\/roznicowanie-glosek-cz-c-230x230.jpg 230w\" sizes=\"(max-width: 600px) 100vw, 600px\" \/><\/p>\n<p>Opr. Marzena Walkowiak<\/p>\n","protected":false},"excerpt":{"rendered":"<p>Mowa jest jedn\u0105 z wa\u017cniejszych form aktywno\u015bci cz\u0142owieka. Jest ona kluczem do wiedzy i wa\u017cnym czynnikiem kszta\u0142tuj\u0105cym osobowo\u015b\u0107 Dzi\u0119ki mowie poznajemy otaczaj\u0105cy nas \u015bwiat, \u00a0nawi\u0105zujemy kontakty spo\u0142eczne, mo\u017cemy zdobywa\u0107 informacje&#8230;<\/p>\n","protected":false},"author":4,"featured_media":6780,"comment_status":"closed","ping_status":"closed","sticky":false,"template":"","format":"standard","meta":{"footnotes":""},"categories":[8,12,17,7,10,32,6,16,5],"tags":[],"yoast_head":"<!-- This site is optimized with the Yoast SEO plugin v21.9.1 - https:\/\/yoast.com\/wordpress\/plugins\/seo\/ -->\n<title>Najcz\u0119stsze trudno\u015bci artykulacyjne - Blog - porady pedagogiczne<\/title>\n<meta name=\"robots\" content=\"index, follow, max-snippet:-1, max-image-preview:large, max-video-preview:-1\" \/>\n<link rel=\"canonical\" href=\"https:\/\/mojebambino.pl\/blog\/index.php\/2019\/01\/23\/trudnosci-artykulacyjne\/\" \/>\n<meta property=\"og:locale\" content=\"pl_PL\" \/>\n<meta property=\"og:type\" content=\"article\" \/>\n<meta property=\"og:title\" content=\"Najcz\u0119stsze trudno\u015bci artykulacyjne - Blog - porady pedagogiczne\" \/>\n<meta property=\"og:description\" content=\"Mowa jest jedn\u0105 z wa\u017cniejszych form aktywno\u015bci cz\u0142owieka. Jest ona kluczem do wiedzy i wa\u017cnym czynnikiem kszta\u0142tuj\u0105cym osobowo\u015b\u0107 Dzi\u0119ki mowie poznajemy otaczaj\u0105cy nas \u015bwiat, \u00a0nawi\u0105zujemy kontakty spo\u0142eczne, mo\u017cemy zdobywa\u0107 informacje...\" \/>\n<meta property=\"og:url\" content=\"https:\/\/mojebambino.pl\/blog\/index.php\/2019\/01\/23\/trudnosci-artykulacyjne\/\" \/>\n<meta property=\"og:site_name\" content=\"Blog - porady pedagogiczne\" \/>\n<meta property=\"article:published_time\" content=\"2019-01-23T14:09:10+00:00\" \/>\n<meta property=\"article:modified_time\" content=\"2024-12-11T08:22:51+00:00\" \/>\n<meta property=\"og:image\" content=\"https:\/\/mojebambino.pl\/blog\/wp-content\/uploads\/2019\/01\/199339_o_23-e1733905324373.jpg\" \/>\n\t<meta property=\"og:image:width\" content=\"1000\" \/>\n\t<meta property=\"og:image:height\" content=\"658\" \/>\n\t<meta property=\"og:image:type\" content=\"image\/jpeg\" \/>\n<meta name=\"author\" content=\"Aleksandra Pe\u0142ka\" \/>\n<meta name=\"twitter:card\" content=\"summary_large_image\" \/>\n<meta name=\"twitter:label1\" content=\"Napisane przez\" \/>\n\t<meta name=\"twitter:data1\" content=\"Aleksandra Pe\u0142ka\" \/>\n\t<meta name=\"twitter:label2\" content=\"Szacowany czas czytania\" \/>\n\t<meta name=\"twitter:data2\" content=\"4 minuty\" \/>\n<script type=\"application\/ld+json\" class=\"yoast-schema-graph\">{\"@context\":\"https:\/\/schema.org\",\"@graph\":[{\"@type\":\"Article\",\"@id\":\"https:\/\/mojebambino.pl\/blog\/index.php\/2019\/01\/23\/trudnosci-artykulacyjne\/#article\",\"isPartOf\":{\"@id\":\"https:\/\/mojebambino.pl\/blog\/index.php\/2019\/01\/23\/trudnosci-artykulacyjne\/\"},\"author\":{\"name\":\"Aleksandra Pe\u0142ka\",\"@id\":\"https:\/\/mojebambino.pl\/blog\/#\/schema\/person\/bc7d7e99b4a51ea8a262f28a0bf44834\"},\"headline\":\"Najcz\u0119stsze trudno\u015bci artykulacyjne\",\"datePublished\":\"2019-01-23T14:09:10+00:00\",\"dateModified\":\"2024-12-11T08:22:51+00:00\",\"mainEntityOfPage\":{\"@id\":\"https:\/\/mojebambino.pl\/blog\/index.php\/2019\/01\/23\/trudnosci-artykulacyjne\/\"},\"wordCount\":874,\"publisher\":{\"@id\":\"https:\/\/mojebambino.pl\/blog\/#organization\"},\"articleSection\":[\"Dla ka\u017cdego\",\"Dla rodzic\u00f3w\",\"Logopedia\",\"Pedagog szkolny\",\"Porady eksperckie\",\"SPE\",\"\u015awietlica\",\"Szko\u0142a ponadpodstawowa\",\"\u017b\u0142obek, Przedszkole\"],\"inLanguage\":\"pl-PL\"},{\"@type\":\"WebPage\",\"@id\":\"https:\/\/mojebambino.pl\/blog\/index.php\/2019\/01\/23\/trudnosci-artykulacyjne\/\",\"url\":\"https:\/\/mojebambino.pl\/blog\/index.php\/2019\/01\/23\/trudnosci-artykulacyjne\/\",\"name\":\"Najcz\u0119stsze trudno\u015bci artykulacyjne - Blog - porady pedagogiczne\",\"isPartOf\":{\"@id\":\"https:\/\/mojebambino.pl\/blog\/#website\"},\"datePublished\":\"2019-01-23T14:09:10+00:00\",\"dateModified\":\"2024-12-11T08:22:51+00:00\",\"breadcrumb\":{\"@id\":\"https:\/\/mojebambino.pl\/blog\/index.php\/2019\/01\/23\/trudnosci-artykulacyjne\/#breadcrumb\"},\"inLanguage\":\"pl-PL\",\"potentialAction\":[{\"@type\":\"ReadAction\",\"target\":[\"https:\/\/mojebambino.pl\/blog\/index.php\/2019\/01\/23\/trudnosci-artykulacyjne\/\"]}]},{\"@type\":\"BreadcrumbList\",\"@id\":\"https:\/\/mojebambino.pl\/blog\/index.php\/2019\/01\/23\/trudnosci-artykulacyjne\/#breadcrumb\",\"itemListElement\":[{\"@type\":\"ListItem\",\"position\":1,\"name\":\"Home\",\"item\":\"https:\/\/mojebambino.pl\/blog\/\"},{\"@type\":\"ListItem\",\"position\":2,\"name\":\"Najcz\u0119stsze trudno\u015bci artykulacyjne\"}]},{\"@type\":\"WebSite\",\"@id\":\"https:\/\/mojebambino.pl\/blog\/#website\",\"url\":\"https:\/\/mojebambino.pl\/blog\/\",\"name\":\"Blog - porady pedagogiczne\",\"description\":\"\",\"publisher\":{\"@id\":\"https:\/\/mojebambino.pl\/blog\/#organization\"},\"potentialAction\":[{\"@type\":\"SearchAction\",\"target\":{\"@type\":\"EntryPoint\",\"urlTemplate\":\"https:\/\/mojebambino.pl\/blog\/?s={search_term_string}\"},\"query-input\":\"required name=search_term_string\"}],\"inLanguage\":\"pl-PL\"},{\"@type\":\"Organization\",\"@id\":\"https:\/\/mojebambino.pl\/blog\/#organization\",\"name\":\"Blog - porady pedagogiczne\",\"url\":\"https:\/\/mojebambino.pl\/blog\/\",\"logo\":{\"@type\":\"ImageObject\",\"inLanguage\":\"pl-PL\",\"@id\":\"https:\/\/mojebambino.pl\/blog\/#\/schema\/logo\/image\/\",\"url\":\"https:\/\/mojebambino.pl\/blog\/wp-content\/uploads\/2024\/11\/cropped-MOJE_BAMBINO_LOGO.png\",\"contentUrl\":\"https:\/\/mojebambino.pl\/blog\/wp-content\/uploads\/2024\/11\/cropped-MOJE_BAMBINO_LOGO.png\",\"width\":248,\"height\":103,\"caption\":\"Blog - porady pedagogiczne\"},\"image\":{\"@id\":\"https:\/\/mojebambino.pl\/blog\/#\/schema\/logo\/image\/\"}},{\"@type\":\"Person\",\"@id\":\"https:\/\/mojebambino.pl\/blog\/#\/schema\/person\/bc7d7e99b4a51ea8a262f28a0bf44834\",\"name\":\"Aleksandra Pe\u0142ka\",\"image\":{\"@type\":\"ImageObject\",\"inLanguage\":\"pl-PL\",\"@id\":\"https:\/\/mojebambino.pl\/blog\/#\/schema\/person\/image\/\",\"url\":\"https:\/\/secure.gravatar.com\/avatar\/901219d8c8ad75f8a1e14c285fcbac6a?s=96&d=mm&r=g\",\"contentUrl\":\"https:\/\/secure.gravatar.com\/avatar\/901219d8c8ad75f8a1e14c285fcbac6a?s=96&d=mm&r=g\",\"caption\":\"Aleksandra Pe\u0142ka\"},\"url\":\"https:\/\/mojebambino.pl\/blog\/index.php\/author\/aleksandra\/\"}]}<\/script>\n<!-- \/ Yoast SEO plugin. -->","yoast_head_json":{"title":"Najcz\u0119stsze trudno\u015bci artykulacyjne - Blog - porady pedagogiczne","robots":{"index":"index","follow":"follow","max-snippet":"max-snippet:-1","max-image-preview":"max-image-preview:large","max-video-preview":"max-video-preview:-1"},"canonical":"https:\/\/mojebambino.pl\/blog\/index.php\/2019\/01\/23\/trudnosci-artykulacyjne\/","og_locale":"pl_PL","og_type":"article","og_title":"Najcz\u0119stsze trudno\u015bci artykulacyjne - Blog - porady pedagogiczne","og_description":"Mowa jest jedn\u0105 z wa\u017cniejszych form aktywno\u015bci cz\u0142owieka. Jest ona kluczem do wiedzy i wa\u017cnym czynnikiem kszta\u0142tuj\u0105cym osobowo\u015b\u0107 Dzi\u0119ki mowie poznajemy otaczaj\u0105cy nas \u015bwiat, \u00a0nawi\u0105zujemy kontakty spo\u0142eczne, mo\u017cemy zdobywa\u0107 informacje...","og_url":"https:\/\/mojebambino.pl\/blog\/index.php\/2019\/01\/23\/trudnosci-artykulacyjne\/","og_site_name":"Blog - porady pedagogiczne","article_published_time":"2019-01-23T14:09:10+00:00","article_modified_time":"2024-12-11T08:22:51+00:00","og_image":[{"width":1000,"height":658,"url":"https:\/\/mojebambino.pl\/blog\/wp-content\/uploads\/2019\/01\/199339_o_23-e1733905324373.jpg","type":"image\/jpeg"}],"author":"Aleksandra Pe\u0142ka","twitter_card":"summary_large_image","twitter_misc":{"Napisane przez":"Aleksandra Pe\u0142ka","Szacowany czas czytania":"4 minuty"},"schema":{"@context":"https:\/\/schema.org","@graph":[{"@type":"Article","@id":"https:\/\/mojebambino.pl\/blog\/index.php\/2019\/01\/23\/trudnosci-artykulacyjne\/#article","isPartOf":{"@id":"https:\/\/mojebambino.pl\/blog\/index.php\/2019\/01\/23\/trudnosci-artykulacyjne\/"},"author":{"name":"Aleksandra Pe\u0142ka","@id":"https:\/\/mojebambino.pl\/blog\/#\/schema\/person\/bc7d7e99b4a51ea8a262f28a0bf44834"},"headline":"Najcz\u0119stsze trudno\u015bci artykulacyjne","datePublished":"2019-01-23T14:09:10+00:00","dateModified":"2024-12-11T08:22:51+00:00","mainEntityOfPage":{"@id":"https:\/\/mojebambino.pl\/blog\/index.php\/2019\/01\/23\/trudnosci-artykulacyjne\/"},"wordCount":874,"publisher":{"@id":"https:\/\/mojebambino.pl\/blog\/#organization"},"articleSection":["Dla ka\u017cdego","Dla rodzic\u00f3w","Logopedia","Pedagog szkolny","Porady eksperckie","SPE","\u015awietlica","Szko\u0142a ponadpodstawowa","\u017b\u0142obek, Przedszkole"],"inLanguage":"pl-PL"},{"@type":"WebPage","@id":"https:\/\/mojebambino.pl\/blog\/index.php\/2019\/01\/23\/trudnosci-artykulacyjne\/","url":"https:\/\/mojebambino.pl\/blog\/index.php\/2019\/01\/23\/trudnosci-artykulacyjne\/","name":"Najcz\u0119stsze trudno\u015bci artykulacyjne - Blog - porady pedagogiczne","isPartOf":{"@id":"https:\/\/mojebambino.pl\/blog\/#website"},"datePublished":"2019-01-23T14:09:10+00:00","dateModified":"2024-12-11T08:22:51+00:00","breadcrumb":{"@id":"https:\/\/mojebambino.pl\/blog\/index.php\/2019\/01\/23\/trudnosci-artykulacyjne\/#breadcrumb"},"inLanguage":"pl-PL","potentialAction":[{"@type":"ReadAction","target":["https:\/\/mojebambino.pl\/blog\/index.php\/2019\/01\/23\/trudnosci-artykulacyjne\/"]}]},{"@type":"BreadcrumbList","@id":"https:\/\/mojebambino.pl\/blog\/index.php\/2019\/01\/23\/trudnosci-artykulacyjne\/#breadcrumb","itemListElement":[{"@type":"ListItem","position":1,"name":"Home","item":"https:\/\/mojebambino.pl\/blog\/"},{"@type":"ListItem","position":2,"name":"Najcz\u0119stsze trudno\u015bci artykulacyjne"}]},{"@type":"WebSite","@id":"https:\/\/mojebambino.pl\/blog\/#website","url":"https:\/\/mojebambino.pl\/blog\/","name":"Blog - porady pedagogiczne","description":"","publisher":{"@id":"https:\/\/mojebambino.pl\/blog\/#organization"},"potentialAction":[{"@type":"SearchAction","target":{"@type":"EntryPoint","urlTemplate":"https:\/\/mojebambino.pl\/blog\/?s={search_term_string}"},"query-input":"required name=search_term_string"}],"inLanguage":"pl-PL"},{"@type":"Organization","@id":"https:\/\/mojebambino.pl\/blog\/#organization","name":"Blog - porady pedagogiczne","url":"https:\/\/mojebambino.pl\/blog\/","logo":{"@type":"ImageObject","inLanguage":"pl-PL","@id":"https:\/\/mojebambino.pl\/blog\/#\/schema\/logo\/image\/","url":"https:\/\/mojebambino.pl\/blog\/wp-content\/uploads\/2024\/11\/cropped-MOJE_BAMBINO_LOGO.png","contentUrl":"https:\/\/mojebambino.pl\/blog\/wp-content\/uploads\/2024\/11\/cropped-MOJE_BAMBINO_LOGO.png","width":248,"height":103,"caption":"Blog - porady pedagogiczne"},"image":{"@id":"https:\/\/mojebambino.pl\/blog\/#\/schema\/logo\/image\/"}},{"@type":"Person","@id":"https:\/\/mojebambino.pl\/blog\/#\/schema\/person\/bc7d7e99b4a51ea8a262f28a0bf44834","name":"Aleksandra Pe\u0142ka","image":{"@type":"ImageObject","inLanguage":"pl-PL","@id":"https:\/\/mojebambino.pl\/blog\/#\/schema\/person\/image\/","url":"https:\/\/secure.gravatar.com\/avatar\/901219d8c8ad75f8a1e14c285fcbac6a?s=96&d=mm&r=g","contentUrl":"https:\/\/secure.gravatar.com\/avatar\/901219d8c8ad75f8a1e14c285fcbac6a?s=96&d=mm&r=g","caption":"Aleksandra Pe\u0142ka"},"url":"https:\/\/mojebambino.pl\/blog\/index.php\/author\/aleksandra\/"}]}},"_links":{"self":[{"href":"https:\/\/mojebambino.pl\/blog\/index.php\/wp-json\/wp\/v2\/posts\/643"}],"collection":[{"href":"https:\/\/mojebambino.pl\/blog\/index.php\/wp-json\/wp\/v2\/posts"}],"about":[{"href":"https:\/\/mojebambino.pl\/blog\/index.php\/wp-json\/wp\/v2\/types\/post"}],"author":[{"embeddable":true,"href":"https:\/\/mojebambino.pl\/blog\/index.php\/wp-json\/wp\/v2\/users\/4"}],"replies":[{"embeddable":true,"href":"https:\/\/mojebambino.pl\/blog\/index.php\/wp-json\/wp\/v2\/comments?post=643"}],"version-history":[{"count":6,"href":"https:\/\/mojebambino.pl\/blog\/index.php\/wp-json\/wp\/v2\/posts\/643\/revisions"}],"predecessor-version":[{"id":6042,"href":"https:\/\/mojebambino.pl\/blog\/index.php\/wp-json\/wp\/v2\/posts\/643\/revisions\/6042"}],"wp:featuredmedia":[{"embeddable":true,"href":"https:\/\/mojebambino.pl\/blog\/index.php\/wp-json\/wp\/v2\/media\/6780"}],"wp:attachment":[{"href":"https:\/\/mojebambino.pl\/blog\/index.php\/wp-json\/wp\/v2\/media?parent=643"}],"wp:term":[{"taxonomy":"category","embeddable":true,"href":"https:\/\/mojebambino.pl\/blog\/index.php\/wp-json\/wp\/v2\/categories?post=643"},{"taxonomy":"post_tag","embeddable":true,"href":"https:\/\/mojebambino.pl\/blog\/index.php\/wp-json\/wp\/v2\/tags?post=643"}],"curies":[{"name":"wp","href":"https:\/\/api.w.org\/{rel}","templated":true}]}}