{"id":513,"date":"2018-11-20T11:53:33","date_gmt":"2018-11-20T10:53:33","guid":{"rendered":"http:\/\/mojebambino.pl\/blog\/?p=513"},"modified":"2024-12-11T10:36:01","modified_gmt":"2024-12-11T09:36:01","slug":"konkurs-przestrzen-dostepnej-szkoly","status":"publish","type":"post","link":"https:\/\/mojebambino.pl\/blog\/index.php\/2018\/11\/20\/konkurs-przestrzen-dostepnej-szkoly\/","title":{"rendered":"Konkurs\u00a0&#8222;Przestrze\u0144 dost\u0119pnej szko\u0142y&#8221;"},"content":{"rendered":"<h1>Konkurs &#8222;Przestrze\u0144 dost\u0119pnej Szko\u0142y&#8221;, czyli jak pozyska\u0107 dodatkowe \u015brodki dla plac\u00f3wki<\/h1>\n<p>&nbsp;<\/p>\n<p>Wszystkie\u00a0<strong>organy prowadz\u0105ce szko\u0142y podstawowe\u00a0<\/strong>zach\u0119cam do sk\u0142adania wniosk\u00f3w &#8211;<span style=\"font-size: 14px;\">\u00a0o<\/span><u style=\"font-family: inherit; font-style: inherit; font-weight: inherit;\">g\u00f3lna pula \u015brodk\u00f3w przeznaczona na dofinansowanie projekt\u00f3w<\/u><span style=\"font-size: 14px;\">\u00a0to a\u017c 100\u00a0000 000 PLN.<\/span><\/p>\n<p>&nbsp;<\/p>\n<p><strong><u>Celem konkursu jest:\u00a0<\/u><\/strong>Eliminowanie barier w zakresie szeroko rozumianej dost\u0119pno\u015bci szk\u00f3\u0142, stworzenie mo\u017cliwo\u015bci dost\u0119pu do form i narz\u0119dzi nauczania zgodnych z potrzebami uczni\u00f3w z niepe\u0142nosprawno\u015bciami i specjalnymi potrzebami edukacyjnymi oraz dost\u0119p do specjalistycznej wiedzy, kompetencji i umiej\u0119tno\u015bci nauczycieli podnosz\u0105cych kwalifikacje w zakresie specjalnych potrzeb edukacyjnych. To r\u00f3wnie\u017c dost\u0119pno\u015b\u0107 do szko\u0142y w aspekcie transportowym, architektonicznym, dostosowania przestrzeni szkolnej dla os\u00f3b z niepe\u0142nosprawno\u015bciami oraz uczni\u00f3w ze specjalnymi potrzebami edukacyjnymi. Dost\u0119pno\u015b\u0107 dotyczy\u0107 b\u0119dzie nie tylko rozwi\u0105za\u0144 wspieraj\u0105cych ucznia, ale i niepe\u0142nosprawnego rodzica i nauczyciela.<\/p>\n<p>W ramach projektu przewidywane jest zastosowanie nowatorskich rozwi\u0105za\u0144 produktowych np. zastosowanie dost\u0119pnych mebli umo\u017cliwiaj\u0105cych elastyczn\u0105 organizacj\u0119 przestrzeni dla r\u00f3\u017cnych typ\u00f3w aktywno\u015bci edukacyjnej i eksperymentalnej oraz wspieraj\u0105cych rozw\u00f3j integracji sensorycznej. Innowacyjne meble b\u0119d\u0105 wsparciem w takiej aran\u017cacji przestrzeni do uczenia si\u0119, kt\u00f3ra w najwi\u0119kszym stopniu odpowiada\u0107 b\u0119dzie na potrzeby dzieci nie tylko z niepe\u0142nosprawno\u015bci\u0105 ruchow\u0105, ale tak\u017ce intelektualn\u0105, czy zaburze\u0144 np. ze 22 spektrum autyzmu.<\/p>\n<p>&nbsp;<\/p>\n<p>A teraz najwa\u017cniejsze!\u00a0<strong>Termin sk\u0142adania wniosk\u00f3w rozpocz\u0105\u0142 si\u0119 13 listopada, natomiast zako\u0144czy si\u0119 17 stycznia 2019 roku.<\/strong><\/p>\n<p><strong>Lista wydatk\u00f3w kwalifikowanych w ramach konkursu:<\/strong><\/p>\n<p>1) dzia\u0142ania podnosz\u0105ce \u015bwiadomo\u015b\u0107 oraz inwestycje w wiedz\u0119, kompetencje i umiej\u0119tno\u015bci nauczycieli i specjalist\u00f3w w zakresie potrzeb uczni\u00f3w z niepe\u0142nosprawno\u015bciami i ze specjalnymi potrzebami edukacyjnymi<\/p>\n<p>2) dzia\u0142ania poprawiaj\u0105ce wsp\u00f3\u0142prac\u0119 szko\u0142y z rodzicami uczni\u00f3w dzieci z niepe\u0142nosprawno\u015bciami lub specjalnymi potrzebami edukacyjnymi<\/p>\n<p>3) zaanga\u017cowanie kadry wspieraj\u0105cej uczni\u00f3w o specjalnych potrzebach (np. asystent osobisty) oraz nauczycieli (specjali\u015bci z zewn\u0105trz)<\/p>\n<p>4) eliminowanie barier architektonicznych w budynkach szk\u00f3\u0142, zgodnie ze standardami dost\u0119pno\u015bci oraz koncepcj\u0105 uniwersalnego projektowania<\/p>\n<p>5) zakup specjalistycznego wyposa\u017cenia, kt\u00f3re b\u0119dzie spe\u0142nia\u0142o standardy dost\u0119pno\u015bci, w tym mi\u0119dzy innymi wyposa\u017cenia meblowego<\/p>\n<p>6) zakup lub wypo\u017cyczenie specjalistycznego sprz\u0119tu wspomagaj\u0105cego np. urz\u0105dze\u0144 i program\u00f3w komputerowych do odczytu tekstu, p\u0119tli indukcyjnych<\/p>\n<p>7) lepsze oznaczanie pomieszcze\u0144, ci\u0105g\u00f3w komunikacyjnych, schod\u00f3w, materia\u0142\u00f3w dydaktycznych, miejsc zabawy, sportu itp.<\/p>\n<p>&nbsp;<\/p>\n<p>Szczeg\u00f3\u0142owe informacje oraz regulamin odnajdziecie tu:<\/p>\n<p><a href=\"https:\/\/www.power.gov.pl\/nabory\/1-197\/\">https:\/\/www.power.gov.pl\/nabory\/1-197\/<\/a><\/p>\n<p>&nbsp;<\/p>\n<p>Wszystko co niezb\u0119dne do zorganizowania &#8222;przestrzeni przyjaznej szko\u0142y&#8221; odnajdziecie na stronie <a href=\"https:\/\/www.mojebambino.pl\/content\/97-za-zyciem\">Moje Bambino\u00a0<\/a><\/p>\n<p>&nbsp;<\/p>\n<p>&nbsp;<\/p>\n<p>&nbsp;<\/p>\n<p>Opr. Aleksandra Pe\u0142ka: pedagog, animator kultury, kulturoznawca<\/p>\n","protected":false},"excerpt":{"rendered":"<p>Konkurs &#8222;Przestrze\u0144 dost\u0119pnej Szko\u0142y&#8221;, czyli jak pozyska\u0107 dodatkowe \u015brodki dla plac\u00f3wki &nbsp; Wszystkie\u00a0organy prowadz\u0105ce szko\u0142y podstawowe\u00a0zach\u0119cam do sk\u0142adania wniosk\u00f3w &#8211;\u00a0og\u00f3lna pula \u015brodk\u00f3w przeznaczona na dofinansowanie projekt\u00f3w\u00a0to a\u017c 100\u00a0000 000 PLN&#8230;.<\/p>\n","protected":false},"author":4,"featured_media":6806,"comment_status":"closed","ping_status":"closed","sticky":false,"template":"","format":"standard","meta":{"footnotes":""},"categories":[18,7,11,15,16],"tags":[],"yoast_head":"<!-- This site is optimized with the Yoast SEO plugin v21.9.1 - https:\/\/yoast.com\/wordpress\/plugins\/seo\/ -->\n<title>Konkurs\u00a0&quot;Przestrze\u0144 dost\u0119pnej szko\u0142y&quot; - Blog - porady pedagogiczne<\/title>\n<meta name=\"robots\" content=\"index, follow, max-snippet:-1, max-image-preview:large, max-video-preview:-1\" \/>\n<link rel=\"canonical\" href=\"https:\/\/mojebambino.pl\/blog\/index.php\/2018\/11\/20\/konkurs-przestrzen-dostepnej-szkoly\/\" \/>\n<meta property=\"og:locale\" content=\"pl_PL\" \/>\n<meta property=\"og:type\" content=\"article\" \/>\n<meta property=\"og:title\" content=\"Konkurs\u00a0&quot;Przestrze\u0144 dost\u0119pnej szko\u0142y&quot; - Blog - porady pedagogiczne\" \/>\n<meta property=\"og:description\" content=\"Konkurs &#8222;Przestrze\u0144 dost\u0119pnej Szko\u0142y&#8221;, czyli jak pozyska\u0107 dodatkowe \u015brodki dla plac\u00f3wki &nbsp; Wszystkie\u00a0organy prowadz\u0105ce szko\u0142y podstawowe\u00a0zach\u0119cam do sk\u0142adania wniosk\u00f3w &#8211;\u00a0og\u00f3lna pula \u015brodk\u00f3w przeznaczona na dofinansowanie projekt\u00f3w\u00a0to a\u017c 100\u00a0000 000 PLN....\" \/>\n<meta property=\"og:url\" content=\"https:\/\/mojebambino.pl\/blog\/index.php\/2018\/11\/20\/konkurs-przestrzen-dostepnej-szkoly\/\" \/>\n<meta property=\"og:site_name\" content=\"Blog - porady pedagogiczne\" \/>\n<meta property=\"article:published_time\" content=\"2018-11-20T10:53:33+00:00\" \/>\n<meta property=\"article:modified_time\" content=\"2024-12-11T09:36:01+00:00\" \/>\n<meta property=\"og:image\" content=\"https:\/\/mojebambino.pl\/blog\/wp-content\/uploads\/2018\/11\/WIZ-SZK-MB-0020_a_21-e1733909709632.jpg\" \/>\n\t<meta property=\"og:image:width\" content=\"1000\" \/>\n\t<meta property=\"og:image:height\" content=\"700\" \/>\n\t<meta property=\"og:image:type\" content=\"image\/jpeg\" \/>\n<meta name=\"author\" content=\"Aleksandra Pe\u0142ka\" \/>\n<meta name=\"twitter:card\" content=\"summary_large_image\" \/>\n<meta name=\"twitter:label1\" content=\"Napisane przez\" \/>\n\t<meta name=\"twitter:data1\" content=\"Aleksandra Pe\u0142ka\" \/>\n\t<meta name=\"twitter:label2\" content=\"Szacowany czas czytania\" \/>\n\t<meta name=\"twitter:data2\" content=\"2 minuty\" \/>\n<script type=\"application\/ld+json\" class=\"yoast-schema-graph\">{\"@context\":\"https:\/\/schema.org\",\"@graph\":[{\"@type\":\"Article\",\"@id\":\"https:\/\/mojebambino.pl\/blog\/index.php\/2018\/11\/20\/konkurs-przestrzen-dostepnej-szkoly\/#article\",\"isPartOf\":{\"@id\":\"https:\/\/mojebambino.pl\/blog\/index.php\/2018\/11\/20\/konkurs-przestrzen-dostepnej-szkoly\/\"},\"author\":{\"name\":\"Aleksandra Pe\u0142ka\",\"@id\":\"https:\/\/mojebambino.pl\/blog\/#\/schema\/person\/bc7d7e99b4a51ea8a262f28a0bf44834\"},\"headline\":\"Konkurs\u00a0&#8222;Przestrze\u0144 dost\u0119pnej szko\u0142y&#8221;\",\"datePublished\":\"2018-11-20T10:53:33+00:00\",\"dateModified\":\"2024-12-11T09:36:01+00:00\",\"mainEntityOfPage\":{\"@id\":\"https:\/\/mojebambino.pl\/blog\/index.php\/2018\/11\/20\/konkurs-przestrzen-dostepnej-szkoly\/\"},\"wordCount\":455,\"publisher\":{\"@id\":\"https:\/\/mojebambino.pl\/blog\/#organization\"},\"articleSection\":[\"Aran\u017cacje\",\"Pedagog szkolny\",\"Projekty edukacyjne\",\"Szko\u0142a\",\"Szko\u0142a ponadpodstawowa\"],\"inLanguage\":\"pl-PL\"},{\"@type\":\"WebPage\",\"@id\":\"https:\/\/mojebambino.pl\/blog\/index.php\/2018\/11\/20\/konkurs-przestrzen-dostepnej-szkoly\/\",\"url\":\"https:\/\/mojebambino.pl\/blog\/index.php\/2018\/11\/20\/konkurs-przestrzen-dostepnej-szkoly\/\",\"name\":\"Konkurs\u00a0\\\"Przestrze\u0144 dost\u0119pnej szko\u0142y\\\" - Blog - porady pedagogiczne\",\"isPartOf\":{\"@id\":\"https:\/\/mojebambino.pl\/blog\/#website\"},\"datePublished\":\"2018-11-20T10:53:33+00:00\",\"dateModified\":\"2024-12-11T09:36:01+00:00\",\"breadcrumb\":{\"@id\":\"https:\/\/mojebambino.pl\/blog\/index.php\/2018\/11\/20\/konkurs-przestrzen-dostepnej-szkoly\/#breadcrumb\"},\"inLanguage\":\"pl-PL\",\"potentialAction\":[{\"@type\":\"ReadAction\",\"target\":[\"https:\/\/mojebambino.pl\/blog\/index.php\/2018\/11\/20\/konkurs-przestrzen-dostepnej-szkoly\/\"]}]},{\"@type\":\"BreadcrumbList\",\"@id\":\"https:\/\/mojebambino.pl\/blog\/index.php\/2018\/11\/20\/konkurs-przestrzen-dostepnej-szkoly\/#breadcrumb\",\"itemListElement\":[{\"@type\":\"ListItem\",\"position\":1,\"name\":\"Home\",\"item\":\"https:\/\/mojebambino.pl\/blog\/\"},{\"@type\":\"ListItem\",\"position\":2,\"name\":\"Konkurs\u00a0&#8222;Przestrze\u0144 dost\u0119pnej szko\u0142y&#8221;\"}]},{\"@type\":\"WebSite\",\"@id\":\"https:\/\/mojebambino.pl\/blog\/#website\",\"url\":\"https:\/\/mojebambino.pl\/blog\/\",\"name\":\"Blog - porady pedagogiczne\",\"description\":\"\",\"publisher\":{\"@id\":\"https:\/\/mojebambino.pl\/blog\/#organization\"},\"potentialAction\":[{\"@type\":\"SearchAction\",\"target\":{\"@type\":\"EntryPoint\",\"urlTemplate\":\"https:\/\/mojebambino.pl\/blog\/?s={search_term_string}\"},\"query-input\":\"required name=search_term_string\"}],\"inLanguage\":\"pl-PL\"},{\"@type\":\"Organization\",\"@id\":\"https:\/\/mojebambino.pl\/blog\/#organization\",\"name\":\"Blog - porady pedagogiczne\",\"url\":\"https:\/\/mojebambino.pl\/blog\/\",\"logo\":{\"@type\":\"ImageObject\",\"inLanguage\":\"pl-PL\",\"@id\":\"https:\/\/mojebambino.pl\/blog\/#\/schema\/logo\/image\/\",\"url\":\"https:\/\/mojebambino.pl\/blog\/wp-content\/uploads\/2024\/11\/cropped-MOJE_BAMBINO_LOGO.png\",\"contentUrl\":\"https:\/\/mojebambino.pl\/blog\/wp-content\/uploads\/2024\/11\/cropped-MOJE_BAMBINO_LOGO.png\",\"width\":248,\"height\":103,\"caption\":\"Blog - porady pedagogiczne\"},\"image\":{\"@id\":\"https:\/\/mojebambino.pl\/blog\/#\/schema\/logo\/image\/\"}},{\"@type\":\"Person\",\"@id\":\"https:\/\/mojebambino.pl\/blog\/#\/schema\/person\/bc7d7e99b4a51ea8a262f28a0bf44834\",\"name\":\"Aleksandra Pe\u0142ka\",\"image\":{\"@type\":\"ImageObject\",\"inLanguage\":\"pl-PL\",\"@id\":\"https:\/\/mojebambino.pl\/blog\/#\/schema\/person\/image\/\",\"url\":\"https:\/\/secure.gravatar.com\/avatar\/901219d8c8ad75f8a1e14c285fcbac6a?s=96&d=mm&r=g\",\"contentUrl\":\"https:\/\/secure.gravatar.com\/avatar\/901219d8c8ad75f8a1e14c285fcbac6a?s=96&d=mm&r=g\",\"caption\":\"Aleksandra Pe\u0142ka\"},\"url\":\"https:\/\/mojebambino.pl\/blog\/index.php\/author\/aleksandra\/\"}]}<\/script>\n<!-- \/ Yoast SEO plugin. -->","yoast_head_json":{"title":"Konkurs\u00a0\"Przestrze\u0144 dost\u0119pnej szko\u0142y\" - Blog - porady pedagogiczne","robots":{"index":"index","follow":"follow","max-snippet":"max-snippet:-1","max-image-preview":"max-image-preview:large","max-video-preview":"max-video-preview:-1"},"canonical":"https:\/\/mojebambino.pl\/blog\/index.php\/2018\/11\/20\/konkurs-przestrzen-dostepnej-szkoly\/","og_locale":"pl_PL","og_type":"article","og_title":"Konkurs\u00a0\"Przestrze\u0144 dost\u0119pnej szko\u0142y\" - Blog - porady pedagogiczne","og_description":"Konkurs &#8222;Przestrze\u0144 dost\u0119pnej Szko\u0142y&#8221;, czyli jak pozyska\u0107 dodatkowe \u015brodki dla plac\u00f3wki &nbsp; Wszystkie\u00a0organy prowadz\u0105ce szko\u0142y podstawowe\u00a0zach\u0119cam do sk\u0142adania wniosk\u00f3w &#8211;\u00a0og\u00f3lna pula \u015brodk\u00f3w przeznaczona na dofinansowanie projekt\u00f3w\u00a0to a\u017c 100\u00a0000 000 PLN....","og_url":"https:\/\/mojebambino.pl\/blog\/index.php\/2018\/11\/20\/konkurs-przestrzen-dostepnej-szkoly\/","og_site_name":"Blog - porady pedagogiczne","article_published_time":"2018-11-20T10:53:33+00:00","article_modified_time":"2024-12-11T09:36:01+00:00","og_image":[{"width":1000,"height":700,"url":"https:\/\/mojebambino.pl\/blog\/wp-content\/uploads\/2018\/11\/WIZ-SZK-MB-0020_a_21-e1733909709632.jpg","type":"image\/jpeg"}],"author":"Aleksandra Pe\u0142ka","twitter_card":"summary_large_image","twitter_misc":{"Napisane przez":"Aleksandra Pe\u0142ka","Szacowany czas czytania":"2 minuty"},"schema":{"@context":"https:\/\/schema.org","@graph":[{"@type":"Article","@id":"https:\/\/mojebambino.pl\/blog\/index.php\/2018\/11\/20\/konkurs-przestrzen-dostepnej-szkoly\/#article","isPartOf":{"@id":"https:\/\/mojebambino.pl\/blog\/index.php\/2018\/11\/20\/konkurs-przestrzen-dostepnej-szkoly\/"},"author":{"name":"Aleksandra Pe\u0142ka","@id":"https:\/\/mojebambino.pl\/blog\/#\/schema\/person\/bc7d7e99b4a51ea8a262f28a0bf44834"},"headline":"Konkurs\u00a0&#8222;Przestrze\u0144 dost\u0119pnej szko\u0142y&#8221;","datePublished":"2018-11-20T10:53:33+00:00","dateModified":"2024-12-11T09:36:01+00:00","mainEntityOfPage":{"@id":"https:\/\/mojebambino.pl\/blog\/index.php\/2018\/11\/20\/konkurs-przestrzen-dostepnej-szkoly\/"},"wordCount":455,"publisher":{"@id":"https:\/\/mojebambino.pl\/blog\/#organization"},"articleSection":["Aran\u017cacje","Pedagog szkolny","Projekty edukacyjne","Szko\u0142a","Szko\u0142a ponadpodstawowa"],"inLanguage":"pl-PL"},{"@type":"WebPage","@id":"https:\/\/mojebambino.pl\/blog\/index.php\/2018\/11\/20\/konkurs-przestrzen-dostepnej-szkoly\/","url":"https:\/\/mojebambino.pl\/blog\/index.php\/2018\/11\/20\/konkurs-przestrzen-dostepnej-szkoly\/","name":"Konkurs\u00a0\"Przestrze\u0144 dost\u0119pnej szko\u0142y\" - Blog - porady pedagogiczne","isPartOf":{"@id":"https:\/\/mojebambino.pl\/blog\/#website"},"datePublished":"2018-11-20T10:53:33+00:00","dateModified":"2024-12-11T09:36:01+00:00","breadcrumb":{"@id":"https:\/\/mojebambino.pl\/blog\/index.php\/2018\/11\/20\/konkurs-przestrzen-dostepnej-szkoly\/#breadcrumb"},"inLanguage":"pl-PL","potentialAction":[{"@type":"ReadAction","target":["https:\/\/mojebambino.pl\/blog\/index.php\/2018\/11\/20\/konkurs-przestrzen-dostepnej-szkoly\/"]}]},{"@type":"BreadcrumbList","@id":"https:\/\/mojebambino.pl\/blog\/index.php\/2018\/11\/20\/konkurs-przestrzen-dostepnej-szkoly\/#breadcrumb","itemListElement":[{"@type":"ListItem","position":1,"name":"Home","item":"https:\/\/mojebambino.pl\/blog\/"},{"@type":"ListItem","position":2,"name":"Konkurs\u00a0&#8222;Przestrze\u0144 dost\u0119pnej szko\u0142y&#8221;"}]},{"@type":"WebSite","@id":"https:\/\/mojebambino.pl\/blog\/#website","url":"https:\/\/mojebambino.pl\/blog\/","name":"Blog - porady pedagogiczne","description":"","publisher":{"@id":"https:\/\/mojebambino.pl\/blog\/#organization"},"potentialAction":[{"@type":"SearchAction","target":{"@type":"EntryPoint","urlTemplate":"https:\/\/mojebambino.pl\/blog\/?s={search_term_string}"},"query-input":"required name=search_term_string"}],"inLanguage":"pl-PL"},{"@type":"Organization","@id":"https:\/\/mojebambino.pl\/blog\/#organization","name":"Blog - porady pedagogiczne","url":"https:\/\/mojebambino.pl\/blog\/","logo":{"@type":"ImageObject","inLanguage":"pl-PL","@id":"https:\/\/mojebambino.pl\/blog\/#\/schema\/logo\/image\/","url":"https:\/\/mojebambino.pl\/blog\/wp-content\/uploads\/2024\/11\/cropped-MOJE_BAMBINO_LOGO.png","contentUrl":"https:\/\/mojebambino.pl\/blog\/wp-content\/uploads\/2024\/11\/cropped-MOJE_BAMBINO_LOGO.png","width":248,"height":103,"caption":"Blog - porady pedagogiczne"},"image":{"@id":"https:\/\/mojebambino.pl\/blog\/#\/schema\/logo\/image\/"}},{"@type":"Person","@id":"https:\/\/mojebambino.pl\/blog\/#\/schema\/person\/bc7d7e99b4a51ea8a262f28a0bf44834","name":"Aleksandra Pe\u0142ka","image":{"@type":"ImageObject","inLanguage":"pl-PL","@id":"https:\/\/mojebambino.pl\/blog\/#\/schema\/person\/image\/","url":"https:\/\/secure.gravatar.com\/avatar\/901219d8c8ad75f8a1e14c285fcbac6a?s=96&d=mm&r=g","contentUrl":"https:\/\/secure.gravatar.com\/avatar\/901219d8c8ad75f8a1e14c285fcbac6a?s=96&d=mm&r=g","caption":"Aleksandra Pe\u0142ka"},"url":"https:\/\/mojebambino.pl\/blog\/index.php\/author\/aleksandra\/"}]}},"_links":{"self":[{"href":"https:\/\/mojebambino.pl\/blog\/index.php\/wp-json\/wp\/v2\/posts\/513"}],"collection":[{"href":"https:\/\/mojebambino.pl\/blog\/index.php\/wp-json\/wp\/v2\/posts"}],"about":[{"href":"https:\/\/mojebambino.pl\/blog\/index.php\/wp-json\/wp\/v2\/types\/post"}],"author":[{"embeddable":true,"href":"https:\/\/mojebambino.pl\/blog\/index.php\/wp-json\/wp\/v2\/users\/4"}],"replies":[{"embeddable":true,"href":"https:\/\/mojebambino.pl\/blog\/index.php\/wp-json\/wp\/v2\/comments?post=513"}],"version-history":[{"count":9,"href":"https:\/\/mojebambino.pl\/blog\/index.php\/wp-json\/wp\/v2\/posts\/513\/revisions"}],"predecessor-version":[{"id":6036,"href":"https:\/\/mojebambino.pl\/blog\/index.php\/wp-json\/wp\/v2\/posts\/513\/revisions\/6036"}],"wp:featuredmedia":[{"embeddable":true,"href":"https:\/\/mojebambino.pl\/blog\/index.php\/wp-json\/wp\/v2\/media\/6806"}],"wp:attachment":[{"href":"https:\/\/mojebambino.pl\/blog\/index.php\/wp-json\/wp\/v2\/media?parent=513"}],"wp:term":[{"taxonomy":"category","embeddable":true,"href":"https:\/\/mojebambino.pl\/blog\/index.php\/wp-json\/wp\/v2\/categories?post=513"},{"taxonomy":"post_tag","embeddable":true,"href":"https:\/\/mojebambino.pl\/blog\/index.php\/wp-json\/wp\/v2\/tags?post=513"}],"curies":[{"name":"wp","href":"https:\/\/api.w.org\/{rel}","templated":true}]}}