{"id":4877,"date":"2024-04-30T12:04:06","date_gmt":"2024-04-30T10:04:06","guid":{"rendered":"https:\/\/mojebambino.pl\/blog\/?p=4877"},"modified":"2025-06-03T15:19:05","modified_gmt":"2025-06-03T13:19:05","slug":"nowoczesne-przedszkole-i-zlobek-jak-wybrac-idealne-wyposazenie","status":"publish","type":"post","link":"https:\/\/mojebambino.pl\/blog\/index.php\/2024\/04\/30\/nowoczesne-przedszkole-i-zlobek-jak-wybrac-idealne-wyposazenie\/","title":{"rendered":"Nowoczesne przedszkole i \u017c\u0142obek \u2013 jak wybra\u0107 idealne wyposa\u017cenie?"},"content":{"rendered":"\r\n<p>Wraz z nadej\u015bciem wiosny przychodzimy do Pa\u0144stwa z najnowszymi trendami w wyposa\u017ceniu plac\u00f3wek edukacyjnych. W kwietniu do Pa\u0144stwa dyspozycji wyszed\u0142 nowy katalog Moje Bambino na rok 2024 z wyposa\u017ceniem \u017c\u0142obka i przedszkola. Na ponad 1600 stronach proponujemy blisko 900 stron nowo\u015bci, a w\u015br\u00f3d nich tradycyjne i multimedialne pomoce dydaktyczne, artyku\u0142y plastyczne, nowe kolekcje meblowe, ergonomiczne krzes\u0142a i sto\u0142y, miejsca do wypoczynku i k\u0105ciki wyciszenia, meble do gabinetu oraz przestrzeni wsp\u00f3lnych. Nowo\u015bci w katalogu 2024 to nie tylko wyposa\u017cenie przedszkola i \u017c\u0142obka, ale r\u00f3wnie\u017c nowy uk\u0142ad katalogu. Dla jeszcze \u0142atwiejszego wyszukiwania produkt\u00f3w wprowadzili\u015bmy nowe oznaczenia takie jak super cena, wysoka jako\u015b\u0107 oraz bestseller. W tym artykule chcemy przybli\u017cy\u0107 Pa\u0144stwu najnowsze trendy w wyposa\u017ceniu przedszkoli i \u017c\u0142obk\u00f3w oraz pokaza\u0107 nowoczesne rozwi\u0105zania stosowane w bran\u017cy edukacyjnej.<\/p>\r\n\r\n\r\n\r\n<div class=\"wp-block-spacer\" style=\"height: 40px;\" aria-hidden=\"true\">\u00a0<\/div>\r\n\r\n\r\n\r\n<pre class=\"wp-block-preformatted\">Spis tre\u015bci<\/pre>\r\n\r\n\r\n\r\n<p><a href=\"#_Toc164770816\"><strong>Pomys\u0142y na przestrze\u0144 \u2013 wybierz swoje wymarzone wyposa\u017cenie \u017c\u0142obka lub przedszkola<\/strong>.<\/a><\/p>\r\n\r\n\r\n\r\n<p><a href=\"#_Toc164770817\"><strong>Bezpiecze\u0144stwo przede wszystkim \u2013 jakie normy powinno spe\u0142nia\u0107 wyposa\u017cenie \u017c\u0142obka i przedszkola?<\/strong><\/a><\/p>\r\n\r\n\r\n\r\n<p><a href=\"#_Toc164770818\"><strong>Meble do przedszkola\u00a0 i \u017c\u0142obka \u2013 kultowe kolekcje meblowe<\/strong>.<\/a><\/p>\r\n\r\n\r\n\r\n<p><a href=\"#_Toc164770819\"><strong>Meble do gabinetu dyrektora i sekretariatu \u2013 niebanalne przestrzenie wsp\u00f3lne<\/strong>.<\/a><\/p>\r\n\r\n\r\n\r\n<p><a href=\"#_Toc164770820\"><strong>Nowoczesne przedszkole i \u017c\u0142obek \u2013 jakie elementy powinny si\u0119 w nim znale\u017a\u0107?<\/strong>.<\/a><\/p>\r\n\r\n\r\n\r\n<p><a href=\"#_Toc164770821\"><strong>Pomoce dydaktyczne do przedszkola i \u017c\u0142obka.<\/strong><\/a><\/p>\r\n\r\n\r\n\r\n<p><a href=\"#_Toc164770822\"><strong>Podsumowanie.<\/strong><\/a><\/p>\r\n\r\n\r\n\r\n<div class=\"wp-block-spacer\" style=\"height: 50px;\" aria-hidden=\"true\">\u00a0<\/div>\r\n\r\n\r\n\r\n<h1 class=\"wp-block-heading has-medium-font-size\"><strong><a href=\"#_Toc164770816\">Pomys\u0142y na przestrze\u0144 \u2013 wybierz swoje wymarzone wyposa\u017cenie przedszkola lub \u017c\u0142obka<\/a><\/strong><\/h1>\r\n\r\n\r\n\r\n<p>Otoczenie, w kt\u00f3rym znajduj\u0105 si\u0119 dzieci, ma na nich ogromny wp\u0142yw. To u\u017cyte meble i kolory nadaj\u0105 charakteru przestrzeniom edukacyjnym oraz oddzia\u0142uj\u0105 na nastr\u00f3j podopiecznych i opiekun\u00f3w. Inne kolory b\u0119d\u0105 idealne do k\u0105cik\u00f3w wyciszenia, a inne do szatni czy sali przedszkolnej lub \u017c\u0142obkowej. Kiedy\u015b kolekcje meblowe do \u017c\u0142obk\u00f3w i przedszkoli by\u0142y bardzo barwne, obecnie wiemy ju\u017c, \u017ce nie jest to dobra praktyka. Od mebli w przestrzeniach do nauki i zabawy nie oczekuje si\u0119 pobudzania podopiecznych, wr\u0119cz przeciwnie. Barwy mog\u0105 w du\u017cym stopniu wp\u0142ywa\u0107 na emocje i zachowanie dziecka, na to, czy jest nerwowe oraz jak szybko zasypia.\u00a0 Rekomendowane kolory to na przyk\u0142ad szary i bia\u0142y, uzupe\u0142nione o delikatne akcenty kolorystyczne i wielobarwne zabawki. Tak skomponowane wn\u0119trze da przestrze\u0144 dla rozwoju wyobra\u017ani i kreatywno\u015bci. W \u017c\u0142obkach sprawdz\u0105 si\u0119 sale w kontrastowej kolorystyce np. po\u0142\u0105czenie ciemnej szaro\u015bci z \u017c\u00f3\u0142tym \u00a0<\/p>\r\n\r\n\r\n\r\n<p>Z my\u015bl\u0105 o rozs\u0105dnym i przemy\u015blanym doborze wyposa\u017cenia, wprowadzili\u015bmy do naszej oferty mo\u017cliwo\u015b\u0107 wizualizacji przestrzeni, aby jeszcze przed realizacj\u0105 mo\u017cna by\u0142o sprawdzi\u0107, czy dane wyposa\u017cenie i kolorystyka pasuje do wybranego wn\u0119trza.<\/p>\r\n\r\n\r\n\r\n<p>Ponadto na stronach katalogu pojawi\u0142y si\u0119 oryginalne pomys\u0142y na aran\u017cacj\u0119 sali w r\u00f3\u017cnych wariantach kolorystycznych. Zale\u017cy nam na wsp\u00f3\u0142tworzeniu nowoczesnych, funkcjonalnych i bezpiecznych przestrzeni edukacyjnych dlatego stworzone przez nas wizualizacje s\u0105 bardzo zr\u00f3\u017cnicowane, tak by odpowiedzie\u0107 na r\u00f3\u017cne potrzeby.<\/p>\r\n\r\n\r\n\r\n<figure class=\"wp-block-image size-full\"><img fetchpriority=\"high\" decoding=\"async\" width=\"1000\" height=\"665\" class=\"wp-image-4888\" src=\"https:\/\/mojebambino.pl\/blog\/wp-content\/uploads\/2024\/04\/096950_j_23.jpg\" alt=\"\" srcset=\"https:\/\/mojebambino.pl\/blog\/wp-content\/uploads\/2024\/04\/096950_j_23.jpg 1000w, https:\/\/mojebambino.pl\/blog\/wp-content\/uploads\/2024\/04\/096950_j_23-300x200.jpg 300w, https:\/\/mojebambino.pl\/blog\/wp-content\/uploads\/2024\/04\/096950_j_23-768x511.jpg 768w\" sizes=\"(max-width: 1000px) 100vw, 1000px\" \/><\/figure>\r\n\r\n\r\n\r\n<div class=\"wp-block-spacer\" style=\"height: 50px;\" aria-hidden=\"true\">\u00a0<\/div>\r\n\r\n\r\n\r\n<h2 class=\"wp-block-heading has-medium-font-size\"><a id=\"_Toc164770817\"><\/a><strong>Bezpiecze\u0144stwo przede wszystkim \u2013 jakie normy powinno spe\u0142nia\u0107 wyposa\u017cenie \u017c\u0142obka i przedszkola?<\/strong><\/h2>\r\n\r\n\r\n\r\n<p>Nowoczesne meble przedszkolne i do \u017c\u0142obka to nie tylko estetyka i funkcjonalno\u015b\u0107. W doborze mebli, wyposa\u017cenia i pomocy edukacyjnych do \u017c\u0142obka i przedszkola liczy si\u0119 tak\u017ce bezpiecze\u0144stwo. Meble musz\u0105 posiada\u0107 specjalne atesty, certyfikaty i potwierdzenia, by mo\u017cna z nich by\u0142o korzysta\u0107 w plac\u00f3wkach edukacyjnych. Certyfikaty powinny pochodzi\u0107 od instytucji z akredytacj\u0105 <strong>Polskiego Centrum Akredytacji (PCA<\/strong>). Kupuj\u0105c jakikolwiek element wyposa\u017cenia dla szko\u0142y lub przedszkola, nale\u017cy zadba\u0107 o\u00a0<strong>odpowiedni dokument<\/strong>\u00a0potwierdzaj\u0105cy, \u017ce dokonany zakup jest zgodny z wymogami prawnymi. Szczeg\u00f3ln\u0105 uwag\u0119 nale\u017cy zwraca\u0107 na to, czy:<\/p>\r\n\r\n\r\n\r\n<ol start=\"1\">\r\n<li>certyfikat jest aktualny (sprawdzi\u0107 jego dat\u0119 wa\u017cno\u015bci),<\/li>\r\n\r\n\r\n\r\n<li>certyfikat dotyczy tego konkretnego urz\u0105dzenia, kt\u00f3re jest przedmiotem zam\u00f3wienia,<\/li>\r\n\r\n\r\n\r\n<li>certyfikat powo\u0142uje si\u0119 na aktualn\u0105 wersj\u0119 normy.<\/li>\r\n<\/ol>\r\n\r\n\r\n\r\n<p>Niekt\u00f3re meble do przedszkoli lub szk\u00f3\u0142 np. krzes\u0142a czy sto\u0142y dodatkowo powinny posiada\u0107 specjalne <strong>atesty<\/strong>, kt\u00f3re potwierdzaj\u0105 dostosowanie mebli do potrzeb uczni\u00f3w w okre\u015blonych grupach wiekowych.<\/p>\r\n\r\n\r\n\r\n<p>\u0141awki i krzes\u0142a nieodpowiadaj\u0105ce normom mog\u0105 przyczynia\u0107 si\u0119 do:<\/p>\r\n\r\n\r\n\r\n<ul>\r\n<li>powstawania oraz pog\u0142\u0119biania wady postawy,<\/li>\r\n\r\n\r\n\r\n<li>wad wzroku (je\u015bli dziecko nie zachowuje w\u0142a\u015bciwej odleg\u0142o\u015bci od blatu \u0142awki),<\/li>\r\n\r\n\r\n\r\n<li>zmuszania dziecka do wi\u0119kszego wysi\u0142ku fizycznego,<\/li>\r\n\r\n\r\n\r\n<li>przyspieszania poczucia zm\u0119czenia, znu\u017cenia,<\/li>\r\n\r\n\r\n\r\n<li>zmniejszenia wydajno\u015bci i tempa pracy.<\/li>\r\n<\/ul>\r\n\r\n\r\n\r\n<p>Niestety meble posiadaj\u0105ce wymagane za\u015bwiadczenia, cz\u0119sto bywaj\u0105 dro\u017csze. Ale z czego to wynika i czy warto zainwestowa\u0107 w dro\u017csze meble?<\/p>\r\n\r\n\r\n\r\n<p>Meble spe\u0142niaj\u0105ce wymogi prawne s\u0105 wykonane z trwalszych materia\u0142\u00f3w, odporniejszych na zabrudzenia i zniszczenia. Cz\u0119sto posiadaj\u0105 specjalne zabezpieczenia i udogodnienia dla dzieci i opiekun\u00f3w np. wbudowane k\u00f3\u0142ka, modu\u0142owe rozwi\u0105zania, s\u0105 \u0142atwe w sk\u0142adaniu,\u00a0 lekkie, mo\u017cna je w prosty spos\u00f3b dopasowa\u0107 do wzrostu dzieci i s\u0105 wykonane specjalnie z my\u015bl\u0105 o przestrzeniach edukacyjnych. Wszystko to sk\u0142ada si\u0119 na wysok\u0105 jako\u015b\u0107 i \u0142atwo\u015b\u0107 u\u017cytkowania.<\/p>\r\n\r\n\r\n\r\n<p>Przepisy wprowadzane ustawami tworz\u0105 szereg wymaga\u0144 dotycz\u0105cych wyposa\u017cenia i lokalu, w kt\u00f3rym ma si\u0119 znale\u017a\u0107 \u017c\u0142obek i przedszkole. G\u0142\u00f3wnymi aktami prawnymi reguluj\u0105cymi te kwestie s\u0105 miedzy innymi:<\/p>\r\n\r\n\r\n\r\n<ul>\r\n<li>ustawa z dnia 4 lutego 2011 r. o opiece nad dzie\u0107mi w wieku do lat 3,<\/li>\r\n\r\n\r\n\r\n<li>rozporz\u0105dzenie Ministra Pracy i Polityki Spo\u0142ecznej z dnia 25 marca 2011 roku, w sprawie wymaga\u0144 lokalowych i sanitarnych dotycz\u0105cych \u017c\u0142obk\u00f3w i klub\u00f3w dzieci\u0119cych,<\/li>\r\n\r\n\r\n\r\n<li>rozporz\u0105dzenie Ministra Infrastruktury z dnia 12 kwietnia 2002 r. w sprawie warunk\u00f3w technicznych jakim powinny odpowiada\u0107 budynki i ich usytuowanie,<\/li>\r\n\r\n\r\n\r\n<li>rozporz\u0105dzenie Ministra Rozwoju i Finans\u00f3w z dnia 20 pa\u017adziernika 2016 r. w sprawie wymaga\u0144 dla zabawek.<\/li>\r\n<\/ul>\r\n\r\n\r\n\r\n<p>Powy\u017csze regulacje prawne odnosz\u0105 si\u0119 do wymaga\u0144 sanitarnych, norm bezpiecze\u0144stwa i ergonomii i maj\u0105 zapewni\u0107 sprawne funkcjonowanie instytucji opieki nad dzie\u0107mi oraz\u00a0 zaspokojenie potrzeb podopiecznych. \u017b\u0142obki i kluby dzieci\u0119ce oraz przedszkola powinny by\u0107 podzielone na strefy, posiada\u0107 miejsce do higienicznego spo\u017cywania posi\u0142k\u00f3w oraz przestrze\u0144 do odpoczynku. Dzieci w wieku od 2 do 5 lat musza mie\u0107 mo\u017cliwo\u015b\u0107 odpoczynku w pozycji le\u017c\u0105cej. Obowi\u0105zkowym elementem ka\u017cdego \u017c\u0142obka i przedszkola s\u0105 wi\u0119c <strong><a href=\"https:\/\/mojebambino.pl\/758\/Lozeczka-przedszkolne\" target=\"_blank\" rel=\"noreferrer noopener\">le\u017caki<\/a> i <a href=\"https:\/\/mojebambino.pl\/890\/Posciele-przedszkolne\" target=\"_blank\" rel=\"noreferrer noopener\">po\u015bciel<\/a><\/strong>, kt\u00f3re nale\u017cy przechowywa\u0107 tak, by zapewni\u0107 odpowiednia wentylacj\u0119. \u00a0Ponadto po\u015bciele powinny by\u0107 trzymane w <strong><a href=\"https:\/\/mojebambino.pl\/1964\/Szafy-na-posciel-materace-lozeczka\">szafach z oddzielnymi przegr\u00f3dkami<\/a><\/strong> tak, by nie mia\u0142y ze sob\u0105 styczno\u015bci.<\/p>\r\n\r\n\r\n\r\n<p>Kolejnym niezb\u0119dnym pomieszczeniem w \u017c\u0142obku i przedszkolu jest <strong><a href=\"https:\/\/mojebambino.pl\/231\/Szatnia-w-zlobku\" target=\"_blank\" rel=\"noreferrer noopener\">szatnia<\/a><\/strong>. Powinna by\u0107 przestronna, zapewnia\u0107 miejsce do swobodnego przebrania si\u0119 i pozostawienia rzeczy. Wyposa\u017cenie szatni powinno by\u0107 stabilne, ergonomiczne i wykonane z materia\u0142\u00f3w trudnopalnych.<\/p>\r\n\r\n\r\n\r\n<p>Bior\u0105c pod uwag\u0119 wszystkie te wymagania oraz informacje zwrotne od naszych klient\u00f3w wci\u0105\u017c pracujemy nad nowymi rozwi\u0105zaniami i doskonalimy produkty dost\u0119pne w naszej ofercie.<\/p>\r\n\r\n\r\n\r\n<div class=\"wp-block-spacer\" style=\"height: 50px;\" aria-hidden=\"true\">\u00a0<\/div>\r\n\r\n\r\n\r\n<h2 class=\"wp-block-heading\"><a id=\"_Toc164770818\"><\/a><strong>Meble do przedszkola\u00a0 i \u017c\u0142obka \u2013 kultowe kolekcje meblowe<\/strong><\/h2>\r\n\r\n\r\n\r\n<p>Znane i lubiane kolekcje meblowe: Grande, Quadro i Flexi to kompleksowe rozwi\u0105zania do przestrzeni edukacyjnych, sprawdzone na przestrzeni lat, kt\u00f3re pozwalaj\u0105 skompletowa\u0107 pe\u0142ne wyposa\u017cenie \u017c\u0142obka i przedszkola. Pami\u0119tamy jednak, by i\u015b\u0107 z duchem czasu i stale udoskonalamy nasze produkty. W roku 2024 kolekcja Quadro powi\u0119kszy\u0142a si\u0119 o <strong><a href=\"https:\/\/mojebambino.pl\/1126493\/Quadro-zestaw-203-klonowa-skrzynia\/SET6464\">szafki<\/a> <\/strong>i rega\u0142y w nowych wersjach kolorystycznych.<\/p>\r\n\r\n\r\n\r\n<p>Kolekcja Flexi znana z modu\u0142owych rozwi\u0105za\u0144 dla edukacji zosta\u0142a wzbogacona o <strong><a href=\"https:\/\/mojebambino.pl\/1126264\/Szafa-wysoka-Flexi-z-mobilnymi-organizerami-i-pojemnikami-jasnoszarymi\/ZEST6046\">szaf\u0119 z mobilnym organizerem<\/a><\/strong>, idealn\u0105 do gabinet\u00f3w psychologicznych i terapeutycznych.<\/p>\r\n\r\n\r\n\r\n<p>Kolekcja Grande to meble w stonowanej kolorystyce, cz\u0119sto wykorzystywane w salach szkolnych, jednak sprawdza si\u0119 tak\u017ce jako wyposa\u017cenie \u017c\u0142obka lub przedszkola, zw\u0142aszcza w przestrzeniach wsp\u00f3lnych, takich jak administracja czy pok\u00f3j nauczycielski. W rodzinie Grande pojawi\u0142y si\u0119 nowe bardzo <strong><a href=\"https:\/\/mojebambino.pl\/1126267\/Grande-zestaw-87\/ZEST6060\">pojemne szafy z wbudowanymi siedziskami<\/a><\/strong>. Wielofunkcyjno\u015b\u0107, praktyczne\u00a0 rozwi\u0105zania, po\u0142\u0105czone z estetycznym wygl\u0105dem to my\u015bl przewodnia przy tworzeniu mebli z flagowych kolekcji Moje Bambino.<\/p>\r\n\r\n\r\n\r\n<div class=\"wp-block-spacer\" style=\"height: 50px;\" aria-hidden=\"true\">\u00a0<\/div>\r\n\r\n\r\n\r\n<h2 class=\"wp-block-heading\"><a id=\"_Toc164770819\"><\/a><strong>Meble do gabinetu dyrektora i sekretariatu \u2013 niebanalne przestrzenie wsp\u00f3lne<\/strong><\/h2>\r\n\r\n\r\n\r\n<p>Nie tylko meble u\u017cywane przez dzieci powinny spe\u0142nia\u0107 odpowiednie standardy. Przy doborze wyposa\u017cenia do przestrzeni wsp\u00f3lnych i gabinet\u00f3w, cz\u0119sto zapomina si\u0119 o sprawdzeniu wytrzyma\u0142o\u015bci kupowanych produkt\u00f3w. Przy wyborze mebli, na przyk\u0142ad na korytarz, warto wzi\u0105\u0107 pod uwag\u0119 tzw. cykle \u015bcieralno\u015bci Mertindale.\u00a0 Czym on jest? To wynik testu Martindale, kt\u00f3ry podaje si\u0119 w cyklach. Im wi\u0119cej cykli Martindale, tym tkanina meblowa jest bardziej wytrzyma\u0142a. <strong>Podana liczba odzwierciedla ostateczn\u0105 liczb\u0119 tar\u0107 przed uszkodzeniem materia\u0142u.<\/strong> Ilo\u015b\u0107 cykli Martindale odpowiada poszczeg\u00f3lnym kategoriom <a href=\"https:\/\/hurtowniatapicerska.pl\/category\/tkaniny-meblowe-tkaniny-dekoracyjne\" target=\"_blank\" rel=\"noreferrer noopener\">tkanin meblowych<\/a>. Dzieli si\u0119 je nast\u0119puj\u0105co:<\/p>\r\n\r\n\r\n\r\n<ul>\r\n<li>\u2265 45 000 \u2013 kategoria A,<\/li>\r\n\r\n\r\n\r\n<li>25 \u2013 40 000 \u2013 kategoria B,<\/li>\r\n\r\n\r\n\r\n<li>10 000 \u2013 20 000 \u2013 kategoria C.<\/li>\r\n<\/ul>\r\n\r\n\r\n\r\n<p>Trwa\u0142o\u015b\u0107 i d\u0142ugie u\u017cytkowanie w przestrzeniach wsp\u00f3lnych zapewni\u0105 materia\u0142y z grupy A lub B. Tkaniny obiciowe powy\u017cej 40 000 cykli s\u0105 trwa\u0142e. Bez obaw mo\u017cna je wykorzysta\u0107 na meble znajduj\u0105ce si\u0119 w przytulnej poczekalni. Meble tapicerowane obite materia\u0142em, kt\u00f3ry osi\u0105gn\u0105\u0142 <strong>wi\u0119cej ni\u017c 100 000<\/strong> <strong>cykli, s\u0105 praktycznie niezniszczalne.<\/strong> Mog\u0105 s\u0142u\u017cy\u0107 u\u017cytkownikom nawet przez kilkadziesi\u0105t lat.<\/p>\r\n\r\n\r\n\r\n<p>Nowe meble tapicerowane z kolekcji <strong><a href=\"https:\/\/meblegrande.pl\/siedziska\/\" target=\"_blank\" rel=\"noreferrer noopener\">Agora<\/a>, <a href=\"https:\/\/mojebambino.pl\/1127863\/Kanapa-Stilt-2-osobowa-wysoka-rozowa\/861085\" target=\"_blank\" rel=\"noreferrer noopener\">Stilt<\/a> i <a href=\"https:\/\/mojebambino.pl\/1127556\/Fotel-Shape-jasnoszary\/861093\">Shape<\/a><\/strong> wyr\u00f3\u017cniaj\u0105 si\u0119 ciekaw\u0105 i sp\u00f3jn\u0105 kolorystyk\u0105 oraz wytrzyma\u0142o\u015bci\u0105. Siedziska z serii Agora oraz Stilt to a\u017c 75 tysi\u0119cy cykli Mertidale. Stanowi\u0105 idealne meble do gabinetu lub pokoju nauczycielskiego. Wyj\u0105tkowym meblem przeznaczonym na korytarz i do poczekalni jest niezwykle wygodny i praktycznie niezniszczalny fotel Shape. Produkt bardzo wysokiej jako\u015bci, wygodny i elastyczny. Dopasowuje si\u0119 do plec\u00f3w siedz\u0105cego, zapewniaj\u0105c wygodne i ergonomiczne podparcie, posiada \u015bcieralno\u015b\u0107 rz\u0119du 300\u00a0000 cykli Meridale.<\/p>\r\n\r\n\r\n\r\n<figure class=\"wp-block-image size-full\"><a href=\"https:\/\/mojebambino.pl\/1127556\/Fotel-Shape-jasnoszary\/861093\" target=\"_blank\" rel=\"noreferrer noopener\"><img decoding=\"async\" width=\"1000\" height=\"663\" class=\"wp-image-4889\" src=\"https:\/\/mojebambino.pl\/blog\/wp-content\/uploads\/2024\/04\/861093_f_23.jpg\" alt=\"\" srcset=\"https:\/\/mojebambino.pl\/blog\/wp-content\/uploads\/2024\/04\/861093_f_23.jpg 1000w, https:\/\/mojebambino.pl\/blog\/wp-content\/uploads\/2024\/04\/861093_f_23-300x199.jpg 300w, https:\/\/mojebambino.pl\/blog\/wp-content\/uploads\/2024\/04\/861093_f_23-768x509.jpg 768w\" sizes=\"(max-width: 1000px) 100vw, 1000px\" \/><\/a><\/figure>\r\n\r\n\r\n\r\n<div class=\"wp-block-spacer\" style=\"height: 50px;\" aria-hidden=\"true\">\u00a0<\/div>\r\n\r\n\r\n\r\n<p>Kolejnym elementem wyposa\u017cenia, kt\u00f3ry powinien wyr\u00f3\u017cnia\u0107 si\u0119 trwa\u0142o\u015bci\u0105 i niebanaln\u0105 estetyk\u0105 s\u0105 meble gabinetowe. Meble w gabinetach i pokojach nauczycielskich r\u00f3wnie\u017c powinny zapobiega\u0107 przebod\u017acowaniu i dawa\u0107 przestrze\u0144 dla swobodnej pracy. Obecnie du\u017c\u0105 popularno\u015bci\u0105 ciesz\u0105 si\u0119 meble w drewnopodobnych odcieniach. Jest to \u015bwietne rozwi\u0105zanie, poniewa\u017c drewno samo w sobie stanowi ozdob\u0119 pomieszczenia, zapewnia przytuln\u0105 atmosfer\u0119 i nie m\u0119czy oka. Dwie nowe kolekcje mebli do gabinetu dyrektora i sekretariatu: <strong><a href=\"https:\/\/mojebambino.pl\/1126226\/Biurko-Viga-M-z-szafka-managerska-po-prawej-dab-naturalny\/861001\">Viga<\/a> i <\/strong><a href=\"https:\/\/mojebambino.pl\/1126234\/Stol-wysoki-OgiW-bialy\/861026\" target=\"_blank\" rel=\"noreferrer noopener\"><strong>OgiW<\/strong> <\/a>zachowuj\u0105 r\u00f3wnowag\u0119 pomi\u0119dzy drewnianymi akcentami a jednolitym kolorem. Uzupe\u0142nieniem obu kolekcji s\u0105 panele tkaninowe, kt\u00f3re oddzielaj\u0105 meble od siebie, zapewniaj\u0105 prywatno\u015b\u0107 i mo\u017cliwo\u015b\u0107 skupienia.<\/p>\r\n\r\n\r\n\r\n<figure class=\"wp-block-image size-full\"><a href=\"https:\/\/mojebambino.pl\/1126229\/Szafa-ubraniowa-Viga-M-w-czarnej-skrzyni-dab-naturalny\/861004\" target=\"_blank\" rel=\"noreferrer noopener\"><img decoding=\"async\" width=\"1000\" height=\"561\" class=\"wp-image-4890\" src=\"https:\/\/mojebambino.pl\/blog\/wp-content\/uploads\/2024\/04\/861001_c_23.jpg\" alt=\"\" srcset=\"https:\/\/mojebambino.pl\/blog\/wp-content\/uploads\/2024\/04\/861001_c_23.jpg 1000w, https:\/\/mojebambino.pl\/blog\/wp-content\/uploads\/2024\/04\/861001_c_23-300x168.jpg 300w, https:\/\/mojebambino.pl\/blog\/wp-content\/uploads\/2024\/04\/861001_c_23-768x431.jpg 768w\" sizes=\"(max-width: 1000px) 100vw, 1000px\" \/><\/a><\/figure>\r\n\r\n\r\n\r\n<div class=\"wp-block-spacer\" style=\"height: 50px;\" aria-hidden=\"true\">\u00a0<\/div>\r\n\r\n\r\n\r\n<h2 class=\"wp-block-heading\"><a id=\"_Toc164770820\"><\/a><strong>Nowoczesne przedszkole i \u017c\u0142obek \u2013 jakie elementy powinny si\u0119 w nim znale\u017a\u0107?<\/strong><\/h2>\r\n\r\n\r\n\r\n<p>M\u00f3wili\u015bmy ju\u017c o przepisach i normach, kt\u00f3re nale\u017cy spe\u0142ni\u0107, aby prawid\u0142owo i w zgodzie z obowi\u0105zuj\u0105cym prawem prowadzi\u0107 miejsce opieki nad dzie\u0107mi. Jak w\u0142a\u015bciwie spe\u0142ni\u0107 te wymagania prawne?<\/p>\r\n\r\n\r\n\r\n<p>Ka\u017cda plac\u00f3wka opieki nad dzie\u0107mi do lat trzech \u00a0powinna posiada\u0107:<\/p>\r\n\r\n\r\n\r\n<ul>\r\n<li>stref\u0119 nauki,<\/li>\r\n\r\n\r\n\r\n<li>stref\u0119 zabawy<\/li>\r\n\r\n\r\n\r\n<li>wydzielona przestrze\u0144 z przewijakiem,<\/li>\r\n\r\n\r\n\r\n<li>szaf\u0119 na po\u015bciel, nocniki i le\u017caki z oddzielnymi przegr\u00f3dkami,<\/li>\r\n\r\n\r\n\r\n<li>zapewnia\u0107 nauk\u0119 przy ergonomicznych sto\u0142ach i krzes\u0142ach,<\/li>\r\n\r\n\r\n\r\n<li>gwarantowa\u0107 odpoczynek w ci\u0105gu dnia.<\/li>\r\n<\/ul>\r\n\r\n\r\n\r\n<p>Doskona\u0142ym rozwi\u0105zaniem do strefy nauki b\u0119d\u0105 ergonomiczne <strong><a href=\"https:\/\/mojebambino.pl\/1127250\/Stolik-przedszkolny-klon-z-niebieskimi-nogami-reg.-40-59\/855668\" target=\"_blank\" rel=\"noreferrer noopener\">sto\u0142y z regulacja wysoko\u015bci<\/a><\/strong>, kt\u00f3re pos\u0142u\u017c\u0105 przez d\u0142ugie lata i zagwarantuj\u0105 dostosowanie do wzrostu zar\u00f3wno wy\u017cszych, jak i ni\u017cszych dzieci. O ergonomii mebli nale\u017cy pami\u0119ta\u0107 nie tylko w przypadku krzese\u0142ek do nauki. Krzese\u0142ka do karmienia, r\u00f3wnie\u017c powinny zapewnia\u0107 wygodne podparcie i mo\u017cliwo\u015b\u0107 bezpiecznego spo\u017cywania posi\u0142k\u00f3w. W tym roku zdecydowali\u015bmy si\u0119 wprowadzi\u0107 smakowite krzese\u0142ka: <strong><a href=\"https:\/\/mojebambino.pl\/1125450\/Krzeselko-do-karmienia-Smaczek\/565500\">Smaczek<\/a>, <a href=\"https:\/\/mojebambino.pl\/1125451\/Krzeselko-do-karmienia-Frykas\/565501\">Frykas<\/a> i <a href=\"https:\/\/mojebambino.pl\/1125452\/Krzeselko-do-karmienia-Rarytas\/565503\" target=\"_blank\" rel=\"noreferrer noopener\">Rarytas<\/a><\/strong> z regulacj\u0105 wysoko\u015bci, w atrakcyjnych cenach (ju\u017c o 129,90\u00a0 z\u0142) \u00a0by zapewni\u0107 maksymalny komfort dzieciom i opiekunom.<\/p>\r\n\r\n\r\n\r\n<p>Wa\u017cnym elementem miejsc opieki nad maluchami jest przestrze\u0144 do zabawy. W niej dzieci nawi\u0105zuj\u0105 relacje, \u0107wicz\u0105 umiej\u0119tno\u015bci interpersonalne, komunikacj\u0119, wsp\u00f3\u0142prac\u0119 i stawianie granic. Dobrze by \u015brodowisko zapewnia\u0142o odpowiednie bod\u017ace, pobudzaj\u0105ce ciekawo\u015b\u0107, jednocze\u015bnie nie przyt\u0142aczaj\u0105c. To tutaj powinny znale\u017a\u0107 si\u0119 zabawki i k\u0105ciki aktywno\u015bci. Bogato wyposa\u017cone <strong><a href=\"https:\/\/mojebambino.pl\/1125482\/Sklepik-bistro-u-Beatki\/569006\" target=\"_blank\" rel=\"noreferrer noopener\">bistro<\/a>, <a href=\"https:\/\/mojebambino.pl\/1125414\/Lodziarnia-ze-slodkosciami\/542145\" target=\"_blank\" rel=\"noreferrer noopener\">stragan z lodami<\/a>, <a href=\"https:\/\/mojebambino.pl\/1124918\/Kuchenka-malucha\/098769\" target=\"_blank\" rel=\"noreferrer noopener\">kuchenka malucha<\/a><\/strong> lub <strong><a href=\"https:\/\/mojebambino.pl\/1124918\/Kuchenka-malucha\/098769\" target=\"_blank\" rel=\"noreferrer noopener\">warsztat majsterkowicza<\/a><\/strong> to tylko niekt\u00f3re z nowych k\u0105cik\u00f3w w przepi\u0119knych kolorach, dost\u0119pnych w nowym katalogu.<\/p>\r\n\r\n\r\n\r\n<figure class=\"wp-block-image size-full\"><a href=\"https:\/\/mojebambino.pl\/1125414\/Lodziarnia-ze-slodkosciami\/542145\" target=\"_blank\" rel=\"noreferrer noopener\"><img loading=\"lazy\" decoding=\"async\" width=\"1000\" height=\"665\" class=\"wp-image-4892\" src=\"https:\/\/mojebambino.pl\/blog\/wp-content\/uploads\/2024\/04\/542145_h_23.jpg\" alt=\"\" srcset=\"https:\/\/mojebambino.pl\/blog\/wp-content\/uploads\/2024\/04\/542145_h_23.jpg 1000w, https:\/\/mojebambino.pl\/blog\/wp-content\/uploads\/2024\/04\/542145_h_23-300x200.jpg 300w, https:\/\/mojebambino.pl\/blog\/wp-content\/uploads\/2024\/04\/542145_h_23-768x511.jpg 768w\" sizes=\"(max-width: 1000px) 100vw, 1000px\" \/><\/a><\/figure>\r\n\r\n\r\n\r\n<div class=\"wp-block-spacer\" style=\"height: 50px;\" aria-hidden=\"true\">\u00a0<\/div>\r\n\r\n\r\n\r\n<h2 class=\"wp-block-heading\"><a id=\"_Toc164770821\"><\/a>Pomoce dydaktyczne do przedszkola i \u017c\u0142obka<\/h2>\r\n\r\n\r\n\r\n<p>Nie mo\u017cna zapomnie\u0107 r\u00f3wnie\u017c o pomocach edukacyjnych. W przypadku najm\u0142odszych podopiecznych stale nale\u017cy podtrzymywa\u0107 ich uwag\u0119, dlatego pomoce dydaktyczne powinny \u0142\u0105czy\u0107 nauk\u0119 z zabaw\u0105. Istnieje r\u00f3wnie\u017c potrzeba rozwijania kompetencji cyfrowych ju\u017c od najm\u0142odszych lat. Dlatego w ofercie Moje Bambino opr\u00f3cz pomocy tradycyjnych znalaz\u0142y si\u0119, r\u00f3wnie\u017c te wspieraj\u0105ce nauk\u0119 kodowania ju\u017c od najm\u0142odszych lat. <strong><a href=\"https:\/\/mojebambino.pl\/1123334\/Zosia-Mala-Nauczycielka-interaktywny-robot-edukacyjny\/859001\" target=\"_blank\" rel=\"noreferrer noopener\">Zosia Ma\u0142a nauczycielka<\/a><\/strong> to przeuroczy robot do nauki podstaw kodowania, m\u00f3wi po polski, a do tego ta\u0144czy! Zach\u0119ci do nauki, ka\u017cdego ma\u0142ego odkrywc\u0119.<\/p>\r\n\r\n\r\n\r\n<p>Wyra\u017anym trendem w edukacji przedszkolnej jest r\u00f3wnie\u017c \u0142\u0105czenie pomocy tradycyjnych z multimedialnymi. Nowo\u015bci\u0105 na rynku jest zestaw <strong><a href=\"https:\/\/mojebambino.pl\/1124912\/EKOMATIK-w-przedszkolu-skrzyneczka-edukacyjna\/089048\" target=\"_blank\" rel=\"noreferrer noopener\">EKOMATIK<\/a><\/strong>. Jego zadaniem jest pom\u00f3c dzieciom naby\u0107 i rozwin\u0105\u0107 podstawowe kompetencje i umiej\u0119tno\u015bci, kt\u00f3re przydadz\u0105 im si\u0119 w dalszym etapie nauki oraz \u00a0w codziennym \u017cyciu. Przyczynia si\u0119 rozwoju logicznego my\u015blenia, kreatywno\u015bci, my\u015blenia przyczynowo skutkowego, zmys\u0142u obserwacji i wyobra\u017ani przestrzennej. Du\u017c\u0105 zalet\u0105 tej pomocy dydaktycznej, jest to \u017ce wszystkie potrzebne elementy s\u0105 cz\u0119\u015bci\u0105 zestawu, \u0142\u0105cznie z aplikacj\u0105 na tablety, monitory i tablice interaktywne.<\/p>\r\n\r\n\r\n\r\n<figure class=\"wp-block-image size-full\"><a href=\"https:\/\/mojebambino.pl\/1123334\/Zosia-Mala-Nauczycielka-interaktywny-robot-edukacyjny\/859001\" target=\"_blank\" rel=\"noreferrer noopener\"><img loading=\"lazy\" decoding=\"async\" width=\"1000\" height=\"727\" class=\"wp-image-4891\" src=\"https:\/\/mojebambino.pl\/blog\/wp-content\/uploads\/2024\/04\/859003_i_23.jpg\" alt=\"\" srcset=\"https:\/\/mojebambino.pl\/blog\/wp-content\/uploads\/2024\/04\/859003_i_23.jpg 1000w, https:\/\/mojebambino.pl\/blog\/wp-content\/uploads\/2024\/04\/859003_i_23-300x218.jpg 300w, https:\/\/mojebambino.pl\/blog\/wp-content\/uploads\/2024\/04\/859003_i_23-768x558.jpg 768w\" sizes=\"(max-width: 1000px) 100vw, 1000px\" \/><\/a><\/figure>\r\n\r\n\r\n\r\n<div class=\"wp-block-spacer\" style=\"height: 50px;\" aria-hidden=\"true\">\u00a0<\/div>\r\n\r\n\r\n\r\n<h3 class=\"wp-block-heading\"><a id=\"_Toc164770822\"><\/a>Podsumowanie<\/h3>\r\n\r\n\r\n\r\n<p>Wyb\u00f3r nowoczesnych mebli do przedszkola i \u017c\u0142obka to nie lada zadanie. Dlatego przy kompletowaniu mebli i pomocy dydaktycznych nale\u017cy:<\/p>\r\n\r\n\r\n\r\n<ul>\r\n<li>sprawdzi\u0107 daty wa\u017cno\u015bci certyfikat\u00f3w i atest\u00f3w<\/li>\r\n\r\n\r\n\r\n<li>meble wybiera\u0107 w dw\u00f3ch maksymalnie trzech r\u00f3\u017cnych kolorach<\/li>\r\n\r\n\r\n\r\n<li>\u0142\u0105czy\u0107 pomoce tradycyjne i multimedialne, \u017ceby zapewni\u0107 jak najwi\u0119ksza r\u00f3\u017cnorodno\u015b\u0107<\/li>\r\n\r\n\r\n\r\n<li>dba\u0107 o przepisy sanitarne z poszanowaniem prywatno\u015bci ma\u0142ych podopiecznych<\/li>\r\n\r\n\r\n\r\n<li>\u00a0warto skorzysta\u0107 z narz\u0119dzi do wizualizacji , \u017ceby sprawdzi\u0107 rozk\u0142ad przestrzeni przed ostateczn\u0105 decyzj\u0105.<\/li>\r\n<\/ul>\r\n\r\n\r\n\r\n<p>Nasi <strong><a href=\"https:\/\/mojebambino.pl\/przedstawiciele\" target=\"_blank\" rel=\"noreferrer noopener\">konsultanci<\/a><\/strong> zawsze ch\u0119tnie s\u0142u\u017c\u0105 pomoc\u0105 i stworz\u0105 z Pa\u0144stwem wyj\u0105tkow\u0105 przestrze\u0144 \u017c\u0142obka lub przedszkola.<\/p>\r\n\r\n\r\n\r\n<p><strong><em>Opracowa\u0142a:<\/em><\/strong><\/p>\r\n\r\n\r\n\r\n<p><em>mgr nauk spo\u0142ecznych, Magdalena Dudzi\u0144ska<\/em><\/p>\r\n","protected":false},"excerpt":{"rendered":"<p>Wraz z nadej\u015bciem wiosny przychodzimy do Pa\u0144stwa z najnowszymi trendami w wyposa\u017ceniu plac\u00f3wek edukacyjnych. W kwietniu do Pa\u0144stwa dyspozycji wyszed\u0142 nowy katalog Moje Bambino na rok 2024 z wyposa\u017ceniem \u017c\u0142obka&#8230;<\/p>\n","protected":false},"author":4,"featured_media":4888,"comment_status":"closed","ping_status":"closed","sticky":false,"template":"","format":"standard","meta":{"footnotes":""},"categories":[5],"tags":[],"yoast_head":"<!-- This site is optimized with the Yoast SEO plugin v21.9.1 - https:\/\/yoast.com\/wordpress\/plugins\/seo\/ -->\n<title>Wyposa\u017cenie nowoczesnego przedszkola i \u017c\u0142obka \u2013 zainspiruj si\u0119!<\/title>\n<meta name=\"description\" content=\"Dowiedz si\u0119, na co zwr\u00f3ci\u0107 uwag\u0119, wybieraj\u0105c wyposa\u017cenie do przedszkola i \u017c\u0142obka. Jakie elementy wspieraj\u0105 rozw\u00f3j dzieci? Przeczytaj!\" \/>\n<meta name=\"robots\" content=\"index, follow, max-snippet:-1, max-image-preview:large, max-video-preview:-1\" \/>\n<link rel=\"canonical\" href=\"https:\/\/mojebambino.pl\/blog\/index.php\/2024\/04\/30\/nowoczesne-przedszkole-i-zlobek-jak-wybrac-idealne-wyposazenie\/\" \/>\n<meta property=\"og:locale\" content=\"pl_PL\" \/>\n<meta property=\"og:type\" content=\"article\" \/>\n<meta property=\"og:title\" content=\"Wyposa\u017cenie nowoczesnego przedszkola i \u017c\u0142obka \u2013 zainspiruj si\u0119!\" \/>\n<meta property=\"og:description\" content=\"Dowiedz si\u0119, na co zwr\u00f3ci\u0107 uwag\u0119, wybieraj\u0105c wyposa\u017cenie do przedszkola i \u017c\u0142obka. Jakie elementy wspieraj\u0105 rozw\u00f3j dzieci? Przeczytaj!\" \/>\n<meta property=\"og:url\" content=\"https:\/\/mojebambino.pl\/blog\/index.php\/2024\/04\/30\/nowoczesne-przedszkole-i-zlobek-jak-wybrac-idealne-wyposazenie\/\" \/>\n<meta property=\"og:site_name\" content=\"Blog - porady pedagogiczne\" \/>\n<meta property=\"article:published_time\" content=\"2024-04-30T10:04:06+00:00\" \/>\n<meta property=\"article:modified_time\" content=\"2025-06-03T13:19:05+00:00\" \/>\n<meta property=\"og:image\" content=\"https:\/\/mojebambino.pl\/blog\/wp-content\/uploads\/2024\/04\/096950_j_23.jpg\" \/>\n\t<meta property=\"og:image:width\" content=\"1000\" \/>\n\t<meta property=\"og:image:height\" content=\"665\" \/>\n\t<meta property=\"og:image:type\" content=\"image\/jpeg\" \/>\n<meta name=\"author\" content=\"Aleksandra Pe\u0142ka\" \/>\n<meta name=\"twitter:card\" content=\"summary_large_image\" \/>\n<meta name=\"twitter:label1\" content=\"Napisane przez\" \/>\n\t<meta name=\"twitter:data1\" content=\"Aleksandra Pe\u0142ka\" \/>\n\t<meta name=\"twitter:label2\" content=\"Szacowany czas czytania\" \/>\n\t<meta name=\"twitter:data2\" content=\"13 minut\" \/>\n<script type=\"application\/ld+json\" class=\"yoast-schema-graph\">{\"@context\":\"https:\/\/schema.org\",\"@graph\":[{\"@type\":\"Article\",\"@id\":\"https:\/\/mojebambino.pl\/blog\/index.php\/2024\/04\/30\/nowoczesne-przedszkole-i-zlobek-jak-wybrac-idealne-wyposazenie\/#article\",\"isPartOf\":{\"@id\":\"https:\/\/mojebambino.pl\/blog\/index.php\/2024\/04\/30\/nowoczesne-przedszkole-i-zlobek-jak-wybrac-idealne-wyposazenie\/\"},\"author\":{\"name\":\"Aleksandra Pe\u0142ka\",\"@id\":\"https:\/\/mojebambino.pl\/blog\/#\/schema\/person\/bc7d7e99b4a51ea8a262f28a0bf44834\"},\"headline\":\"Nowoczesne przedszkole i \u017c\u0142obek \u2013 jak wybra\u0107 idealne wyposa\u017cenie?\",\"datePublished\":\"2024-04-30T10:04:06+00:00\",\"dateModified\":\"2025-06-03T13:19:05+00:00\",\"mainEntityOfPage\":{\"@id\":\"https:\/\/mojebambino.pl\/blog\/index.php\/2024\/04\/30\/nowoczesne-przedszkole-i-zlobek-jak-wybrac-idealne-wyposazenie\/\"},\"wordCount\":2222,\"publisher\":{\"@id\":\"https:\/\/mojebambino.pl\/blog\/#organization\"},\"articleSection\":[\"\u017b\u0142obek, Przedszkole\"],\"inLanguage\":\"pl-PL\"},{\"@type\":\"WebPage\",\"@id\":\"https:\/\/mojebambino.pl\/blog\/index.php\/2024\/04\/30\/nowoczesne-przedszkole-i-zlobek-jak-wybrac-idealne-wyposazenie\/\",\"url\":\"https:\/\/mojebambino.pl\/blog\/index.php\/2024\/04\/30\/nowoczesne-przedszkole-i-zlobek-jak-wybrac-idealne-wyposazenie\/\",\"name\":\"Wyposa\u017cenie nowoczesnego przedszkola i \u017c\u0142obka \u2013 zainspiruj si\u0119!\",\"isPartOf\":{\"@id\":\"https:\/\/mojebambino.pl\/blog\/#website\"},\"datePublished\":\"2024-04-30T10:04:06+00:00\",\"dateModified\":\"2025-06-03T13:19:05+00:00\",\"description\":\"Dowiedz si\u0119, na co zwr\u00f3ci\u0107 uwag\u0119, wybieraj\u0105c wyposa\u017cenie do przedszkola i \u017c\u0142obka. Jakie elementy wspieraj\u0105 rozw\u00f3j dzieci? Przeczytaj!\",\"breadcrumb\":{\"@id\":\"https:\/\/mojebambino.pl\/blog\/index.php\/2024\/04\/30\/nowoczesne-przedszkole-i-zlobek-jak-wybrac-idealne-wyposazenie\/#breadcrumb\"},\"inLanguage\":\"pl-PL\",\"potentialAction\":[{\"@type\":\"ReadAction\",\"target\":[\"https:\/\/mojebambino.pl\/blog\/index.php\/2024\/04\/30\/nowoczesne-przedszkole-i-zlobek-jak-wybrac-idealne-wyposazenie\/\"]}]},{\"@type\":\"BreadcrumbList\",\"@id\":\"https:\/\/mojebambino.pl\/blog\/index.php\/2024\/04\/30\/nowoczesne-przedszkole-i-zlobek-jak-wybrac-idealne-wyposazenie\/#breadcrumb\",\"itemListElement\":[{\"@type\":\"ListItem\",\"position\":1,\"name\":\"Home\",\"item\":\"https:\/\/mojebambino.pl\/blog\/\"},{\"@type\":\"ListItem\",\"position\":2,\"name\":\"Nowoczesne przedszkole i \u017c\u0142obek \u2013 jak wybra\u0107 idealne wyposa\u017cenie?\"}]},{\"@type\":\"WebSite\",\"@id\":\"https:\/\/mojebambino.pl\/blog\/#website\",\"url\":\"https:\/\/mojebambino.pl\/blog\/\",\"name\":\"Blog - porady pedagogiczne\",\"description\":\"\",\"publisher\":{\"@id\":\"https:\/\/mojebambino.pl\/blog\/#organization\"},\"potentialAction\":[{\"@type\":\"SearchAction\",\"target\":{\"@type\":\"EntryPoint\",\"urlTemplate\":\"https:\/\/mojebambino.pl\/blog\/?s={search_term_string}\"},\"query-input\":\"required name=search_term_string\"}],\"inLanguage\":\"pl-PL\"},{\"@type\":\"Organization\",\"@id\":\"https:\/\/mojebambino.pl\/blog\/#organization\",\"name\":\"Blog - porady pedagogiczne\",\"url\":\"https:\/\/mojebambino.pl\/blog\/\",\"logo\":{\"@type\":\"ImageObject\",\"inLanguage\":\"pl-PL\",\"@id\":\"https:\/\/mojebambino.pl\/blog\/#\/schema\/logo\/image\/\",\"url\":\"https:\/\/mojebambino.pl\/blog\/wp-content\/uploads\/2024\/11\/cropped-MOJE_BAMBINO_LOGO.png\",\"contentUrl\":\"https:\/\/mojebambino.pl\/blog\/wp-content\/uploads\/2024\/11\/cropped-MOJE_BAMBINO_LOGO.png\",\"width\":248,\"height\":103,\"caption\":\"Blog - porady pedagogiczne\"},\"image\":{\"@id\":\"https:\/\/mojebambino.pl\/blog\/#\/schema\/logo\/image\/\"}},{\"@type\":\"Person\",\"@id\":\"https:\/\/mojebambino.pl\/blog\/#\/schema\/person\/bc7d7e99b4a51ea8a262f28a0bf44834\",\"name\":\"Aleksandra Pe\u0142ka\",\"image\":{\"@type\":\"ImageObject\",\"inLanguage\":\"pl-PL\",\"@id\":\"https:\/\/mojebambino.pl\/blog\/#\/schema\/person\/image\/\",\"url\":\"https:\/\/secure.gravatar.com\/avatar\/901219d8c8ad75f8a1e14c285fcbac6a?s=96&d=mm&r=g\",\"contentUrl\":\"https:\/\/secure.gravatar.com\/avatar\/901219d8c8ad75f8a1e14c285fcbac6a?s=96&d=mm&r=g\",\"caption\":\"Aleksandra Pe\u0142ka\"},\"url\":\"https:\/\/mojebambino.pl\/blog\/index.php\/author\/aleksandra\/\"}]}<\/script>\n<!-- \/ Yoast SEO plugin. -->","yoast_head_json":{"title":"Wyposa\u017cenie nowoczesnego przedszkola i \u017c\u0142obka \u2013 zainspiruj si\u0119!","description":"Dowiedz si\u0119, na co zwr\u00f3ci\u0107 uwag\u0119, wybieraj\u0105c wyposa\u017cenie do przedszkola i \u017c\u0142obka. Jakie elementy wspieraj\u0105 rozw\u00f3j dzieci? Przeczytaj!","robots":{"index":"index","follow":"follow","max-snippet":"max-snippet:-1","max-image-preview":"max-image-preview:large","max-video-preview":"max-video-preview:-1"},"canonical":"https:\/\/mojebambino.pl\/blog\/index.php\/2024\/04\/30\/nowoczesne-przedszkole-i-zlobek-jak-wybrac-idealne-wyposazenie\/","og_locale":"pl_PL","og_type":"article","og_title":"Wyposa\u017cenie nowoczesnego przedszkola i \u017c\u0142obka \u2013 zainspiruj si\u0119!","og_description":"Dowiedz si\u0119, na co zwr\u00f3ci\u0107 uwag\u0119, wybieraj\u0105c wyposa\u017cenie do przedszkola i \u017c\u0142obka. Jakie elementy wspieraj\u0105 rozw\u00f3j dzieci? Przeczytaj!","og_url":"https:\/\/mojebambino.pl\/blog\/index.php\/2024\/04\/30\/nowoczesne-przedszkole-i-zlobek-jak-wybrac-idealne-wyposazenie\/","og_site_name":"Blog - porady pedagogiczne","article_published_time":"2024-04-30T10:04:06+00:00","article_modified_time":"2025-06-03T13:19:05+00:00","og_image":[{"width":1000,"height":665,"url":"https:\/\/mojebambino.pl\/blog\/wp-content\/uploads\/2024\/04\/096950_j_23.jpg","type":"image\/jpeg"}],"author":"Aleksandra Pe\u0142ka","twitter_card":"summary_large_image","twitter_misc":{"Napisane przez":"Aleksandra Pe\u0142ka","Szacowany czas czytania":"13 minut"},"schema":{"@context":"https:\/\/schema.org","@graph":[{"@type":"Article","@id":"https:\/\/mojebambino.pl\/blog\/index.php\/2024\/04\/30\/nowoczesne-przedszkole-i-zlobek-jak-wybrac-idealne-wyposazenie\/#article","isPartOf":{"@id":"https:\/\/mojebambino.pl\/blog\/index.php\/2024\/04\/30\/nowoczesne-przedszkole-i-zlobek-jak-wybrac-idealne-wyposazenie\/"},"author":{"name":"Aleksandra Pe\u0142ka","@id":"https:\/\/mojebambino.pl\/blog\/#\/schema\/person\/bc7d7e99b4a51ea8a262f28a0bf44834"},"headline":"Nowoczesne przedszkole i \u017c\u0142obek \u2013 jak wybra\u0107 idealne wyposa\u017cenie?","datePublished":"2024-04-30T10:04:06+00:00","dateModified":"2025-06-03T13:19:05+00:00","mainEntityOfPage":{"@id":"https:\/\/mojebambino.pl\/blog\/index.php\/2024\/04\/30\/nowoczesne-przedszkole-i-zlobek-jak-wybrac-idealne-wyposazenie\/"},"wordCount":2222,"publisher":{"@id":"https:\/\/mojebambino.pl\/blog\/#organization"},"articleSection":["\u017b\u0142obek, Przedszkole"],"inLanguage":"pl-PL"},{"@type":"WebPage","@id":"https:\/\/mojebambino.pl\/blog\/index.php\/2024\/04\/30\/nowoczesne-przedszkole-i-zlobek-jak-wybrac-idealne-wyposazenie\/","url":"https:\/\/mojebambino.pl\/blog\/index.php\/2024\/04\/30\/nowoczesne-przedszkole-i-zlobek-jak-wybrac-idealne-wyposazenie\/","name":"Wyposa\u017cenie nowoczesnego przedszkola i \u017c\u0142obka \u2013 zainspiruj si\u0119!","isPartOf":{"@id":"https:\/\/mojebambino.pl\/blog\/#website"},"datePublished":"2024-04-30T10:04:06+00:00","dateModified":"2025-06-03T13:19:05+00:00","description":"Dowiedz si\u0119, na co zwr\u00f3ci\u0107 uwag\u0119, wybieraj\u0105c wyposa\u017cenie do przedszkola i \u017c\u0142obka. Jakie elementy wspieraj\u0105 rozw\u00f3j dzieci? Przeczytaj!","breadcrumb":{"@id":"https:\/\/mojebambino.pl\/blog\/index.php\/2024\/04\/30\/nowoczesne-przedszkole-i-zlobek-jak-wybrac-idealne-wyposazenie\/#breadcrumb"},"inLanguage":"pl-PL","potentialAction":[{"@type":"ReadAction","target":["https:\/\/mojebambino.pl\/blog\/index.php\/2024\/04\/30\/nowoczesne-przedszkole-i-zlobek-jak-wybrac-idealne-wyposazenie\/"]}]},{"@type":"BreadcrumbList","@id":"https:\/\/mojebambino.pl\/blog\/index.php\/2024\/04\/30\/nowoczesne-przedszkole-i-zlobek-jak-wybrac-idealne-wyposazenie\/#breadcrumb","itemListElement":[{"@type":"ListItem","position":1,"name":"Home","item":"https:\/\/mojebambino.pl\/blog\/"},{"@type":"ListItem","position":2,"name":"Nowoczesne przedszkole i \u017c\u0142obek \u2013 jak wybra\u0107 idealne wyposa\u017cenie?"}]},{"@type":"WebSite","@id":"https:\/\/mojebambino.pl\/blog\/#website","url":"https:\/\/mojebambino.pl\/blog\/","name":"Blog - porady pedagogiczne","description":"","publisher":{"@id":"https:\/\/mojebambino.pl\/blog\/#organization"},"potentialAction":[{"@type":"SearchAction","target":{"@type":"EntryPoint","urlTemplate":"https:\/\/mojebambino.pl\/blog\/?s={search_term_string}"},"query-input":"required name=search_term_string"}],"inLanguage":"pl-PL"},{"@type":"Organization","@id":"https:\/\/mojebambino.pl\/blog\/#organization","name":"Blog - porady pedagogiczne","url":"https:\/\/mojebambino.pl\/blog\/","logo":{"@type":"ImageObject","inLanguage":"pl-PL","@id":"https:\/\/mojebambino.pl\/blog\/#\/schema\/logo\/image\/","url":"https:\/\/mojebambino.pl\/blog\/wp-content\/uploads\/2024\/11\/cropped-MOJE_BAMBINO_LOGO.png","contentUrl":"https:\/\/mojebambino.pl\/blog\/wp-content\/uploads\/2024\/11\/cropped-MOJE_BAMBINO_LOGO.png","width":248,"height":103,"caption":"Blog - porady pedagogiczne"},"image":{"@id":"https:\/\/mojebambino.pl\/blog\/#\/schema\/logo\/image\/"}},{"@type":"Person","@id":"https:\/\/mojebambino.pl\/blog\/#\/schema\/person\/bc7d7e99b4a51ea8a262f28a0bf44834","name":"Aleksandra Pe\u0142ka","image":{"@type":"ImageObject","inLanguage":"pl-PL","@id":"https:\/\/mojebambino.pl\/blog\/#\/schema\/person\/image\/","url":"https:\/\/secure.gravatar.com\/avatar\/901219d8c8ad75f8a1e14c285fcbac6a?s=96&d=mm&r=g","contentUrl":"https:\/\/secure.gravatar.com\/avatar\/901219d8c8ad75f8a1e14c285fcbac6a?s=96&d=mm&r=g","caption":"Aleksandra Pe\u0142ka"},"url":"https:\/\/mojebambino.pl\/blog\/index.php\/author\/aleksandra\/"}]}},"_links":{"self":[{"href":"https:\/\/mojebambino.pl\/blog\/index.php\/wp-json\/wp\/v2\/posts\/4877"}],"collection":[{"href":"https:\/\/mojebambino.pl\/blog\/index.php\/wp-json\/wp\/v2\/posts"}],"about":[{"href":"https:\/\/mojebambino.pl\/blog\/index.php\/wp-json\/wp\/v2\/types\/post"}],"author":[{"embeddable":true,"href":"https:\/\/mojebambino.pl\/blog\/index.php\/wp-json\/wp\/v2\/users\/4"}],"replies":[{"embeddable":true,"href":"https:\/\/mojebambino.pl\/blog\/index.php\/wp-json\/wp\/v2\/comments?post=4877"}],"version-history":[{"count":9,"href":"https:\/\/mojebambino.pl\/blog\/index.php\/wp-json\/wp\/v2\/posts\/4877\/revisions"}],"predecessor-version":[{"id":8326,"href":"https:\/\/mojebambino.pl\/blog\/index.php\/wp-json\/wp\/v2\/posts\/4877\/revisions\/8326"}],"wp:featuredmedia":[{"embeddable":true,"href":"https:\/\/mojebambino.pl\/blog\/index.php\/wp-json\/wp\/v2\/media\/4888"}],"wp:attachment":[{"href":"https:\/\/mojebambino.pl\/blog\/index.php\/wp-json\/wp\/v2\/media?parent=4877"}],"wp:term":[{"taxonomy":"category","embeddable":true,"href":"https:\/\/mojebambino.pl\/blog\/index.php\/wp-json\/wp\/v2\/categories?post=4877"},{"taxonomy":"post_tag","embeddable":true,"href":"https:\/\/mojebambino.pl\/blog\/index.php\/wp-json\/wp\/v2\/tags?post=4877"}],"curies":[{"name":"wp","href":"https:\/\/api.w.org\/{rel}","templated":true}]}}