{"id":4389,"date":"2024-02-02T13:02:28","date_gmt":"2024-02-02T12:02:28","guid":{"rendered":"https:\/\/mojebambino.pl\/blog\/?p=4389"},"modified":"2025-06-06T13:05:39","modified_gmt":"2025-06-06T11:05:39","slug":"posilek-w-szkole-i-w-domu-rzadowy-projekt-powraca-na-lata-2024-2028","status":"publish","type":"post","link":"https:\/\/mojebambino.pl\/blog\/index.php\/2024\/02\/02\/posilek-w-szkole-i-w-domu-rzadowy-projekt-powraca-na-lata-2024-2028\/","title":{"rendered":"\u201ePosi\u0142ek w szkole i w domu\u201d \u2013 rz\u0105dowy projekt powraca na lata 2024 &#8211; 2028"},"content":{"rendered":"[vc_row type=&#8221;in_container&#8221; full_screen_row_position=&#8221;middle&#8221; column_margin=&#8221;default&#8221; column_direction=&#8221;default&#8221; column_direction_tablet=&#8221;default&#8221; column_direction_phone=&#8221;default&#8221; scene_position=&#8221;center&#8221; text_color=&#8221;dark&#8221; text_align=&#8221;left&#8221; row_border_radius=&#8221;none&#8221; row_border_radius_applies=&#8221;bg&#8221; overflow=&#8221;visible&#8221; overlay_strength=&#8221;0.3&#8243; gradient_direction=&#8221;left_to_right&#8221; shape_divider_position=&#8221;bottom&#8221; bg_image_animation=&#8221;none&#8221;][vc_column column_padding=&#8221;no-extra-padding&#8221; column_padding_tablet=&#8221;inherit&#8221; column_padding_phone=&#8221;inherit&#8221; column_padding_position=&#8221;all&#8221; column_element_direction_desktop=&#8221;default&#8221; column_element_spacing=&#8221;default&#8221; desktop_text_alignment=&#8221;default&#8221; tablet_text_alignment=&#8221;default&#8221; phone_text_alignment=&#8221;default&#8221; background_color_opacity=&#8221;1&#8243; background_hover_color_opacity=&#8221;1&#8243; column_backdrop_filter=&#8221;none&#8221; column_shadow=&#8221;none&#8221; column_border_radius=&#8221;none&#8221; column_link_target=&#8221;_self&#8221; column_position=&#8221;default&#8221; gradient_direction=&#8221;left_to_right&#8221; overlay_strength=&#8221;0.3&#8243; width=&#8221;1\/1&#8243; tablet_width_inherit=&#8221;default&#8221; animation_type=&#8221;default&#8221; bg_image_animation=&#8221;none&#8221; border_type=&#8221;simple&#8221; column_border_width=&#8221;none&#8221; column_border_style=&#8221;solid&#8221;][vc_column_text css=&#8221;&#8221; text_direction=&#8221;default&#8221;]\r\n<p>W dzisiejszych czasach zdrowe nawyki \u017cywieniowe odgrywaj\u0105 kluczow\u0105 rol\u0119 w rozwoju dzieci i m\u0142odzie\u017cy. Staj\u0105 si\u0119 one nieodzownym elementem zapewnienia solidnej podstawy do pe\u0142nego rozwoju. Wprowadzenie projektu \u201ePosi\u0142ek w domu i\u00a0 w szkole\u201d stanowi zdecydowany krok polskiego rz\u0105du w kierunku dba\u0142o\u015bci o zdrowe nawyki \u017cywieniowe dzieci i m\u0142odzie\u017cy. Sto\u0142\u00f3wki szkolne, tu\u017c obok sal lekcyjnych i \u015bwietlic to jedne z wa\u017cniejszych miejsc w szkole podstawowej. Rozbudowanie i unowocze\u015bnienie ich, mo\u017ce mie\u0107 znacz\u0105cy wp\u0142yw na atmosfer\u0119 wsp\u00f3lnoty, tak\u017ce z uwagi na wi\u0119ksz\u0105 ch\u0119\u0107 spo\u017cywania posi\u0142ku w tak idealnie przygotowanym, nowoczesnym i sprzyjaj\u0105cym regeneracji si\u0142, miejscu.<\/p>\r\n\r\n<p><strong><em>15 stycznia 2024 roku<\/em><\/strong>, polski rz\u0105d po raz kolejny postanowi\u0142 udzieli\u0107 wsparcia finansowego<br \/>w ramach organizacji sto\u0142\u00f3wek oraz miejsc spo\u017cywania posi\u0142k\u00f3w w szko\u0142ach.<br \/>Wszystkie te dzia\u0142ania maj\u0105 na celu popraw\u0119 jako\u015bci spo\u017cywania posi\u0142k\u00f3w oraz wspieranie zdrowego od\u017cywiania. Rz\u0105d, poprzez inwestycje w infrastruktur\u0119 szkolnych sto\u0142\u00f3wek, d\u0105\u017cy do stworzenia przyjaznego \u015brodowiska, w kt\u00f3rym zdrowe nawyki \u017cywieniowe stan\u0105 si\u0119 integraln\u0105 cz\u0119\u015bci\u0105 codziennego \u017cycia uczni\u00f3w.<\/p>\r\n\r\n<p>&nbsp;<\/p>\r\n\r\n<figure class=\"wp-block-image size-full\"><a href=\"https:\/\/mojebambino.pl\/1118831\/Stolowka-Mila-1\/WIZ-STO-MB-0005?c=2932\" target=\"_blank\" rel=\"noreferrer noopener\"><img fetchpriority=\"high\" decoding=\"async\" width=\"1000\" height=\"572\" class=\"wp-image-4406\" src=\"https:\/\/mojebambino.pl\/blog\/wp-content\/uploads\/2024\/02\/WIZ-STO-MB-0005_a_21.jpg\" alt=\"\" srcset=\"https:\/\/mojebambino.pl\/blog\/wp-content\/uploads\/2024\/02\/WIZ-STO-MB-0005_a_21.jpg 1000w, https:\/\/mojebambino.pl\/blog\/wp-content\/uploads\/2024\/02\/WIZ-STO-MB-0005_a_21-300x172.jpg 300w, https:\/\/mojebambino.pl\/blog\/wp-content\/uploads\/2024\/02\/WIZ-STO-MB-0005_a_21-768x439.jpg 768w\" sizes=\"(max-width: 1000px) 100vw, 1000px\" \/><\/a><\/figure>\r\n\r\n<p>&nbsp;<\/p>\r\n\r\n<pre>Spis tre\u015bci<\/pre>\r\n\r\n<p>&nbsp;<\/p>\r\n\r\n<p><a href=\"#_Toc156812725\">Do kogo skierowanny jest projekt: \u201ePosi\u0142ek w domu i w szkole\u201d?<\/a><br \/><a href=\"#_Toc156812726\">Program \u201ePosi\u0142ek w szkole i w domu\u201d\u2013 najwa\u017cniejsze informacje<\/a><br \/><a href=\"#_Toc156812727\">Harmonogram dzia\u0142a\u0144 w ramach modu\u0142u numer 3 w latach: 2024 \u2013 2028<\/a><br \/><a href=\"#_Toc156812728\">Gdzie i w jakiej formie nale\u017cy z\u0142o\u017cy\u0107 wniosek<\/a><br \/><a href=\"#_Toc156812729\">Oferta Moje Bambino<\/a><br \/><a href=\"#_Toc156812730\">Podsumowanie<\/a><\/p>\r\n<h2><strong><a id=\"_Toc156812725\"><\/a>Do kogo skierowany jest projekt: \u201ePosi\u0142ek w domu i w szkole\u201d?<\/strong><\/h2>\r\n\r\n<p>&nbsp;<\/p>\r\n\r\n<p>Wed\u0142ug rozporz\u0105dzenia, kt\u00f3re zosta\u0142o opublikowane na stronie rz\u0105dowej mo\u017cemy dowiedzie\u0107 si\u0119, \u017ce ze wsparcia w ramach programu <em>\u201ePosi\u0142ek w domu i w szkole\u201d<\/em> mog\u0105 skorzysta\u0107:<\/p>\r\n\r\n<p>&nbsp;<\/p>\r\n\r\n<ul>\r\n<li style=\"list-style-type: none;\">\r\n<ul>\r\n<li>organy prowadz\u0105ce publiczne szko\u0142y podstawowe,<\/li>\r\n\r\n\r\n\r\n<li>organy prowadz\u0105ce publiczne szko\u0142y artystyczne,<\/li>\r\n\r\n\r\n\r\n<li>m\u0142odzie\u017cowe o\u015brodki wychowawcze,<\/li>\r\n\r\n\r\n\r\n<li>m\u0142odzie\u017cowych o\u015brodk\u00f3w socjoterapii,<\/li>\r\n\r\n\r\n\r\n<li>specjalne o\u015brodki szkolno\u2013wychowawcze.<\/li>\r\n<\/ul>\r\n<\/li>\r\n<\/ul>\r\n\r\n<p>W projekcie wskazano, \u017ce realizacja modu\u0142u 3 Programu jest planowana na pi\u0119\u0107 kolejnych lat.\u00a0<strong>Przewidywany, ca\u0142kowity koszt realizacji modu\u0142u 3 Programu w latach 2024\u20132028 wynosi 249 441 311 z\u0142<\/strong>, z tego z bud\u017cet\u00f3w organ\u00f3w prowadz\u0105cych szko\u0142y 49 441 311 z\u0142,<br \/>a z bud\u017cetu pa\u0144stwa 200 000 000 z\u0142.<\/p>\r\n\r\n<p>Projekt rozporz\u0105dzenia zak\u0142ada dofinansowanie w wysoko\u015bci:<\/p>\r\n\r\n<p>&nbsp;<\/p>\r\n\r\n<ul>\r\n<li style=\"list-style-type: none;\">\r\n<ul>\r\n<li>80 tys. z\u0142 na doposa\u017cenie i popraw\u0119 standardu funkcjonuj\u0105cych sto\u0142\u00f3wek szkolnych<\/li>\r\n\r\n\r\n\r\n<li>oraz 25 tys. na wsparcie w zakresie adaptacji i wyposa\u017cenia jadalni szkolnej.<\/li>\r\n<\/ul>\r\n<\/li>\r\n<\/ul>\r\n\r\n<p>Rozporz\u0105dzenie zak\u0142ada obowi\u0105zkowy wk\u0142ad finansowy lub rzeczowy organ\u00f3w prowadz\u0105cych szko\u0142y w wysoko\u015bci nie mniejszej ni\u017c 20 proc. kwoty koszt\u00f3w realizacji zadania obj\u0119tego wsparciem finansowym z bud\u017cetu pa\u0144stwa, z tym \u017ce w przypadku szk\u00f3\u0142 artystycznych realizuj\u0105cych kszta\u0142cenie og\u00f3lne w zakresie szko\u0142y podstawowej prowadzonych przez ministra w\u0142a\u015bciwego do spraw kultury i ochrony dziedzictwa narodowego wk\u0142ad w\u0142asny nie b\u0119dzie wymagany.<\/p>\r\n\r\n<p>\u00a0<\/p>\r\n\r\n<p>&nbsp;<\/p>\r\n\r\n<h2 class=\"wp-block-heading\" style=\"font-size: 25px;\"><strong><a id=\"_Toc156812726\"><\/a>Program Posi\u0142ek w szkole i w domu \u2013 najwa\u017cniejsze informacje<\/strong><\/h2>\r\n\r\n<p>W ramach Programu realizowane b\u0119d\u0105 trzy modu\u0142y:<\/p>\r\n\r\n<p>&nbsp;<\/p>\r\n\r\n<ul>\r\n<li style=\"list-style-type: none;\">\r\n<ul>\r\n<li>Modu\u0142 nr 1 dla dzieci i m\u0142odzie\u017cy,<\/li>\r\n\r\n\r\n\r\n<li>Modu\u0142 nr 2 dla os\u00f3b doros\u0142ych (za realizacj\u0119 zada\u0144 wynikaj\u0105cych z modu\u0142\u00f3w 1 i 2 Programu odpowiada minister w\u0142a\u015bciwy do spraw zabezpieczenia spo\u0142ecznego),<\/li>\r\n\r\n\r\n\r\n<li>Modu\u0142 nr 3 dla organizacji sto\u0142\u00f3wek oraz miejsc spo\u017cywania posi\u0142k\u00f3w w szko\u0142ach<br \/>(za realizacj\u0119 zada\u0144 wynikaj\u0105cych z modu\u0142u 3 Programu odpowiada minister w\u0142a\u015bciwy do spraw o\u015bwiaty i wychowania).<\/li>\r\n<\/ul>\r\n<\/li>\r\n<\/ul>\r\n\r\n<p>Najistotniejszym z punktu widzenia plac\u00f3wek szkolnych jest modu\u0142 nr 3, na kt\u00f3rym skupimy dalsz\u0105 uwag\u0119 w artykule. Wsparcie w ramach tego modu\u0142u skoncentrowane jest przede wszystkim na poprawie jako\u015bci miejsc, w kt\u00f3rych spo\u017cywane s\u0105 posi\u0142ki w szko\u0142ach. Aspekt ergonomiczny i funkcjonalny mebli w jadalniach nabiera szczeg\u00f3lnego znaczenia.<br \/>Wsparcia dla danej szko\u0142y udziela si\u0119 tylko w ramach jednego zadania:<\/p>\r\n\r\n<p>&nbsp;<\/p>\r\n\r\n<ul>\r\n<li style=\"list-style-type: none;\">\r\n<ul>\r\n<li>us\u0142ug remontowo-adaptacyjnych s\u0142u\u017c\u0105cych poprawie standardu funkcjonowania sto\u0142\u00f3wek szkolnych lub miejsc spo\u017cywania posi\u0142k\u00f3w,<\/li>\r\n\r\n\r\n\r\n<li>niezb\u0119dnego wyposa\u017cenia kuchni w sto\u0142\u00f3wkach szkolnych,<\/li>\r\n\r\n\r\n\r\n<li>niezb\u0119dnego wyposa\u017cenia miejsc spo\u017cywania posi\u0142k\u00f3w, w szczeg\u00f3lno\u015bci sto\u0142\u00f3w, krzese\u0142, zastawy sto\u0142owej, tac, koszy na odpady, termos\u00f3w gastronomicznych.<\/li>\r\n<\/ul>\r\n<\/li>\r\n<\/ul>\r\n\r\n<p><strong><br \/>Przewiduje si\u0119, \u017ce realizacja przedsi\u0119wzi\u0119\u0107 w ramach modu\u0142u 3 Programu przyniesie nast\u0119puj\u0105ce efekty:<\/strong><\/p>\r\n\r\n<p>&nbsp;<\/p>\r\n\r\n<ul>\r\n<li style=\"list-style-type: none;\">\r\n<ul>\r\n<li>zostanie zapewniony uczniom dost\u0119p do wysokiej jako\u015bci posi\u0142k\u00f3w w warunkach sprzyjaj\u0105cych kulturze spo\u017cycia,<\/li>\r\n\r\n\r\n\r\n<li>nast\u0105pi rozw\u00f3j sieci sto\u0142\u00f3wek w publicznych szko\u0142ach podstawowych,<\/li>\r\n\r\n\r\n\r\n<li>nast\u0105pi zwi\u0119kszenie odsetka uczni\u00f3w korzystaj\u0105cych z posi\u0142k\u00f3w organizowanych w sto\u0142\u00f3wkach szkolnych.<\/li>\r\n<\/ul>\r\n<\/li>\r\n<\/ul>\r\n\r\n<p>&nbsp;<\/p>\r\n\r\n<figure class=\"wp-block-image size-full\"><a href=\"https:\/\/mojebambino.pl\/1120875\/Stolowka-Colores\/WIZ-STO-MB-0006?c=2932\" target=\"_blank\" rel=\"noreferrer noopener\"><img decoding=\"async\" width=\"1000\" height=\"704\" class=\"wp-image-4408\" src=\"https:\/\/mojebambino.pl\/blog\/wp-content\/uploads\/2024\/02\/WIZ-STO-MB-0006_b_22.jpg\" alt=\"\" srcset=\"https:\/\/mojebambino.pl\/blog\/wp-content\/uploads\/2024\/02\/WIZ-STO-MB-0006_b_22.jpg 1000w, https:\/\/mojebambino.pl\/blog\/wp-content\/uploads\/2024\/02\/WIZ-STO-MB-0006_b_22-300x211.jpg 300w, https:\/\/mojebambino.pl\/blog\/wp-content\/uploads\/2024\/02\/WIZ-STO-MB-0006_b_22-768x541.jpg 768w\" sizes=\"(max-width: 1000px) 100vw, 1000px\" \/><\/a><\/figure>\r\n\r\n<p>&nbsp;<\/p>\r\n\r\n<div class=\"wp-block-spacer\" style=\"height: 40px;\" aria-hidden=\"true\">\u00a0<\/div>\r\n\r\n<p>&nbsp;<\/p>\r\n\r\n<h2 class=\"wp-block-heading\" style=\"font-size: 25px;\"><a id=\"_Toc156812727\"><\/a><strong>Harmonogram dzia\u0142a\u0144 w ramach modu\u0142u numer 3 w latach: 2024 \u2013 2028<\/strong><\/h2>\r\n\r\n<p>&nbsp;<\/p>\r\n\r\n<div class=\"wp-block-spacer\" style=\"height: 20px;\" aria-hidden=\"true\">\u00a0<\/div>\r\n\r\n<p>&nbsp;<\/p>\r\n\r\n<figure class=\"wp-block-table aligncenter\" style=\"font-size: 14px;\">\r\n<table>\r\n<tbody>\r\n<tr>\r\n<td class=\"has-text-align-center\" data-align=\"center\"><strong>Zadanie<\/strong><\/td>\r\n<td class=\"has-text-align-center\" data-align=\"center\"><strong>Termin realizacji<\/strong><\/td>\r\n<\/tr>\r\n<tr>\r\n<td class=\"has-text-align-center\" data-align=\"center\">Poinformowanie za po\u015brednictwem wojewod\u00f3w (kurator\u00f3w o\u015bwiaty) dyrektor\u00f3w szk\u00f3\u0142 oraz organ\u00f3w prowadz\u0105cych o Programie i sposobie jego realizacji.<\/td>\r\n<td class=\"has-text-align-center\" data-align=\"center\">w terminie do 7 dni po dniu wej\u015bcia w \u017cycie uchwa\u0142y<\/td>\r\n<\/tr>\r\n<tr>\r\n<td class=\"has-text-align-center\" data-align=\"center\">Poinformowanie o Programie i sposobie jego realizacji Ministra Kultury i Dziedzictwa Narodowego.<\/td>\r\n<td class=\"has-text-align-center\" data-align=\"center\">w terminie do 7 dni po dniu wej\u015bcia w \u017cycie uchwa\u0142y<\/td>\r\n<\/tr>\r\n<tr>\r\n<td class=\"has-text-align-center\" data-align=\"center\">Sk\u0142adanie przez dyrektor\u00f3w publicznych szk\u00f3\u0142 podstawowych (w tym szk\u00f3\u0142 artystycznych realizuj\u0105cych kszta\u0142cenie og\u00f3lne w zakresie szko\u0142y podstawowej) prowadzonych przez JST, osoby prawne inne ni\u017c JST oraz osoby fizyczne wniosk\u00f3w o obj\u0119cie wsparciem w ramach Programu<\/td>\r\n<td class=\"has-text-align-center\" data-align=\"center\">w latach 2024\u20132027 \u2013<br \/>w terminie do dnia 15 kwietnia danego roku, a w 2028 r. \u2013 do dnia 18 kwietnia<\/td>\r\n<\/tr>\r\n<tr>\r\n<td class=\"has-text-align-center\" data-align=\"center\">Sk\u0142adanie wniosk\u00f3w przez organy prowadz\u0105ce szko\u0142y do w\u0142a\u015bciwych ze wzgl\u0119du na siedzib\u0119 szko\u0142y wojewod\u00f3w.<\/td>\r\n<td class=\"has-text-align-center\" data-align=\"center\">w latach 2024\u20132027 \u2013 w terminie do dnia 30 kwietnia danego roku, a w 2028 r. \u2013 do dnia 2 maja<\/td>\r\n<\/tr>\r\n<tr>\r\n<td class=\"has-text-align-center\" data-align=\"center\">Kwalifikacja szk\u00f3\u0142 do obj\u0119cia wsparciem przez zespo\u0142y powo\u0142ane przez wojewod\u00f3w.<\/td>\r\n<td class=\"has-text-align-center\" data-align=\"center\">W terminie do dnia:<br \/>31 maja w 2024 r.,<br \/>30 maja w 2025 r.,<br \/>29 maja w 2026 r.,<br \/>31 maja w 2027 r.,<br \/>30 maja w 2028 r.<\/td>\r\n<\/tr>\r\n<tr>\r\n<td class=\"has-text-align-center\" data-align=\"center\">Sk\u0142adanie przez dyrektor\u00f3w szk\u00f3\u0142 artystycznych realizuj\u0105cych kszta\u0142cenie og\u00f3lne w zakresie szko\u0142y podstawowej prowadzonych przez Ministra Kultury i Dziedzictwa Narodowego wniosk\u00f3w o obj\u0119cie wsparciem w ramach Programu.<\/td>\r\n<td class=\"has-text-align-center\" data-align=\"center\">do dnia 15 kwietnia 2024 r<\/td>\r\n<\/tr>\r\n<tr>\r\n<td class=\"has-text-align-center\" data-align=\"center\">Kwalifikacja szk\u00f3\u0142 do obj\u0119cia wsparciem przez zesp\u00f3\u0142 powo\u0142any przez Ministra Kultury i Dziedzictwa Narodowego.<\/td>\r\n<td class=\"has-text-align-center\" data-align=\"center\">do dnia 30 maja 2024 r<\/td>\r\n<\/tr>\r\n<tr>\r\n<td class=\"has-text-align-center\" data-align=\"center\">Wyst\u0105pienie Ministra Edukacji i Nauki do Ministra Finans\u00f3w z wnioskiem o uruchomienie \u015brodk\u00f3w bud\u017cetu pa\u0144stwa zaplanowanych we w\u0142a\u015bciwej rezerwie celowej, zawieraj\u0105ce propozycj\u0119 podzia\u0142u \u015brodk\u00f3w mi\u0119dzy poszczeg\u00f3lne wojew\u00f3dztwa oraz Ministra Kultury i Dziedzictwa Narodowego (w 2024 r.), z uwzgl\u0119dnieniem limit\u00f3w okre\u015blonych w Programie.<\/td>\r\n<td class=\"has-text-align-center\" data-align=\"center\">do dnia 30 czerwca 2024 r<\/td>\r\n<\/tr>\r\n<tr>\r\n<td class=\"has-text-align-center\" data-align=\"center\">Wyst\u0105pienie wojewod\u00f3w o zwi\u0119kszenie planu wydatk\u00f3w w cz\u0119\u015bci bud\u017cetu pa\u0144stwa, kt\u00f3rej s\u0105 dysponentem, o \u015brodki z w\u0142a\u015bciwej rezerwy celowej.<\/td>\r\n<td class=\"has-text-align-center\" data-align=\"center\">w latach 2024\u20132028 \u2013 w terminie do dnia 15 czerwca danego roku<\/td>\r\n<\/tr>\r\n<tr>\r\n<td class=\"has-text-align-center\" data-align=\"center\">Wyst\u0105pienie Ministra Kultury i Dziedzictwa Narodowego o zwi\u0119kszenie cz\u0119\u015bci bud\u017cetu pa\u0144stwa, kt\u00f3rej jest dysponentem, o \u015brodki z w\u0142a\u015bciwej rezerwy celowej.<\/td>\r\n<td class=\"has-text-align-center\" data-align=\"center\">do dnia 15 czerwca 2024 r.<\/td>\r\n<\/tr>\r\n<tr>\r\n<td class=\"has-text-align-center\" data-align=\"center\">Przekazanie przez wojewod\u00f3w \u015brodk\u00f3w organom prowadz\u0105cym na wsparcie udzielone w ramach Programu.<\/td>\r\n<td class=\"has-text-align-center\" data-align=\"center\">w latach 2024\u20132028 \u2013 w terminie do dnia 30 czerwca<br \/>danego roku<\/td>\r\n<\/tr>\r\n<tr>\r\n<td class=\"has-text-align-center\" data-align=\"center\">Przekazanie przez Ministra Kultury i Dziedzictwa Narodowego \u015brodk\u00f3w szko\u0142om na wsparcie udzielone w ramach Programu.<\/td>\r\n<td class=\"has-text-align-center\" data-align=\"center\">do dnia 30 czerwca 2024 r<\/td>\r\n<\/tr>\r\n<tr>\r\n<td class=\"has-text-align-center\" data-align=\"center\">Z\u0142o\u017cenie przez szko\u0142y obj\u0119te wsparciem finansowym (w tym szko\u0142y prowadzone przez Ministra Kultury Dziedzictwa Narodowego) do organ\u00f3w prowadz\u0105cych sprawozda\u0144 z realizacji dofinansowanego zadania.<\/td>\r\n<td class=\"has-text-align-center\" data-align=\"center\">do dnia 28 lutego roku nast\u0119puj\u0105cego po roku udzielenia wsparcia<\/td>\r\n<\/tr>\r\n<tr>\r\n<td class=\"has-text-align-center\" data-align=\"center\">Z\u0142o\u017cenie przez organy prowadz\u0105ce szko\u0142y sprawozda\u0144 z realizacji Programu.<\/td>\r\n<td class=\"has-text-align-center\" data-align=\"center\">do dnia 31 marca roku nast\u0119puj\u0105cego po roku udzielenia wsparcia<\/td>\r\n<\/tr>\r\n<tr>\r\n<td class=\"has-text-align-center\" data-align=\"center\">Dokonanie oceny efekt\u00f3w realizacji Programu przez wojewod\u00f3w oraz z\u0142o\u017cenie sprawozda\u0144 Ministrowi Edukacji i Nauki.<\/td>\r\n<td class=\"has-text-align-center\" data-align=\"center\">do dnia 15 kwietnia roku nast\u0119puj\u0105cego po roku udzielenia wsparcia<\/td>\r\n<\/tr>\r\n<tr>\r\n<td class=\"has-text-align-center\" data-align=\"center\">Dokonanie oceny efekt\u00f3w realizacji Programu przez Ministra Kultury i Dziedzictwa Narodowego oraz z\u0142o\u017cenie sprawozdania Ministrowi Edukacji i Nauki.<\/td>\r\n<td class=\"has-text-align-center\" data-align=\"center\">do dnia 15 kwietnia roku nast\u0119puj\u0105cego po roku udzielenia wsparcia<\/td>\r\n<\/tr>\r\n<\/tbody>\r\n<\/table>\r\n<\/figure>\r\n\r\n<p>\u00a0<\/p>\r\n\r\n<p>&nbsp;<\/p>\r\n\r\n<h2 class=\"wp-block-heading\" style=\"font-size: 25px;\"><strong><a id=\"_Toc156812728\"><\/a>Gdzie i w jakiej formie nale\u017cy z\u0142o\u017cy\u0107 wniosek.<\/strong><\/h2>\r\n\r\n<p>Organy prowadz\u0105ce szko\u0142y, kt\u00f3re maj\u0105 by\u0107 obj\u0119te wsparciem finansowym, sk\u0142adaj\u0105 wnioski o udzielenie wsparcia finansowego na realizacj\u0119 zadania do wojewody w\u0142a\u015bciwego<br \/>ze wzgl\u0119du na siedzib\u0119 szko\u0142y obj\u0119tej wnioskiem.<\/p>\r\n\r\n<p>Rozpatrywanie wniosk\u00f3w organ\u00f3w prowadz\u0105cych b\u0119dzie prowadzone przez wojewod\u00f3w.<br \/>Na podstawie tej oceny wojewoda podejmuje decyzj\u0119 o udzieleniu wsparcia finansowego.<\/p>\r\n\r\n<p>Termin sk\u0142adania wniosk\u00f3w wg harmonogramu up\u0142ywa <strong>do 15 kwietnia<\/strong>, ka\u017cdego roku<br \/>z wyj\u0105tkiem roku 2028, w kt\u00f3rym to termin up\u0142ywa w dniu <strong>18 kwietnia.<\/strong><\/p>\r\n\r\n<p>&nbsp;<\/p>\r\n\r\n<p>&nbsp;<\/p>\r\n\r\n<h2 class=\"wp-block-heading\" style=\"font-size: 25px;\"><strong><a id=\"_Toc156812729\"><\/a>Oferta Moje Bambino<\/strong><\/h2>\r\n\r\n<p>Firma Moje Bambino jako lider na rynku wyposa\u017cania plac\u00f3wek o\u015bwiatowych,\u00a0 wychodzi naprzeciw potrzebom w ramach Programu Posi\u0142ek w szkole i domu, oferuj\u0105c kompleksow\u0105 ofert\u0119 wyposa\u017cenia sto\u0142\u00f3wki szkolnej. S\u0105 to przede wszystkim dostosowane<br \/>do potrzeb sto\u0142\u00f3wki szkolnej rozwi\u0105zania meblowe, kt\u00f3re spe\u0142niaj\u0105 wszystkie, bardzo surowe normy bezpiecze\u0144stwa, ale tak\u017ce zaprojektowane s\u0105 w spos\u00f3b ergonomiczny z my\u015bl\u0105 o komforcie uczni\u00f3w podczas spo\u017cywania posi\u0142k\u00f3w.<\/p>\r\n\r\n<p>Ponadto w ofercie sklepu Moje Bambino znajduj\u0105 si\u0119 wszelkie niezb\u0119dne akcesoria kuchenne: od naczy\u0144 kuchennych, sztu\u0107c\u00f3w i garnk\u00f3w, przez patelnie i termosy, a\u017c po sprz\u0119t kuchenny AGD.<\/p>\r\n\r\n<p>\u00a0<\/p>\r\n\r\n<p>&nbsp;<\/p>\r\n\r\n<figure class=\"wp-block-image size-full\"><a href=\"https:\/\/mojebambino.pl\/1111386\/Stolowka-Amigo\/WIZ-STO-MB-0003?c=2932\" target=\"_blank\" rel=\"noreferrer noopener\"><img decoding=\"async\" width=\"1000\" height=\"702\" class=\"wp-image-4410\" src=\"https:\/\/mojebambino.pl\/blog\/wp-content\/uploads\/2024\/02\/WIZ-STO-MB-0003_b_19.jpg\" alt=\"\" srcset=\"https:\/\/mojebambino.pl\/blog\/wp-content\/uploads\/2024\/02\/WIZ-STO-MB-0003_b_19.jpg 1000w, https:\/\/mojebambino.pl\/blog\/wp-content\/uploads\/2024\/02\/WIZ-STO-MB-0003_b_19-300x211.jpg 300w, https:\/\/mojebambino.pl\/blog\/wp-content\/uploads\/2024\/02\/WIZ-STO-MB-0003_b_19-768x539.jpg 768w\" sizes=\"(max-width: 1000px) 100vw, 1000px\" \/><\/a><\/figure>\r\n\r\n<p>\u00a0<\/p>\r\n\r\n<p>Za spraw\u0105 innowacyjnych mebli z oferty przygotowanej przez Moje Bambino mo\u017cna stworzy\u0107 przyjazne bezpieczne i funkcjonalne przestrzenie, kt\u00f3re idealnie wpisywa\u0107 si\u0119 b\u0119d\u0105<br \/>w za\u0142o\u017cenia programu.<\/p>\r\n\r\n<p><br \/>Moje Bambino i zesp\u00f3\u0142 do\u015bwiadczonych przedstawicieli handlowych przeprowadzi Klient\u00f3w przez ca\u0142\u0105 \u015bcie\u017ck\u0119 zakupow\u0105, od wyboru odpowiedniego asortymentu, a\u017c do momentu zakupu potrzebnego wyposa\u017cenia.<\/p>\r\n\r\n<p>Wiemy jak wa\u017cne jest, aby tak du\u017ca inwestycja by\u0142a doskonale przemy\u015blana.<\/p>\r\n\r\n<p>W firmie Moje Bambino k\u0142adziemy ogromny nacisk na kompleksowo\u015b\u0107 procesu doboru wyposa\u017cenia.\u00a0 Dlatego w\u0142a\u015bnie przed przyst\u0105pieniem do realizacji projektu, ca\u0142y proces poprzedzany jest wnikliw\u0105 analiz\u0105 potrzeb, starannym przygotowaniem kosztorysu, zapewniaj\u0105c transparentno\u015b\u0107 i dostosowanie si\u0119 do wyznaczonego bud\u017cetu. Nasz profesjonalny zesp\u00f3\u0142 nie tylko skupia si\u0119 na powstaniu funkcjonalnych mebli, ale tak\u017ce anga\u017cuje si\u0119 w proces przygotowania aran\u017cacji przestrzeni zapewniaj\u0105c, \u017ce ka\u017cdy element zostaje starannie dopasowany do charakteru danej plac\u00f3wki. Zale\u017cy nam nie tylko na estetyce, ale przede wszystkim na funkcjonalno\u015bci, tak aby nasze rozwi\u0105zania spe\u0142nia\u0142y oczekiwania i s\u0142u\u017cy\u0142y efektywnemu, codziennemu u\u017cytkowaniu.<\/p>\r\n\r\n<p>Wszystko po to, aby realizacja ta w 100% usatysfakcjonowa\u0142a i spe\u0142ni\u0142a wszystkie potrzeby naszego odbiorcy.<\/p>\r\n\r\n<p>Z ogromn\u0105 przyjemno\u015bci\u0105 prezentujemy Pa\u0144stwu kolekcje meblowe z oferty Moje Bambino przeznaczone do szkolnych sto\u0142\u00f3wek i jadalni w ramach <a href=\"https:\/\/mojebambino.pl\/253\/Stolowka-kuchnia-w-szkole\" target=\"_blank\" rel=\"noreferrer noopener\">kolekcji sto\u0142\u00f3wek szkolnych<\/a>.<\/p>\r\n\r\n<p><a href=\"https:\/\/mojebambino.pl\/253\/Stolowka-kuchnia-w-szkole\" target=\"_blank\" rel=\"noreferrer noopener\">https:\/\/mojebambino.pl\/253\/Stolowka-kuchnia-w-szkole<\/a><\/p>\r\n\r\n<p>oraz aran\u017cacje\u00a0 <a href=\"https:\/\/mojebambino.pl\/3045\/Aranzacje-stolowek\" target=\"_blank\" rel=\"noreferrer noopener\">https:\/\/mojebambino.pl\/3045\/Aranzacje-stolowek<\/a><\/p>\r\n\r\n<p>&nbsp;<\/p>\r\n\r\n<figure class=\"wp-block-image size-full\"><a href=\"https:\/\/mojebambino.pl\/1118831\/Stolowka-Mila-1\/WIZ-STO-MB-0005?c=2932\" target=\"_blank\" rel=\"noreferrer noopener\"><img loading=\"lazy\" decoding=\"async\" width=\"1000\" height=\"574\" class=\"wp-image-4411\" src=\"https:\/\/mojebambino.pl\/blog\/wp-content\/uploads\/2024\/02\/WIZ-STO-MB-0005_b_21.jpg\" alt=\"\" srcset=\"https:\/\/mojebambino.pl\/blog\/wp-content\/uploads\/2024\/02\/WIZ-STO-MB-0005_b_21.jpg 1000w, https:\/\/mojebambino.pl\/blog\/wp-content\/uploads\/2024\/02\/WIZ-STO-MB-0005_b_21-300x172.jpg 300w, https:\/\/mojebambino.pl\/blog\/wp-content\/uploads\/2024\/02\/WIZ-STO-MB-0005_b_21-768x441.jpg 768w\" sizes=\"(max-width: 1000px) 100vw, 1000px\" \/><\/a><\/figure>\r\n\r\n<p>&nbsp;<\/p>\r\n\r\n<p>&nbsp;<\/p>\r\n\r\n<h2 class=\"wp-block-heading\" style=\"font-size: 20px;\"><strong><a id=\"_Toc156812730\"><\/a>Podsumowanie:<\/strong><\/h2>\r\n\r\n<p>Podsumowuj\u0105c, projekt rz\u0105dowy <em>\u201ePosi\u0142ek w domu i w szkole 2024\u201d<\/em> to tu\u017c obok program\u00f3w takich jak: <a href=\"https:\/\/programmaluch.pl\/\" target=\"_blank\" rel=\"noreferrer noopener\">maluch+<\/a>, <a href=\"https:\/\/www.laboratoriaprzyszlosci.edu.pl\/\" target=\"_blank\" rel=\"noreferrer noopener\">laboratoria przysz\u0142o\u015bci<\/a> czy <a href=\"https:\/\/aktywnatablicaprojekt.pl\/\" target=\"_blank\" rel=\"noreferrer noopener\">aktywna tablica<\/a> jeden<br \/>z wi\u0119kszych program\u00f3w, dzi\u0119ki kt\u00f3remu plac\u00f3wki o\u015bwiatowe mog\u0105 otrzyma\u0107 wsparcie finansowe w ramach konkretnych potrzeb.<\/p>\r\n\r\n<p>W przygotowaniu kompleksowej oferty <a href=\"https:\/\/mojebambino.pl\/3045\/Aranzacje-stolowek\" target=\"_blank\" rel=\"noreferrer noopener\">aran\u017cacji wyposa\u017cenia sto\u0142\u00f3wki szkolonej<\/a> firma<br \/>Moje Bambino spieszy z pomoc\u0105. Zapewniamy Pa\u0144stwu wsparcie wszystkich naszych przedstawicieli, kt\u00f3rzy z ogromnym sercem oraz profesjonalnym podej\u015bciem przeprowadz\u0105 przez ca\u0142y proces wyboru wyposa\u017cenia mebli do sto\u0142\u00f3wki w Pa\u0144stwa plac\u00f3wce. Zach\u0119camy do skorzystania z takiej mo\u017cliwo\u015bci.<\/p>\r\n\r\n<p><a href=\"https:\/\/mojebambino.pl\/przedstawiciele\" target=\"_blank\" rel=\"noreferrer noopener\">https:\/\/mojebambino.pl\/przedstawiciele<\/a><\/p>\r\n\r\n<p>&nbsp;<\/p>\r\n[\/vc_column_text][\/vc_column][\/vc_row]","protected":false},"excerpt":{"rendered":"<p>[vc_row type=&#8221;in_container&#8221; full_screen_row_position=&#8221;middle&#8221; column_margin=&#8221;default&#8221; column_direction=&#8221;default&#8221; column_direction_tablet=&#8221;default&#8221; column_direction_phone=&#8221;default&#8221; scene_position=&#8221;center&#8221; text_color=&#8221;dark&#8221; text_align=&#8221;left&#8221; row_border_radius=&#8221;none&#8221; row_border_radius_applies=&#8221;bg&#8221; overflow=&#8221;visible&#8221; overlay_strength=&#8221;0.3&#8243; gradient_direction=&#8221;left_to_right&#8221; shape_divider_position=&#8221;bottom&#8221; bg_image_animation=&#8221;none&#8221;][vc_column column_padding=&#8221;no-extra-padding&#8221; column_padding_tablet=&#8221;inherit&#8221; column_padding_phone=&#8221;inherit&#8221; column_padding_position=&#8221;all&#8221; column_element_direction_desktop=&#8221;default&#8221; column_element_spacing=&#8221;default&#8221; desktop_text_alignment=&#8221;default&#8221; tablet_text_alignment=&#8221;default&#8221; phone_text_alignment=&#8221;default&#8221; background_color_opacity=&#8221;1&#8243; background_hover_color_opacity=&#8221;1&#8243; column_backdrop_filter=&#8221;none&#8221; column_shadow=&#8221;none&#8221;&#8230;<\/p>\n","protected":false},"author":4,"featured_media":4411,"comment_status":"closed","ping_status":"closed","sticky":false,"template":"","format":"standard","meta":{"footnotes":""},"categories":[15,16],"tags":[],"yoast_head":"<!-- This site is optimized with the Yoast SEO plugin v21.9.1 - https:\/\/yoast.com\/wordpress\/plugins\/seo\/ -->\n<title>Program \u201ePosi\u0142ek w szkole i w domu\u201d na lata 2024\u20132028<\/title>\n<meta name=\"description\" content=\"Program \u201ePosi\u0142ek w szkole i w domu\u201d na lata 2024\u20132028. Sprawd\u017a, kto mo\u017ce skorzysta\u0107 z dofinansowania i jakie s\u0105 zasady udzia\u0142u w projekcie.\" \/>\n<meta name=\"robots\" content=\"index, follow, max-snippet:-1, max-image-preview:large, max-video-preview:-1\" \/>\n<link rel=\"canonical\" href=\"https:\/\/mojebambino.pl\/blog\/index.php\/2024\/02\/02\/posilek-w-szkole-i-w-domu-rzadowy-projekt-powraca-na-lata-2024-2028\/\" \/>\n<meta property=\"og:locale\" content=\"pl_PL\" \/>\n<meta property=\"og:type\" content=\"article\" \/>\n<meta property=\"og:title\" content=\"Program \u201ePosi\u0142ek w szkole i w domu\u201d na lata 2024\u20132028\" \/>\n<meta property=\"og:description\" content=\"Program \u201ePosi\u0142ek w szkole i w domu\u201d na lata 2024\u20132028. Sprawd\u017a, kto mo\u017ce skorzysta\u0107 z dofinansowania i jakie s\u0105 zasady udzia\u0142u w projekcie.\" \/>\n<meta property=\"og:url\" content=\"https:\/\/mojebambino.pl\/blog\/index.php\/2024\/02\/02\/posilek-w-szkole-i-w-domu-rzadowy-projekt-powraca-na-lata-2024-2028\/\" \/>\n<meta property=\"og:site_name\" content=\"Blog - porady pedagogiczne\" \/>\n<meta property=\"article:published_time\" content=\"2024-02-02T12:02:28+00:00\" \/>\n<meta property=\"article:modified_time\" content=\"2025-06-06T11:05:39+00:00\" \/>\n<meta property=\"og:image\" content=\"https:\/\/mojebambino.pl\/blog\/wp-content\/uploads\/2024\/02\/WIZ-STO-MB-0005_b_21.jpg\" \/>\n\t<meta property=\"og:image:width\" content=\"1000\" \/>\n\t<meta property=\"og:image:height\" content=\"574\" \/>\n\t<meta property=\"og:image:type\" content=\"image\/jpeg\" \/>\n<meta name=\"author\" content=\"Aleksandra Pe\u0142ka\" \/>\n<meta name=\"twitter:card\" content=\"summary_large_image\" \/>\n<meta name=\"twitter:label1\" content=\"Napisane przez\" \/>\n\t<meta name=\"twitter:data1\" content=\"Aleksandra Pe\u0142ka\" \/>\n\t<meta name=\"twitter:label2\" content=\"Szacowany czas czytania\" \/>\n\t<meta name=\"twitter:data2\" content=\"11 minut\" \/>\n<script type=\"application\/ld+json\" class=\"yoast-schema-graph\">{\"@context\":\"https:\/\/schema.org\",\"@graph\":[{\"@type\":\"Article\",\"@id\":\"https:\/\/mojebambino.pl\/blog\/index.php\/2024\/02\/02\/posilek-w-szkole-i-w-domu-rzadowy-projekt-powraca-na-lata-2024-2028\/#article\",\"isPartOf\":{\"@id\":\"https:\/\/mojebambino.pl\/blog\/index.php\/2024\/02\/02\/posilek-w-szkole-i-w-domu-rzadowy-projekt-powraca-na-lata-2024-2028\/\"},\"author\":{\"name\":\"Aleksandra Pe\u0142ka\",\"@id\":\"https:\/\/mojebambino.pl\/blog\/#\/schema\/person\/bc7d7e99b4a51ea8a262f28a0bf44834\"},\"headline\":\"\u201ePosi\u0142ek w szkole i w domu\u201d \u2013 rz\u0105dowy projekt powraca na lata 2024 &#8211; 2028\",\"datePublished\":\"2024-02-02T12:02:28+00:00\",\"dateModified\":\"2025-06-06T11:05:39+00:00\",\"mainEntityOfPage\":{\"@id\":\"https:\/\/mojebambino.pl\/blog\/index.php\/2024\/02\/02\/posilek-w-szkole-i-w-domu-rzadowy-projekt-powraca-na-lata-2024-2028\/\"},\"wordCount\":2075,\"publisher\":{\"@id\":\"https:\/\/mojebambino.pl\/blog\/#organization\"},\"articleSection\":[\"Szko\u0142a\",\"Szko\u0142a ponadpodstawowa\"],\"inLanguage\":\"pl-PL\"},{\"@type\":\"WebPage\",\"@id\":\"https:\/\/mojebambino.pl\/blog\/index.php\/2024\/02\/02\/posilek-w-szkole-i-w-domu-rzadowy-projekt-powraca-na-lata-2024-2028\/\",\"url\":\"https:\/\/mojebambino.pl\/blog\/index.php\/2024\/02\/02\/posilek-w-szkole-i-w-domu-rzadowy-projekt-powraca-na-lata-2024-2028\/\",\"name\":\"Program \u201ePosi\u0142ek w szkole i w domu\u201d na lata 2024\u20132028\",\"isPartOf\":{\"@id\":\"https:\/\/mojebambino.pl\/blog\/#website\"},\"datePublished\":\"2024-02-02T12:02:28+00:00\",\"dateModified\":\"2025-06-06T11:05:39+00:00\",\"description\":\"Program \u201ePosi\u0142ek w szkole i w domu\u201d na lata 2024\u20132028. Sprawd\u017a, kto mo\u017ce skorzysta\u0107 z dofinansowania i jakie s\u0105 zasady udzia\u0142u w projekcie.\",\"breadcrumb\":{\"@id\":\"https:\/\/mojebambino.pl\/blog\/index.php\/2024\/02\/02\/posilek-w-szkole-i-w-domu-rzadowy-projekt-powraca-na-lata-2024-2028\/#breadcrumb\"},\"inLanguage\":\"pl-PL\",\"potentialAction\":[{\"@type\":\"ReadAction\",\"target\":[\"https:\/\/mojebambino.pl\/blog\/index.php\/2024\/02\/02\/posilek-w-szkole-i-w-domu-rzadowy-projekt-powraca-na-lata-2024-2028\/\"]}]},{\"@type\":\"BreadcrumbList\",\"@id\":\"https:\/\/mojebambino.pl\/blog\/index.php\/2024\/02\/02\/posilek-w-szkole-i-w-domu-rzadowy-projekt-powraca-na-lata-2024-2028\/#breadcrumb\",\"itemListElement\":[{\"@type\":\"ListItem\",\"position\":1,\"name\":\"Home\",\"item\":\"https:\/\/mojebambino.pl\/blog\/\"},{\"@type\":\"ListItem\",\"position\":2,\"name\":\"\u201ePosi\u0142ek w szkole i w domu\u201d \u2013 rz\u0105dowy projekt powraca na lata 2024 &#8211; 2028\"}]},{\"@type\":\"WebSite\",\"@id\":\"https:\/\/mojebambino.pl\/blog\/#website\",\"url\":\"https:\/\/mojebambino.pl\/blog\/\",\"name\":\"Blog - porady pedagogiczne\",\"description\":\"\",\"publisher\":{\"@id\":\"https:\/\/mojebambino.pl\/blog\/#organization\"},\"potentialAction\":[{\"@type\":\"SearchAction\",\"target\":{\"@type\":\"EntryPoint\",\"urlTemplate\":\"https:\/\/mojebambino.pl\/blog\/?s={search_term_string}\"},\"query-input\":\"required name=search_term_string\"}],\"inLanguage\":\"pl-PL\"},{\"@type\":\"Organization\",\"@id\":\"https:\/\/mojebambino.pl\/blog\/#organization\",\"name\":\"Blog - porady pedagogiczne\",\"url\":\"https:\/\/mojebambino.pl\/blog\/\",\"logo\":{\"@type\":\"ImageObject\",\"inLanguage\":\"pl-PL\",\"@id\":\"https:\/\/mojebambino.pl\/blog\/#\/schema\/logo\/image\/\",\"url\":\"https:\/\/mojebambino.pl\/blog\/wp-content\/uploads\/2024\/11\/cropped-MOJE_BAMBINO_LOGO.png\",\"contentUrl\":\"https:\/\/mojebambino.pl\/blog\/wp-content\/uploads\/2024\/11\/cropped-MOJE_BAMBINO_LOGO.png\",\"width\":248,\"height\":103,\"caption\":\"Blog - porady pedagogiczne\"},\"image\":{\"@id\":\"https:\/\/mojebambino.pl\/blog\/#\/schema\/logo\/image\/\"}},{\"@type\":\"Person\",\"@id\":\"https:\/\/mojebambino.pl\/blog\/#\/schema\/person\/bc7d7e99b4a51ea8a262f28a0bf44834\",\"name\":\"Aleksandra Pe\u0142ka\",\"image\":{\"@type\":\"ImageObject\",\"inLanguage\":\"pl-PL\",\"@id\":\"https:\/\/mojebambino.pl\/blog\/#\/schema\/person\/image\/\",\"url\":\"https:\/\/secure.gravatar.com\/avatar\/901219d8c8ad75f8a1e14c285fcbac6a?s=96&d=mm&r=g\",\"contentUrl\":\"https:\/\/secure.gravatar.com\/avatar\/901219d8c8ad75f8a1e14c285fcbac6a?s=96&d=mm&r=g\",\"caption\":\"Aleksandra Pe\u0142ka\"},\"url\":\"https:\/\/mojebambino.pl\/blog\/index.php\/author\/aleksandra\/\"}]}<\/script>\n<!-- \/ Yoast SEO plugin. -->","yoast_head_json":{"title":"Program \u201ePosi\u0142ek w szkole i w domu\u201d na lata 2024\u20132028","description":"Program \u201ePosi\u0142ek w szkole i w domu\u201d na lata 2024\u20132028. Sprawd\u017a, kto mo\u017ce skorzysta\u0107 z dofinansowania i jakie s\u0105 zasady udzia\u0142u w projekcie.","robots":{"index":"index","follow":"follow","max-snippet":"max-snippet:-1","max-image-preview":"max-image-preview:large","max-video-preview":"max-video-preview:-1"},"canonical":"https:\/\/mojebambino.pl\/blog\/index.php\/2024\/02\/02\/posilek-w-szkole-i-w-domu-rzadowy-projekt-powraca-na-lata-2024-2028\/","og_locale":"pl_PL","og_type":"article","og_title":"Program \u201ePosi\u0142ek w szkole i w domu\u201d na lata 2024\u20132028","og_description":"Program \u201ePosi\u0142ek w szkole i w domu\u201d na lata 2024\u20132028. Sprawd\u017a, kto mo\u017ce skorzysta\u0107 z dofinansowania i jakie s\u0105 zasady udzia\u0142u w projekcie.","og_url":"https:\/\/mojebambino.pl\/blog\/index.php\/2024\/02\/02\/posilek-w-szkole-i-w-domu-rzadowy-projekt-powraca-na-lata-2024-2028\/","og_site_name":"Blog - porady pedagogiczne","article_published_time":"2024-02-02T12:02:28+00:00","article_modified_time":"2025-06-06T11:05:39+00:00","og_image":[{"width":1000,"height":574,"url":"https:\/\/mojebambino.pl\/blog\/wp-content\/uploads\/2024\/02\/WIZ-STO-MB-0005_b_21.jpg","type":"image\/jpeg"}],"author":"Aleksandra Pe\u0142ka","twitter_card":"summary_large_image","twitter_misc":{"Napisane przez":"Aleksandra Pe\u0142ka","Szacowany czas czytania":"11 minut"},"schema":{"@context":"https:\/\/schema.org","@graph":[{"@type":"Article","@id":"https:\/\/mojebambino.pl\/blog\/index.php\/2024\/02\/02\/posilek-w-szkole-i-w-domu-rzadowy-projekt-powraca-na-lata-2024-2028\/#article","isPartOf":{"@id":"https:\/\/mojebambino.pl\/blog\/index.php\/2024\/02\/02\/posilek-w-szkole-i-w-domu-rzadowy-projekt-powraca-na-lata-2024-2028\/"},"author":{"name":"Aleksandra Pe\u0142ka","@id":"https:\/\/mojebambino.pl\/blog\/#\/schema\/person\/bc7d7e99b4a51ea8a262f28a0bf44834"},"headline":"\u201ePosi\u0142ek w szkole i w domu\u201d \u2013 rz\u0105dowy projekt powraca na lata 2024 &#8211; 2028","datePublished":"2024-02-02T12:02:28+00:00","dateModified":"2025-06-06T11:05:39+00:00","mainEntityOfPage":{"@id":"https:\/\/mojebambino.pl\/blog\/index.php\/2024\/02\/02\/posilek-w-szkole-i-w-domu-rzadowy-projekt-powraca-na-lata-2024-2028\/"},"wordCount":2075,"publisher":{"@id":"https:\/\/mojebambino.pl\/blog\/#organization"},"articleSection":["Szko\u0142a","Szko\u0142a ponadpodstawowa"],"inLanguage":"pl-PL"},{"@type":"WebPage","@id":"https:\/\/mojebambino.pl\/blog\/index.php\/2024\/02\/02\/posilek-w-szkole-i-w-domu-rzadowy-projekt-powraca-na-lata-2024-2028\/","url":"https:\/\/mojebambino.pl\/blog\/index.php\/2024\/02\/02\/posilek-w-szkole-i-w-domu-rzadowy-projekt-powraca-na-lata-2024-2028\/","name":"Program \u201ePosi\u0142ek w szkole i w domu\u201d na lata 2024\u20132028","isPartOf":{"@id":"https:\/\/mojebambino.pl\/blog\/#website"},"datePublished":"2024-02-02T12:02:28+00:00","dateModified":"2025-06-06T11:05:39+00:00","description":"Program \u201ePosi\u0142ek w szkole i w domu\u201d na lata 2024\u20132028. Sprawd\u017a, kto mo\u017ce skorzysta\u0107 z dofinansowania i jakie s\u0105 zasady udzia\u0142u w projekcie.","breadcrumb":{"@id":"https:\/\/mojebambino.pl\/blog\/index.php\/2024\/02\/02\/posilek-w-szkole-i-w-domu-rzadowy-projekt-powraca-na-lata-2024-2028\/#breadcrumb"},"inLanguage":"pl-PL","potentialAction":[{"@type":"ReadAction","target":["https:\/\/mojebambino.pl\/blog\/index.php\/2024\/02\/02\/posilek-w-szkole-i-w-domu-rzadowy-projekt-powraca-na-lata-2024-2028\/"]}]},{"@type":"BreadcrumbList","@id":"https:\/\/mojebambino.pl\/blog\/index.php\/2024\/02\/02\/posilek-w-szkole-i-w-domu-rzadowy-projekt-powraca-na-lata-2024-2028\/#breadcrumb","itemListElement":[{"@type":"ListItem","position":1,"name":"Home","item":"https:\/\/mojebambino.pl\/blog\/"},{"@type":"ListItem","position":2,"name":"\u201ePosi\u0142ek w szkole i w domu\u201d \u2013 rz\u0105dowy projekt powraca na lata 2024 &#8211; 2028"}]},{"@type":"WebSite","@id":"https:\/\/mojebambino.pl\/blog\/#website","url":"https:\/\/mojebambino.pl\/blog\/","name":"Blog - porady pedagogiczne","description":"","publisher":{"@id":"https:\/\/mojebambino.pl\/blog\/#organization"},"potentialAction":[{"@type":"SearchAction","target":{"@type":"EntryPoint","urlTemplate":"https:\/\/mojebambino.pl\/blog\/?s={search_term_string}"},"query-input":"required name=search_term_string"}],"inLanguage":"pl-PL"},{"@type":"Organization","@id":"https:\/\/mojebambino.pl\/blog\/#organization","name":"Blog - porady pedagogiczne","url":"https:\/\/mojebambino.pl\/blog\/","logo":{"@type":"ImageObject","inLanguage":"pl-PL","@id":"https:\/\/mojebambino.pl\/blog\/#\/schema\/logo\/image\/","url":"https:\/\/mojebambino.pl\/blog\/wp-content\/uploads\/2024\/11\/cropped-MOJE_BAMBINO_LOGO.png","contentUrl":"https:\/\/mojebambino.pl\/blog\/wp-content\/uploads\/2024\/11\/cropped-MOJE_BAMBINO_LOGO.png","width":248,"height":103,"caption":"Blog - porady pedagogiczne"},"image":{"@id":"https:\/\/mojebambino.pl\/blog\/#\/schema\/logo\/image\/"}},{"@type":"Person","@id":"https:\/\/mojebambino.pl\/blog\/#\/schema\/person\/bc7d7e99b4a51ea8a262f28a0bf44834","name":"Aleksandra Pe\u0142ka","image":{"@type":"ImageObject","inLanguage":"pl-PL","@id":"https:\/\/mojebambino.pl\/blog\/#\/schema\/person\/image\/","url":"https:\/\/secure.gravatar.com\/avatar\/901219d8c8ad75f8a1e14c285fcbac6a?s=96&d=mm&r=g","contentUrl":"https:\/\/secure.gravatar.com\/avatar\/901219d8c8ad75f8a1e14c285fcbac6a?s=96&d=mm&r=g","caption":"Aleksandra Pe\u0142ka"},"url":"https:\/\/mojebambino.pl\/blog\/index.php\/author\/aleksandra\/"}]}},"_links":{"self":[{"href":"https:\/\/mojebambino.pl\/blog\/index.php\/wp-json\/wp\/v2\/posts\/4389"}],"collection":[{"href":"https:\/\/mojebambino.pl\/blog\/index.php\/wp-json\/wp\/v2\/posts"}],"about":[{"href":"https:\/\/mojebambino.pl\/blog\/index.php\/wp-json\/wp\/v2\/types\/post"}],"author":[{"embeddable":true,"href":"https:\/\/mojebambino.pl\/blog\/index.php\/wp-json\/wp\/v2\/users\/4"}],"replies":[{"embeddable":true,"href":"https:\/\/mojebambino.pl\/blog\/index.php\/wp-json\/wp\/v2\/comments?post=4389"}],"version-history":[{"count":44,"href":"https:\/\/mojebambino.pl\/blog\/index.php\/wp-json\/wp\/v2\/posts\/4389\/revisions"}],"predecessor-version":[{"id":8343,"href":"https:\/\/mojebambino.pl\/blog\/index.php\/wp-json\/wp\/v2\/posts\/4389\/revisions\/8343"}],"wp:featuredmedia":[{"embeddable":true,"href":"https:\/\/mojebambino.pl\/blog\/index.php\/wp-json\/wp\/v2\/media\/4411"}],"wp:attachment":[{"href":"https:\/\/mojebambino.pl\/blog\/index.php\/wp-json\/wp\/v2\/media?parent=4389"}],"wp:term":[{"taxonomy":"category","embeddable":true,"href":"https:\/\/mojebambino.pl\/blog\/index.php\/wp-json\/wp\/v2\/categories?post=4389"},{"taxonomy":"post_tag","embeddable":true,"href":"https:\/\/mojebambino.pl\/blog\/index.php\/wp-json\/wp\/v2\/tags?post=4389"}],"curies":[{"name":"wp","href":"https:\/\/api.w.org\/{rel}","templated":true}]}}