{"id":2246,"date":"2021-03-01T10:54:16","date_gmt":"2021-03-01T09:54:16","guid":{"rendered":"https:\/\/mojebambino.pl\/blog\/?p=2246"},"modified":"2024-12-10T14:32:29","modified_gmt":"2024-12-10T13:32:29","slug":"robot-edukacyjny-photon-modul-spe","status":"publish","type":"post","link":"https:\/\/mojebambino.pl\/blog\/index.php\/2021\/03\/01\/robot-edukacyjny-photon-modul-spe\/","title":{"rendered":"Robot edukacyjny Photon &#8211; modu\u0142 (SPE)"},"content":{"rendered":"<h1>Roboty edukacyjne oraz inne innowacyjne rozwi\u0105zania edukacyjne na dobre zago\u015bci\u0142y w edukacji.<\/h1>\n<p>S\u0105 cennym narz\u0119dziem wspieraj\u0105cym edukacj\u0119, stymuluj\u0105 rozw\u00f3j dziecka, inspiruj\u0105 do ci\u0105g\u0142ego zdobywania i pog\u0142\u0119biania wiedzy. Odpowiednio wykorzystane technologie wspieraj\u0105 proces nauki planowania zada\u0144 ich realizacji oraz wyci\u0105gania wniosk\u00f3w. Dodatkowo sama forma, Robota zamiast klasycznych, nieinteraktywnych pomocy dydaktycznych zach\u0119ca dziecko do dzia\u0142ania i pokonywania trudno\u015bci wzmacniaj\u0105c proces motywacji.<\/p>\n<p>Maj\u0105c na uwadze korzy\u015bci, jakie mo\u017ce przynosi\u0107 wykorzystanie nowych technologii trzy nauczycielki i terapeutki wykorzystuj\u0105ce na co dzie\u0144 w pracy zawodowej w pracy dzie\u0107mi ze specjalnymi potrzebami edukacyjnymi nowe technologie, postanowi\u0142y stworzy\u0107 narz\u0119dzie, kt\u00f3re b\u0119dzie stanowi\u0107 cenn\u0105 pomoc w pracy wszystkich os\u00f3b, pracuj\u0105cych z dzie\u0107mi z r\u00f3\u017cnego rodzaju zaburzeniami i ograniczeniami w rozwoju.<\/p>\n<h1><a style=\"font-size: 14px;\" href=\"https:\/\/mojebambino.pl\/produkty\/35799-photon-modul-specjalne-ptrzeby-edukacyjne-spe.html\" class=\"broken_link\">Robot edukacyjny Photon z modu\u0142em Specjalne Potrzeby Edukacyjne<\/a><span style=\"font-size: 14px;\"> to innowacyjny zestaw do pracy z uczniami ze spektrum autyzmu oraz zaburzeniami emocjonalnymi i spo\u0142ecznymi.<\/span><\/h1>\n<p><img fetchpriority=\"high\" decoding=\"async\" class=\"alignnone size-full wp-image-2247\" src=\"https:\/\/mojebambino.pl\/blog\/wp-content\/uploads\/2020\/09\/spring.png\" alt=\"\" width=\"940\" height=\"788\" srcset=\"https:\/\/mojebambino.pl\/blog\/wp-content\/uploads\/2020\/09\/spring.png 940w, https:\/\/mojebambino.pl\/blog\/wp-content\/uploads\/2020\/09\/spring-300x251.png 300w, https:\/\/mojebambino.pl\/blog\/wp-content\/uploads\/2020\/09\/spring-768x644.png 768w\" sizes=\"(max-width: 940px) 100vw, 940px\" \/><\/p>\n<p>Zestaw sk\u0142ada si\u0119 z robota edukacyjnego Photon wraz z 50-cioma \u0107wiczeniami przeznaczonymi do zaj\u0119\u0107 terapii pedagogicznej oraz zaj\u0119\u0107 rewalidacyjnych z dzie\u0107mi.<\/p>\n<p>\u0106wiczenia, kt\u00f3re zosta\u0142y zastosowane w zestawie, w zosta\u0142y dostosowane do mo\u017cliwo\u015bci dzieci\u00a0w wieku przedszkolnym, uczni\u00f3w edukacji wczesnoszkolnej oraz klas 4-6.\u00a0\u0106wiczenia zawarte w zestawie zawieraj\u0105 zar\u00f3wno zadania przeznaczone do pracy indywidualnej, jak i grupowej, kt\u00f3re mo\u017cna zastosowa\u0107 jako\u00a0 osobne propozycje zabaw z uczniami lub te\u017c jako elementy do tworzenia scenariuszy zaj\u0119\u0107.<\/p>\n<p>&nbsp;<\/p>\n<p><strong>Zbi\u00f3r 50 \u0107wicze\u0144 zosta\u0142 pogrupowany na dwa g\u0142\u00f3wne obszary, kt\u00f3re znacznie u\u0142atwiaj\u0105 prac\u0119 terapeut\u00f3w. <\/strong><\/p>\n<ul>\n<li>20 \u0107wicze\u0144 doskonal\u0105cych kompetencje spo\u0142eczno &#8211; emocjonalne,<\/li>\n<li>30 \u0107wicze\u0144 dla dzieci ze spektrum autyzmu.<\/li>\n<\/ul>\n<p><strong>\u0106wiczenia dla dzieci ze spektrum autyzmu pogrupowane zosta\u0142y w trzech obszarach:<\/strong><\/p>\n<ul>\n<li>komunikacja,<\/li>\n<li>obszar poznawczy,<\/li>\n<li>obszar spo\u0142eczny.<\/li>\n<\/ul>\n<p>&nbsp;<\/p>\n<p><img decoding=\"async\" class=\"alignnone size-full wp-image-2248\" src=\"https:\/\/mojebambino.pl\/blog\/wp-content\/uploads\/2020\/09\/spring-3.png\" alt=\"\" width=\"940\" height=\"788\" srcset=\"https:\/\/mojebambino.pl\/blog\/wp-content\/uploads\/2020\/09\/spring-3.png 940w, https:\/\/mojebambino.pl\/blog\/wp-content\/uploads\/2020\/09\/spring-3-300x251.png 300w, https:\/\/mojebambino.pl\/blog\/wp-content\/uploads\/2020\/09\/spring-3-768x644.png 768w\" sizes=\"(max-width: 940px) 100vw, 940px\" \/><\/p>\n<p>&nbsp;<\/p>\n<p>Opracowa\u0142a Aleksandra Pe\u0142ka,<\/p>\n<p>pedagog, animator kultury<\/p>\n","protected":false},"excerpt":{"rendered":"<p>Roboty edukacyjne oraz inne innowacyjne rozwi\u0105zania edukacyjne na dobre zago\u015bci\u0142y w edukacji. S\u0105 cennym narz\u0119dziem wspieraj\u0105cym edukacj\u0119, stymuluj\u0105 rozw\u00f3j dziecka, inspiruj\u0105 do ci\u0105g\u0142ego zdobywania i pog\u0142\u0119biania wiedzy. Odpowiednio wykorzystane technologie&#8230;<\/p>\n","protected":false},"author":4,"featured_media":6706,"comment_status":"closed","ping_status":"closed","sticky":false,"template":"","format":"standard","meta":{"footnotes":""},"categories":[32,6,15],"tags":[],"yoast_head":"<!-- This site is optimized with the Yoast SEO plugin v21.9.1 - https:\/\/yoast.com\/wordpress\/plugins\/seo\/ -->\n<title>Robot edukacyjny Photon - modu\u0142 (SPE) - Blog - porady pedagogiczne<\/title>\n<meta name=\"robots\" content=\"index, follow, max-snippet:-1, max-image-preview:large, max-video-preview:-1\" \/>\n<link rel=\"canonical\" href=\"https:\/\/mojebambino.pl\/blog\/index.php\/2021\/03\/01\/robot-edukacyjny-photon-modul-spe\/\" \/>\n<meta property=\"og:locale\" content=\"pl_PL\" \/>\n<meta property=\"og:type\" content=\"article\" \/>\n<meta property=\"og:title\" content=\"Robot edukacyjny Photon - modu\u0142 (SPE) - Blog - porady pedagogiczne\" \/>\n<meta property=\"og:description\" content=\"Roboty edukacyjne oraz inne innowacyjne rozwi\u0105zania edukacyjne na dobre zago\u015bci\u0142y w edukacji. S\u0105 cennym narz\u0119dziem wspieraj\u0105cym edukacj\u0119, stymuluj\u0105 rozw\u00f3j dziecka, inspiruj\u0105 do ci\u0105g\u0142ego zdobywania i pog\u0142\u0119biania wiedzy. Odpowiednio wykorzystane technologie...\" \/>\n<meta property=\"og:url\" content=\"https:\/\/mojebambino.pl\/blog\/index.php\/2021\/03\/01\/robot-edukacyjny-photon-modul-spe\/\" \/>\n<meta property=\"og:site_name\" content=\"Blog - porady pedagogiczne\" \/>\n<meta property=\"article:published_time\" content=\"2021-03-01T09:54:16+00:00\" \/>\n<meta property=\"article:modified_time\" content=\"2024-12-10T13:32:29+00:00\" \/>\n<meta property=\"og:image\" content=\"https:\/\/mojebambino.pl\/blog\/wp-content\/uploads\/2021\/03\/821224_t_20-e1733836423595.jpg\" \/>\n\t<meta property=\"og:image:width\" content=\"1000\" \/>\n\t<meta property=\"og:image:height\" content=\"663\" \/>\n\t<meta property=\"og:image:type\" content=\"image\/jpeg\" \/>\n<meta name=\"author\" content=\"Aleksandra Pe\u0142ka\" \/>\n<meta name=\"twitter:card\" content=\"summary_large_image\" \/>\n<meta name=\"twitter:label1\" content=\"Napisane przez\" \/>\n\t<meta name=\"twitter:data1\" content=\"Aleksandra Pe\u0142ka\" \/>\n\t<meta name=\"twitter:label2\" content=\"Szacowany czas czytania\" \/>\n\t<meta name=\"twitter:data2\" content=\"2 minuty\" \/>\n<script type=\"application\/ld+json\" class=\"yoast-schema-graph\">{\"@context\":\"https:\/\/schema.org\",\"@graph\":[{\"@type\":\"Article\",\"@id\":\"https:\/\/mojebambino.pl\/blog\/index.php\/2021\/03\/01\/robot-edukacyjny-photon-modul-spe\/#article\",\"isPartOf\":{\"@id\":\"https:\/\/mojebambino.pl\/blog\/index.php\/2021\/03\/01\/robot-edukacyjny-photon-modul-spe\/\"},\"author\":{\"name\":\"Aleksandra Pe\u0142ka\",\"@id\":\"https:\/\/mojebambino.pl\/blog\/#\/schema\/person\/bc7d7e99b4a51ea8a262f28a0bf44834\"},\"headline\":\"Robot edukacyjny Photon &#8211; modu\u0142 (SPE)\",\"datePublished\":\"2021-03-01T09:54:16+00:00\",\"dateModified\":\"2024-12-10T13:32:29+00:00\",\"mainEntityOfPage\":{\"@id\":\"https:\/\/mojebambino.pl\/blog\/index.php\/2021\/03\/01\/robot-edukacyjny-photon-modul-spe\/\"},\"wordCount\":316,\"publisher\":{\"@id\":\"https:\/\/mojebambino.pl\/blog\/#organization\"},\"articleSection\":[\"SPE\",\"\u015awietlica\",\"Szko\u0142a\"],\"inLanguage\":\"pl-PL\"},{\"@type\":\"WebPage\",\"@id\":\"https:\/\/mojebambino.pl\/blog\/index.php\/2021\/03\/01\/robot-edukacyjny-photon-modul-spe\/\",\"url\":\"https:\/\/mojebambino.pl\/blog\/index.php\/2021\/03\/01\/robot-edukacyjny-photon-modul-spe\/\",\"name\":\"Robot edukacyjny Photon - modu\u0142 (SPE) - Blog - porady pedagogiczne\",\"isPartOf\":{\"@id\":\"https:\/\/mojebambino.pl\/blog\/#website\"},\"datePublished\":\"2021-03-01T09:54:16+00:00\",\"dateModified\":\"2024-12-10T13:32:29+00:00\",\"breadcrumb\":{\"@id\":\"https:\/\/mojebambino.pl\/blog\/index.php\/2021\/03\/01\/robot-edukacyjny-photon-modul-spe\/#breadcrumb\"},\"inLanguage\":\"pl-PL\",\"potentialAction\":[{\"@type\":\"ReadAction\",\"target\":[\"https:\/\/mojebambino.pl\/blog\/index.php\/2021\/03\/01\/robot-edukacyjny-photon-modul-spe\/\"]}]},{\"@type\":\"BreadcrumbList\",\"@id\":\"https:\/\/mojebambino.pl\/blog\/index.php\/2021\/03\/01\/robot-edukacyjny-photon-modul-spe\/#breadcrumb\",\"itemListElement\":[{\"@type\":\"ListItem\",\"position\":1,\"name\":\"Home\",\"item\":\"https:\/\/mojebambino.pl\/blog\/\"},{\"@type\":\"ListItem\",\"position\":2,\"name\":\"Robot edukacyjny Photon &#8211; modu\u0142 (SPE)\"}]},{\"@type\":\"WebSite\",\"@id\":\"https:\/\/mojebambino.pl\/blog\/#website\",\"url\":\"https:\/\/mojebambino.pl\/blog\/\",\"name\":\"Blog - porady pedagogiczne\",\"description\":\"\",\"publisher\":{\"@id\":\"https:\/\/mojebambino.pl\/blog\/#organization\"},\"potentialAction\":[{\"@type\":\"SearchAction\",\"target\":{\"@type\":\"EntryPoint\",\"urlTemplate\":\"https:\/\/mojebambino.pl\/blog\/?s={search_term_string}\"},\"query-input\":\"required name=search_term_string\"}],\"inLanguage\":\"pl-PL\"},{\"@type\":\"Organization\",\"@id\":\"https:\/\/mojebambino.pl\/blog\/#organization\",\"name\":\"Blog - porady pedagogiczne\",\"url\":\"https:\/\/mojebambino.pl\/blog\/\",\"logo\":{\"@type\":\"ImageObject\",\"inLanguage\":\"pl-PL\",\"@id\":\"https:\/\/mojebambino.pl\/blog\/#\/schema\/logo\/image\/\",\"url\":\"https:\/\/mojebambino.pl\/blog\/wp-content\/uploads\/2024\/11\/cropped-MOJE_BAMBINO_LOGO.png\",\"contentUrl\":\"https:\/\/mojebambino.pl\/blog\/wp-content\/uploads\/2024\/11\/cropped-MOJE_BAMBINO_LOGO.png\",\"width\":248,\"height\":103,\"caption\":\"Blog - porady pedagogiczne\"},\"image\":{\"@id\":\"https:\/\/mojebambino.pl\/blog\/#\/schema\/logo\/image\/\"}},{\"@type\":\"Person\",\"@id\":\"https:\/\/mojebambino.pl\/blog\/#\/schema\/person\/bc7d7e99b4a51ea8a262f28a0bf44834\",\"name\":\"Aleksandra Pe\u0142ka\",\"image\":{\"@type\":\"ImageObject\",\"inLanguage\":\"pl-PL\",\"@id\":\"https:\/\/mojebambino.pl\/blog\/#\/schema\/person\/image\/\",\"url\":\"https:\/\/secure.gravatar.com\/avatar\/901219d8c8ad75f8a1e14c285fcbac6a?s=96&d=mm&r=g\",\"contentUrl\":\"https:\/\/secure.gravatar.com\/avatar\/901219d8c8ad75f8a1e14c285fcbac6a?s=96&d=mm&r=g\",\"caption\":\"Aleksandra Pe\u0142ka\"},\"url\":\"https:\/\/mojebambino.pl\/blog\/index.php\/author\/aleksandra\/\"}]}<\/script>\n<!-- \/ Yoast SEO plugin. -->","yoast_head_json":{"title":"Robot edukacyjny Photon - modu\u0142 (SPE) - Blog - porady pedagogiczne","robots":{"index":"index","follow":"follow","max-snippet":"max-snippet:-1","max-image-preview":"max-image-preview:large","max-video-preview":"max-video-preview:-1"},"canonical":"https:\/\/mojebambino.pl\/blog\/index.php\/2021\/03\/01\/robot-edukacyjny-photon-modul-spe\/","og_locale":"pl_PL","og_type":"article","og_title":"Robot edukacyjny Photon - modu\u0142 (SPE) - Blog - porady pedagogiczne","og_description":"Roboty edukacyjne oraz inne innowacyjne rozwi\u0105zania edukacyjne na dobre zago\u015bci\u0142y w edukacji. S\u0105 cennym narz\u0119dziem wspieraj\u0105cym edukacj\u0119, stymuluj\u0105 rozw\u00f3j dziecka, inspiruj\u0105 do ci\u0105g\u0142ego zdobywania i pog\u0142\u0119biania wiedzy. Odpowiednio wykorzystane technologie...","og_url":"https:\/\/mojebambino.pl\/blog\/index.php\/2021\/03\/01\/robot-edukacyjny-photon-modul-spe\/","og_site_name":"Blog - porady pedagogiczne","article_published_time":"2021-03-01T09:54:16+00:00","article_modified_time":"2024-12-10T13:32:29+00:00","og_image":[{"width":1000,"height":663,"url":"https:\/\/mojebambino.pl\/blog\/wp-content\/uploads\/2021\/03\/821224_t_20-e1733836423595.jpg","type":"image\/jpeg"}],"author":"Aleksandra Pe\u0142ka","twitter_card":"summary_large_image","twitter_misc":{"Napisane przez":"Aleksandra Pe\u0142ka","Szacowany czas czytania":"2 minuty"},"schema":{"@context":"https:\/\/schema.org","@graph":[{"@type":"Article","@id":"https:\/\/mojebambino.pl\/blog\/index.php\/2021\/03\/01\/robot-edukacyjny-photon-modul-spe\/#article","isPartOf":{"@id":"https:\/\/mojebambino.pl\/blog\/index.php\/2021\/03\/01\/robot-edukacyjny-photon-modul-spe\/"},"author":{"name":"Aleksandra Pe\u0142ka","@id":"https:\/\/mojebambino.pl\/blog\/#\/schema\/person\/bc7d7e99b4a51ea8a262f28a0bf44834"},"headline":"Robot edukacyjny Photon &#8211; modu\u0142 (SPE)","datePublished":"2021-03-01T09:54:16+00:00","dateModified":"2024-12-10T13:32:29+00:00","mainEntityOfPage":{"@id":"https:\/\/mojebambino.pl\/blog\/index.php\/2021\/03\/01\/robot-edukacyjny-photon-modul-spe\/"},"wordCount":316,"publisher":{"@id":"https:\/\/mojebambino.pl\/blog\/#organization"},"articleSection":["SPE","\u015awietlica","Szko\u0142a"],"inLanguage":"pl-PL"},{"@type":"WebPage","@id":"https:\/\/mojebambino.pl\/blog\/index.php\/2021\/03\/01\/robot-edukacyjny-photon-modul-spe\/","url":"https:\/\/mojebambino.pl\/blog\/index.php\/2021\/03\/01\/robot-edukacyjny-photon-modul-spe\/","name":"Robot edukacyjny Photon - modu\u0142 (SPE) - Blog - porady pedagogiczne","isPartOf":{"@id":"https:\/\/mojebambino.pl\/blog\/#website"},"datePublished":"2021-03-01T09:54:16+00:00","dateModified":"2024-12-10T13:32:29+00:00","breadcrumb":{"@id":"https:\/\/mojebambino.pl\/blog\/index.php\/2021\/03\/01\/robot-edukacyjny-photon-modul-spe\/#breadcrumb"},"inLanguage":"pl-PL","potentialAction":[{"@type":"ReadAction","target":["https:\/\/mojebambino.pl\/blog\/index.php\/2021\/03\/01\/robot-edukacyjny-photon-modul-spe\/"]}]},{"@type":"BreadcrumbList","@id":"https:\/\/mojebambino.pl\/blog\/index.php\/2021\/03\/01\/robot-edukacyjny-photon-modul-spe\/#breadcrumb","itemListElement":[{"@type":"ListItem","position":1,"name":"Home","item":"https:\/\/mojebambino.pl\/blog\/"},{"@type":"ListItem","position":2,"name":"Robot edukacyjny Photon &#8211; modu\u0142 (SPE)"}]},{"@type":"WebSite","@id":"https:\/\/mojebambino.pl\/blog\/#website","url":"https:\/\/mojebambino.pl\/blog\/","name":"Blog - porady pedagogiczne","description":"","publisher":{"@id":"https:\/\/mojebambino.pl\/blog\/#organization"},"potentialAction":[{"@type":"SearchAction","target":{"@type":"EntryPoint","urlTemplate":"https:\/\/mojebambino.pl\/blog\/?s={search_term_string}"},"query-input":"required name=search_term_string"}],"inLanguage":"pl-PL"},{"@type":"Organization","@id":"https:\/\/mojebambino.pl\/blog\/#organization","name":"Blog - porady pedagogiczne","url":"https:\/\/mojebambino.pl\/blog\/","logo":{"@type":"ImageObject","inLanguage":"pl-PL","@id":"https:\/\/mojebambino.pl\/blog\/#\/schema\/logo\/image\/","url":"https:\/\/mojebambino.pl\/blog\/wp-content\/uploads\/2024\/11\/cropped-MOJE_BAMBINO_LOGO.png","contentUrl":"https:\/\/mojebambino.pl\/blog\/wp-content\/uploads\/2024\/11\/cropped-MOJE_BAMBINO_LOGO.png","width":248,"height":103,"caption":"Blog - porady pedagogiczne"},"image":{"@id":"https:\/\/mojebambino.pl\/blog\/#\/schema\/logo\/image\/"}},{"@type":"Person","@id":"https:\/\/mojebambino.pl\/blog\/#\/schema\/person\/bc7d7e99b4a51ea8a262f28a0bf44834","name":"Aleksandra Pe\u0142ka","image":{"@type":"ImageObject","inLanguage":"pl-PL","@id":"https:\/\/mojebambino.pl\/blog\/#\/schema\/person\/image\/","url":"https:\/\/secure.gravatar.com\/avatar\/901219d8c8ad75f8a1e14c285fcbac6a?s=96&d=mm&r=g","contentUrl":"https:\/\/secure.gravatar.com\/avatar\/901219d8c8ad75f8a1e14c285fcbac6a?s=96&d=mm&r=g","caption":"Aleksandra Pe\u0142ka"},"url":"https:\/\/mojebambino.pl\/blog\/index.php\/author\/aleksandra\/"}]}},"_links":{"self":[{"href":"https:\/\/mojebambino.pl\/blog\/index.php\/wp-json\/wp\/v2\/posts\/2246"}],"collection":[{"href":"https:\/\/mojebambino.pl\/blog\/index.php\/wp-json\/wp\/v2\/posts"}],"about":[{"href":"https:\/\/mojebambino.pl\/blog\/index.php\/wp-json\/wp\/v2\/types\/post"}],"author":[{"embeddable":true,"href":"https:\/\/mojebambino.pl\/blog\/index.php\/wp-json\/wp\/v2\/users\/4"}],"replies":[{"embeddable":true,"href":"https:\/\/mojebambino.pl\/blog\/index.php\/wp-json\/wp\/v2\/comments?post=2246"}],"version-history":[{"count":2,"href":"https:\/\/mojebambino.pl\/blog\/index.php\/wp-json\/wp\/v2\/posts\/2246\/revisions"}],"predecessor-version":[{"id":5748,"href":"https:\/\/mojebambino.pl\/blog\/index.php\/wp-json\/wp\/v2\/posts\/2246\/revisions\/5748"}],"wp:featuredmedia":[{"embeddable":true,"href":"https:\/\/mojebambino.pl\/blog\/index.php\/wp-json\/wp\/v2\/media\/6706"}],"wp:attachment":[{"href":"https:\/\/mojebambino.pl\/blog\/index.php\/wp-json\/wp\/v2\/media?parent=2246"}],"wp:term":[{"taxonomy":"category","embeddable":true,"href":"https:\/\/mojebambino.pl\/blog\/index.php\/wp-json\/wp\/v2\/categories?post=2246"},{"taxonomy":"post_tag","embeddable":true,"href":"https:\/\/mojebambino.pl\/blog\/index.php\/wp-json\/wp\/v2\/tags?post=2246"}],"curies":[{"name":"wp","href":"https:\/\/api.w.org\/{rel}","templated":true}]}}