{"id":2198,"date":"2020-07-29T12:37:26","date_gmt":"2020-07-29T10:37:26","guid":{"rendered":"https:\/\/mojebambino.pl\/blog\/?p=2198"},"modified":"2024-12-10T15:46:26","modified_gmt":"2024-12-10T14:46:26","slug":"karty-pracy-wakacje","status":"publish","type":"post","link":"https:\/\/mojebambino.pl\/blog\/index.php\/2020\/07\/29\/karty-pracy-wakacje\/","title":{"rendered":"Karty pracy &#8211; wakacje"},"content":{"rendered":"<p>&nbsp;<\/p>\n<p>Lato i zwi\u0105zane z nim wakacje to ulubiony czas dzieci. Mo\u017cliwo\u015b\u0107 wypoczynku, rodzinnych wyjazd\u00f3w i korzystania z urok\u00f3w pi\u0119knej pogody sprawiaj\u0105, \u017ce maluchy wprost nie mog\u0105 doczeka\u0107 si\u0119 wakacji. Niestety nawet w tym jak\u017ce przyjemnym okresie wkradaj\u0105 si\u0119 w pewnym momencie chwile nudy. Rodzice g\u0142\u00f3wkuj\u0105 si\u0119 wtedy, jak zaj\u0105\u0107 swoje dziecko? Jak\u0105 rozrywk\u0119 mu wymy\u015bli\u0107? Jak zorganizowa\u0107 mu czas i to najlepiej w spos\u00f3b rozwijaj\u0105cy, a jednocze\u015bnie b\u0119d\u0105cy dla dzieci ciekaw\u0105 rozrywk\u0105. Z tej okazji przygotowa\u0142am dla Was letnie, wakacyjne karty pracy, kt\u00f3re z pewno\u015bci\u0105 na chwil\u0119 zaanga\u017cuj\u0105 Wasze pociechy.<\/p>\n<p>&nbsp;<\/p>\n<h1>Wakacyjne karty pracy do pobrania i wydruku ca\u0142kiem za darmo znajdziecie klikaj\u0105c TUTAJ &#8211; <a href=\"https:\/\/mojebambino.pl\/blog\/wp-content\/uploads\/2020\/07\/Wakacyjne-karty-Pracy.pdf\">Wakacyjne karty Pracy<\/a><\/h1>\n<p>&nbsp;<\/p>\n<p><img fetchpriority=\"high\" decoding=\"async\" class=\"alignnone size-full wp-image-2200\" src=\"https:\/\/mojebambino.pl\/blog\/wp-content\/uploads\/2020\/07\/Katy-pracy-wakacje.png\" alt=\"\" width=\"1414\" height=\"2000\" srcset=\"https:\/\/mojebambino.pl\/blog\/wp-content\/uploads\/2020\/07\/Katy-pracy-wakacje.png 1414w, https:\/\/mojebambino.pl\/blog\/wp-content\/uploads\/2020\/07\/Katy-pracy-wakacje-212x300.png 212w, https:\/\/mojebambino.pl\/blog\/wp-content\/uploads\/2020\/07\/Katy-pracy-wakacje-768x1086.png 768w, https:\/\/mojebambino.pl\/blog\/wp-content\/uploads\/2020\/07\/Katy-pracy-wakacje-724x1024.png 724w\" sizes=\"(max-width: 1414px) 100vw, 1414px\" \/><\/p>\n<p>Opracowa\u0142a:<\/p>\n<p>Aleksandra Pe\u0142ka: pedagog, animator kultury<\/p>\n","protected":false},"excerpt":{"rendered":"<p>&nbsp; Lato i zwi\u0105zane z nim wakacje to ulubiony czas dzieci. Mo\u017cliwo\u015b\u0107 wypoczynku, rodzinnych wyjazd\u00f3w i korzystania z urok\u00f3w pi\u0119knej pogody sprawiaj\u0105, \u017ce maluchy wprost nie mog\u0105 doczeka\u0107 si\u0119 wakacji&#8230;.<\/p>\n","protected":false},"author":4,"featured_media":6751,"comment_status":"closed","ping_status":"closed","sticky":false,"template":"","format":"standard","meta":{"footnotes":""},"categories":[12,14,7,13,5],"tags":[],"yoast_head":"<!-- This site is optimized with the Yoast SEO plugin v21.9.1 - https:\/\/yoast.com\/wordpress\/plugins\/seo\/ -->\n<title>Karty pracy - wakacje - Blog - porady pedagogiczne<\/title>\n<meta name=\"robots\" content=\"index, follow, max-snippet:-1, max-image-preview:large, max-video-preview:-1\" \/>\n<link rel=\"canonical\" href=\"https:\/\/mojebambino.pl\/blog\/index.php\/2020\/07\/29\/karty-pracy-wakacje\/\" \/>\n<meta property=\"og:locale\" content=\"pl_PL\" \/>\n<meta property=\"og:type\" content=\"article\" \/>\n<meta property=\"og:title\" content=\"Karty pracy - wakacje - Blog - porady pedagogiczne\" \/>\n<meta property=\"og:description\" content=\"&nbsp; Lato i zwi\u0105zane z nim wakacje to ulubiony czas dzieci. Mo\u017cliwo\u015b\u0107 wypoczynku, rodzinnych wyjazd\u00f3w i korzystania z urok\u00f3w pi\u0119knej pogody sprawiaj\u0105, \u017ce maluchy wprost nie mog\u0105 doczeka\u0107 si\u0119 wakacji....\" \/>\n<meta property=\"og:url\" content=\"https:\/\/mojebambino.pl\/blog\/index.php\/2020\/07\/29\/karty-pracy-wakacje\/\" \/>\n<meta property=\"og:site_name\" content=\"Blog - porady pedagogiczne\" \/>\n<meta property=\"article:published_time\" content=\"2020-07-29T10:37:26+00:00\" \/>\n<meta property=\"article:modified_time\" content=\"2024-12-10T14:46:26+00:00\" \/>\n<meta property=\"og:image\" content=\"https:\/\/mojebambino.pl\/blog\/wp-content\/uploads\/2020\/07\/604194_f_15-e1733840848251.jpg\" \/>\n\t<meta property=\"og:image:width\" content=\"1000\" \/>\n\t<meta property=\"og:image:height\" content=\"718\" \/>\n\t<meta property=\"og:image:type\" content=\"image\/jpeg\" \/>\n<meta name=\"author\" content=\"Aleksandra Pe\u0142ka\" \/>\n<meta name=\"twitter:card\" content=\"summary_large_image\" \/>\n<meta name=\"twitter:label1\" content=\"Napisane przez\" \/>\n\t<meta name=\"twitter:data1\" content=\"Aleksandra Pe\u0142ka\" \/>\n\t<meta name=\"twitter:label2\" content=\"Szacowany czas czytania\" \/>\n\t<meta name=\"twitter:data2\" content=\"1 minuta\" \/>\n<script type=\"application\/ld+json\" class=\"yoast-schema-graph\">{\"@context\":\"https:\/\/schema.org\",\"@graph\":[{\"@type\":\"Article\",\"@id\":\"https:\/\/mojebambino.pl\/blog\/index.php\/2020\/07\/29\/karty-pracy-wakacje\/#article\",\"isPartOf\":{\"@id\":\"https:\/\/mojebambino.pl\/blog\/index.php\/2020\/07\/29\/karty-pracy-wakacje\/\"},\"author\":{\"name\":\"Aleksandra Pe\u0142ka\",\"@id\":\"https:\/\/mojebambino.pl\/blog\/#\/schema\/person\/bc7d7e99b4a51ea8a262f28a0bf44834\"},\"headline\":\"Karty pracy &#8211; wakacje\",\"datePublished\":\"2020-07-29T10:37:26+00:00\",\"dateModified\":\"2024-12-10T14:46:26+00:00\",\"mainEntityOfPage\":{\"@id\":\"https:\/\/mojebambino.pl\/blog\/index.php\/2020\/07\/29\/karty-pracy-wakacje\/\"},\"wordCount\":141,\"publisher\":{\"@id\":\"https:\/\/mojebambino.pl\/blog\/#organization\"},\"articleSection\":[\"Dla rodzic\u00f3w\",\"Do pobrania\",\"Pedagog szkolny\",\"Specjalne potrzeby edukacyjne\",\"\u017b\u0142obek, Przedszkole\"],\"inLanguage\":\"pl-PL\"},{\"@type\":\"WebPage\",\"@id\":\"https:\/\/mojebambino.pl\/blog\/index.php\/2020\/07\/29\/karty-pracy-wakacje\/\",\"url\":\"https:\/\/mojebambino.pl\/blog\/index.php\/2020\/07\/29\/karty-pracy-wakacje\/\",\"name\":\"Karty pracy - wakacje - Blog - porady pedagogiczne\",\"isPartOf\":{\"@id\":\"https:\/\/mojebambino.pl\/blog\/#website\"},\"datePublished\":\"2020-07-29T10:37:26+00:00\",\"dateModified\":\"2024-12-10T14:46:26+00:00\",\"breadcrumb\":{\"@id\":\"https:\/\/mojebambino.pl\/blog\/index.php\/2020\/07\/29\/karty-pracy-wakacje\/#breadcrumb\"},\"inLanguage\":\"pl-PL\",\"potentialAction\":[{\"@type\":\"ReadAction\",\"target\":[\"https:\/\/mojebambino.pl\/blog\/index.php\/2020\/07\/29\/karty-pracy-wakacje\/\"]}]},{\"@type\":\"BreadcrumbList\",\"@id\":\"https:\/\/mojebambino.pl\/blog\/index.php\/2020\/07\/29\/karty-pracy-wakacje\/#breadcrumb\",\"itemListElement\":[{\"@type\":\"ListItem\",\"position\":1,\"name\":\"Home\",\"item\":\"https:\/\/mojebambino.pl\/blog\/\"},{\"@type\":\"ListItem\",\"position\":2,\"name\":\"Karty pracy &#8211; wakacje\"}]},{\"@type\":\"WebSite\",\"@id\":\"https:\/\/mojebambino.pl\/blog\/#website\",\"url\":\"https:\/\/mojebambino.pl\/blog\/\",\"name\":\"Blog - porady pedagogiczne\",\"description\":\"\",\"publisher\":{\"@id\":\"https:\/\/mojebambino.pl\/blog\/#organization\"},\"potentialAction\":[{\"@type\":\"SearchAction\",\"target\":{\"@type\":\"EntryPoint\",\"urlTemplate\":\"https:\/\/mojebambino.pl\/blog\/?s={search_term_string}\"},\"query-input\":\"required name=search_term_string\"}],\"inLanguage\":\"pl-PL\"},{\"@type\":\"Organization\",\"@id\":\"https:\/\/mojebambino.pl\/blog\/#organization\",\"name\":\"Blog - porady pedagogiczne\",\"url\":\"https:\/\/mojebambino.pl\/blog\/\",\"logo\":{\"@type\":\"ImageObject\",\"inLanguage\":\"pl-PL\",\"@id\":\"https:\/\/mojebambino.pl\/blog\/#\/schema\/logo\/image\/\",\"url\":\"https:\/\/mojebambino.pl\/blog\/wp-content\/uploads\/2024\/11\/cropped-MOJE_BAMBINO_LOGO.png\",\"contentUrl\":\"https:\/\/mojebambino.pl\/blog\/wp-content\/uploads\/2024\/11\/cropped-MOJE_BAMBINO_LOGO.png\",\"width\":248,\"height\":103,\"caption\":\"Blog - porady pedagogiczne\"},\"image\":{\"@id\":\"https:\/\/mojebambino.pl\/blog\/#\/schema\/logo\/image\/\"}},{\"@type\":\"Person\",\"@id\":\"https:\/\/mojebambino.pl\/blog\/#\/schema\/person\/bc7d7e99b4a51ea8a262f28a0bf44834\",\"name\":\"Aleksandra Pe\u0142ka\",\"image\":{\"@type\":\"ImageObject\",\"inLanguage\":\"pl-PL\",\"@id\":\"https:\/\/mojebambino.pl\/blog\/#\/schema\/person\/image\/\",\"url\":\"https:\/\/secure.gravatar.com\/avatar\/901219d8c8ad75f8a1e14c285fcbac6a?s=96&d=mm&r=g\",\"contentUrl\":\"https:\/\/secure.gravatar.com\/avatar\/901219d8c8ad75f8a1e14c285fcbac6a?s=96&d=mm&r=g\",\"caption\":\"Aleksandra Pe\u0142ka\"},\"url\":\"https:\/\/mojebambino.pl\/blog\/index.php\/author\/aleksandra\/\"}]}<\/script>\n<!-- \/ Yoast SEO plugin. -->","yoast_head_json":{"title":"Karty pracy - wakacje - Blog - porady pedagogiczne","robots":{"index":"index","follow":"follow","max-snippet":"max-snippet:-1","max-image-preview":"max-image-preview:large","max-video-preview":"max-video-preview:-1"},"canonical":"https:\/\/mojebambino.pl\/blog\/index.php\/2020\/07\/29\/karty-pracy-wakacje\/","og_locale":"pl_PL","og_type":"article","og_title":"Karty pracy - wakacje - Blog - porady pedagogiczne","og_description":"&nbsp; Lato i zwi\u0105zane z nim wakacje to ulubiony czas dzieci. Mo\u017cliwo\u015b\u0107 wypoczynku, rodzinnych wyjazd\u00f3w i korzystania z urok\u00f3w pi\u0119knej pogody sprawiaj\u0105, \u017ce maluchy wprost nie mog\u0105 doczeka\u0107 si\u0119 wakacji....","og_url":"https:\/\/mojebambino.pl\/blog\/index.php\/2020\/07\/29\/karty-pracy-wakacje\/","og_site_name":"Blog - porady pedagogiczne","article_published_time":"2020-07-29T10:37:26+00:00","article_modified_time":"2024-12-10T14:46:26+00:00","og_image":[{"width":1000,"height":718,"url":"https:\/\/mojebambino.pl\/blog\/wp-content\/uploads\/2020\/07\/604194_f_15-e1733840848251.jpg","type":"image\/jpeg"}],"author":"Aleksandra Pe\u0142ka","twitter_card":"summary_large_image","twitter_misc":{"Napisane przez":"Aleksandra Pe\u0142ka","Szacowany czas czytania":"1 minuta"},"schema":{"@context":"https:\/\/schema.org","@graph":[{"@type":"Article","@id":"https:\/\/mojebambino.pl\/blog\/index.php\/2020\/07\/29\/karty-pracy-wakacje\/#article","isPartOf":{"@id":"https:\/\/mojebambino.pl\/blog\/index.php\/2020\/07\/29\/karty-pracy-wakacje\/"},"author":{"name":"Aleksandra Pe\u0142ka","@id":"https:\/\/mojebambino.pl\/blog\/#\/schema\/person\/bc7d7e99b4a51ea8a262f28a0bf44834"},"headline":"Karty pracy &#8211; wakacje","datePublished":"2020-07-29T10:37:26+00:00","dateModified":"2024-12-10T14:46:26+00:00","mainEntityOfPage":{"@id":"https:\/\/mojebambino.pl\/blog\/index.php\/2020\/07\/29\/karty-pracy-wakacje\/"},"wordCount":141,"publisher":{"@id":"https:\/\/mojebambino.pl\/blog\/#organization"},"articleSection":["Dla rodzic\u00f3w","Do pobrania","Pedagog szkolny","Specjalne potrzeby edukacyjne","\u017b\u0142obek, Przedszkole"],"inLanguage":"pl-PL"},{"@type":"WebPage","@id":"https:\/\/mojebambino.pl\/blog\/index.php\/2020\/07\/29\/karty-pracy-wakacje\/","url":"https:\/\/mojebambino.pl\/blog\/index.php\/2020\/07\/29\/karty-pracy-wakacje\/","name":"Karty pracy - wakacje - Blog - porady pedagogiczne","isPartOf":{"@id":"https:\/\/mojebambino.pl\/blog\/#website"},"datePublished":"2020-07-29T10:37:26+00:00","dateModified":"2024-12-10T14:46:26+00:00","breadcrumb":{"@id":"https:\/\/mojebambino.pl\/blog\/index.php\/2020\/07\/29\/karty-pracy-wakacje\/#breadcrumb"},"inLanguage":"pl-PL","potentialAction":[{"@type":"ReadAction","target":["https:\/\/mojebambino.pl\/blog\/index.php\/2020\/07\/29\/karty-pracy-wakacje\/"]}]},{"@type":"BreadcrumbList","@id":"https:\/\/mojebambino.pl\/blog\/index.php\/2020\/07\/29\/karty-pracy-wakacje\/#breadcrumb","itemListElement":[{"@type":"ListItem","position":1,"name":"Home","item":"https:\/\/mojebambino.pl\/blog\/"},{"@type":"ListItem","position":2,"name":"Karty pracy &#8211; wakacje"}]},{"@type":"WebSite","@id":"https:\/\/mojebambino.pl\/blog\/#website","url":"https:\/\/mojebambino.pl\/blog\/","name":"Blog - porady pedagogiczne","description":"","publisher":{"@id":"https:\/\/mojebambino.pl\/blog\/#organization"},"potentialAction":[{"@type":"SearchAction","target":{"@type":"EntryPoint","urlTemplate":"https:\/\/mojebambino.pl\/blog\/?s={search_term_string}"},"query-input":"required name=search_term_string"}],"inLanguage":"pl-PL"},{"@type":"Organization","@id":"https:\/\/mojebambino.pl\/blog\/#organization","name":"Blog - porady pedagogiczne","url":"https:\/\/mojebambino.pl\/blog\/","logo":{"@type":"ImageObject","inLanguage":"pl-PL","@id":"https:\/\/mojebambino.pl\/blog\/#\/schema\/logo\/image\/","url":"https:\/\/mojebambino.pl\/blog\/wp-content\/uploads\/2024\/11\/cropped-MOJE_BAMBINO_LOGO.png","contentUrl":"https:\/\/mojebambino.pl\/blog\/wp-content\/uploads\/2024\/11\/cropped-MOJE_BAMBINO_LOGO.png","width":248,"height":103,"caption":"Blog - porady pedagogiczne"},"image":{"@id":"https:\/\/mojebambino.pl\/blog\/#\/schema\/logo\/image\/"}},{"@type":"Person","@id":"https:\/\/mojebambino.pl\/blog\/#\/schema\/person\/bc7d7e99b4a51ea8a262f28a0bf44834","name":"Aleksandra Pe\u0142ka","image":{"@type":"ImageObject","inLanguage":"pl-PL","@id":"https:\/\/mojebambino.pl\/blog\/#\/schema\/person\/image\/","url":"https:\/\/secure.gravatar.com\/avatar\/901219d8c8ad75f8a1e14c285fcbac6a?s=96&d=mm&r=g","contentUrl":"https:\/\/secure.gravatar.com\/avatar\/901219d8c8ad75f8a1e14c285fcbac6a?s=96&d=mm&r=g","caption":"Aleksandra Pe\u0142ka"},"url":"https:\/\/mojebambino.pl\/blog\/index.php\/author\/aleksandra\/"}]}},"_links":{"self":[{"href":"https:\/\/mojebambino.pl\/blog\/index.php\/wp-json\/wp\/v2\/posts\/2198"}],"collection":[{"href":"https:\/\/mojebambino.pl\/blog\/index.php\/wp-json\/wp\/v2\/posts"}],"about":[{"href":"https:\/\/mojebambino.pl\/blog\/index.php\/wp-json\/wp\/v2\/types\/post"}],"author":[{"embeddable":true,"href":"https:\/\/mojebambino.pl\/blog\/index.php\/wp-json\/wp\/v2\/users\/4"}],"replies":[{"embeddable":true,"href":"https:\/\/mojebambino.pl\/blog\/index.php\/wp-json\/wp\/v2\/comments?post=2198"}],"version-history":[{"count":4,"href":"https:\/\/mojebambino.pl\/blog\/index.php\/wp-json\/wp\/v2\/posts\/2198\/revisions"}],"predecessor-version":[{"id":5837,"href":"https:\/\/mojebambino.pl\/blog\/index.php\/wp-json\/wp\/v2\/posts\/2198\/revisions\/5837"}],"wp:featuredmedia":[{"embeddable":true,"href":"https:\/\/mojebambino.pl\/blog\/index.php\/wp-json\/wp\/v2\/media\/6751"}],"wp:attachment":[{"href":"https:\/\/mojebambino.pl\/blog\/index.php\/wp-json\/wp\/v2\/media?parent=2198"}],"wp:term":[{"taxonomy":"category","embeddable":true,"href":"https:\/\/mojebambino.pl\/blog\/index.php\/wp-json\/wp\/v2\/categories?post=2198"},{"taxonomy":"post_tag","embeddable":true,"href":"https:\/\/mojebambino.pl\/blog\/index.php\/wp-json\/wp\/v2\/tags?post=2198"}],"curies":[{"name":"wp","href":"https:\/\/api.w.org\/{rel}","templated":true}]}}