{"id":1966,"date":"2020-04-27T15:51:23","date_gmt":"2020-04-27T13:51:23","guid":{"rendered":"https:\/\/mojebambino.pl\/blog\/?p=1966"},"modified":"2024-12-11T12:19:07","modified_gmt":"2024-12-11T11:19:07","slug":"swieta-narodowe-w-przedszkolu-i-szkole-zbior-inspiracji","status":"publish","type":"post","link":"https:\/\/mojebambino.pl\/blog\/index.php\/2020\/04\/27\/swieta-narodowe-w-przedszkolu-i-szkole-zbior-inspiracji\/","title":{"rendered":"\u015awi\u0119ta Narodowe w przedszkolu i szkole, zbi\u00f3r inspiracji"},"content":{"rendered":"<h1>Jak obchodzi\u0107 \u015bwi\u0119ta narodowe w przedszkolu i szkole? Jak naucza\u0107 wychowania patriotycznego od najm\u0142odszych lat?<\/h1>\n<p>W dzisiejszym artykule porusz\u0119 temat wychowania patriotycznego, podkre\u015bl\u0119 znaczenie przekazu warto\u015bci patriotycznych od najm\u0142odszych lat oraz udost\u0119pni\u0119 darmowe karty pracy &#8222;Polska &#8211; \u015awi\u0119ta Narodowe&#8221; i\u00a0 przedstawi\u0119 zbi\u00f3r inspiracji na prace plastyczne odnosz\u0105ce si\u0119 do symboli narodowych.<\/p>\n<p>Wychowanie patriotyczne jest niezwykle wa\u017cne i nale\u017cy dok\u0142ada\u0107 do niego stara\u0144 ju\u017c na etapie przedszkola, kiedy dzieci s\u0105 najbardziej ch\u0142onne wiedzy. To w\u0142a\u015bnie w tym okresie powinni\u015bmy rozpocz\u0105\u0107 edukacj\u0119 dotycz\u0105c\u0105 tradycji i kultury naszego kraju. Wszystko to znajdzie odbicie w przysz\u0142o\u015bci, podstawy, jakie zostan\u0105 ukszta\u0142towane w dzieciach, b\u0119d\u0105 im towarzyszy\u0142y przez ca\u0142e \u017cycie.<\/p>\n<p>Pami\u0119tajmy r\u00f3wnie\u017c o tym, \u017ce elementy kszta\u0142towania postawy patriotycznej s\u0105 jednym z punkt\u00f3w podstawy programowej wychowania przedszkolnego i szkolnego. Absolwent przedszkola wg .podstawy programowej \u201ewymienia nazw\u0119 swojego kraju i jego stolicy, rozpoznaje symbole narodowe (god\u0142o, flaga, hymn), nazywa wybrane symbole zwi\u0105zane z regionami Polski ukryte w podaniach&#8221;<\/p>\n<p>Absolwent szko\u0142y podstawowej natomiast zostaje wprowadzony &#8222;w \u015bwiat warto\u015bci, w tym ofiarno\u015bci, wsp\u00f3\u0142pracy, solidarno\u015bci, altruizmu, patriotyzmu i szacunku dla tradycji&#8221;.<\/p>\n<p><strong>Jak kszta\u0142towa\u0107 wiedz\u0119 patriotyczn\u0105?<\/strong><\/p>\n<p>Opowiadaj dzieciom o historii Naszego kraju, o miejscu w kt\u00f3rym \u017cyj\u0105 i w kt\u00f3rym si\u0119 wychowuj\u0105, organizuj konkursy plastyczne, zapoznawaj dzieci z symbolami narodowymi i zach\u0119caj do recytowania wierszy, jak chocia\u017cby znany przez wszystkich wiersz W\u0142adys\u0142awa Be\u0142zy<\/p>\n<blockquote><p>&#8211; Kto ty jeste\u015b?<br \/>\n&#8211; Polak ma\u0142y.<br \/>\n&#8211; Jaki znak tw\u00f3j?<br \/>\n&#8211; Orze\u0142 bia\u0142y.<br \/>\n&#8211; Gdzie ty mieszkasz?<br \/>\n&#8211; Mi\u0119dzy swemi.<br \/>\n&#8211; W jakim kraju?<br \/>\nW polskiej ziemi.<br \/>\n&#8211; Czym ta ziemia?<br \/>\n&#8211; M\u0105 ojczyzn\u0105.<br \/>\n&#8211; Czym zdobyta?<br \/>\n&#8211; Krwi\u0105 i blizn\u0105.<br \/>\n&#8211; Czy j\u0105 kochasz?<br \/>\n&#8211; Kocham szczerze.<br \/>\n&#8211; A w co wierzysz?<br \/>\n&#8211; W Polsk\u0119 wierz\u0119.<br \/>\n&#8211; Czym ty dla niej?<br \/>\n&#8211; Wdzi\u0119czne dzieci\u0119<br \/>\n&#8211; Co\u015b jej winien?<br \/>\n&#8211; Odda\u0107 \u017cycie.&#8221;<\/p><\/blockquote>\n<p><strong>Zach\u0119cam do pobrania zbioru\u00a0 <a href=\"https:\/\/mojebambino.pl\/blog\/wp-content\/uploads\/2020\/04\/\u015awi\u0119ta-Narodowe-Karty-Pracy.pdf\" class=\"broken_link\">\u015awi\u0119ta Narodowe Karty Pracy,\u00a0<\/a>kt\u00f3re mo\u017cesz wykorzysta\u0107 przy okazji takich \u015bwi\u0105t jak \u015awi\u0119to\u00a0Pracy obchodzone 1 maja, \u015awi\u0119to Flagi Rzeczypospolitej Polskiej obchodzone 2 maja, \u015awi\u0119to Narodowe Trzeciego Maja obchodzone w rocznic\u0119 uchwalenia Konstytucji 3 maja, czy \u015awi\u0119to Niepodleg\u0142o\u015bci obchodzone 11 listopada.<\/strong><\/p>\n<p><img fetchpriority=\"high\" decoding=\"async\" class=\"alignnone size-full wp-image-1981\" style=\"color: #1d1d1d; font-family: Helvetica,sans-serif; font-size: 14px; font-style: normal; font-variant: normal; font-weight: 400; height: auto; letter-spacing: normal; max-width: 100%; orphans: 2; outline-color: #72777c; outline-style: solid; outline-width: 1px; text-align: left; text-decoration: none; text-indent: 0px; text-transform: none; vertical-align: top; -webkit-text-stroke-width: 0px; white-space: normal; word-spacing: 0px;\" src=\"https:\/\/mojebambino.pl\/blog\/wp-content\/uploads\/2020\/04\/1.png\" alt=\"\" width=\"1414\" height=\"2000\" srcset=\"https:\/\/mojebambino.pl\/blog\/wp-content\/uploads\/2020\/04\/1.png 1414w, https:\/\/mojebambino.pl\/blog\/wp-content\/uploads\/2020\/04\/1-212x300.png 212w, https:\/\/mojebambino.pl\/blog\/wp-content\/uploads\/2020\/04\/1-768x1086.png 768w, https:\/\/mojebambino.pl\/blog\/wp-content\/uploads\/2020\/04\/1-724x1024.png 724w\" sizes=\"(max-width: 1414px) 100vw, 1414px\" \/><b><\/b><i><\/i><u><\/u><\/p>\n<p><strong>Podczas lekcji mo\u017cesz podeprze\u0107 si\u0119 pomocami edukacyjnymi, kt\u00f3re uczyni\u0105 zaj\u0119cia bardziej atrakcyjnymi i sprawi\u0105, \u017ce wiedza b\u0119dzie lepiej wch\u0142aniana przez maluchy, w\u015br\u00f3d takich pomocy znajduj\u0105 si\u0119 mi\u0119dzy innymi:<\/strong><\/p>\n<ul>\n<li><a href=\"https:\/\/mojebambino.pl\/pomoce-dydaktyczne-do-historii\/1213-polska-wokol-symboli-narodowych.html\">Polska &#8211; wok\u00f3\u0142 symboli narodowych.<\/a> Pomoc edukacyjna pomaga w zaznajamianiu dzieci w zagadnieniach symboli narodowych, poruszaj\u0105c tematy takie jak: god\u0142o, flaga, kraj, stolica, narodowo\u015b\u0107, obywatelstwo, waluta obowi\u0105zuj\u0105ca w Polsce, prezydent, premier, kr\u00f3l.<\/li>\n<li><a href=\"https:\/\/mojebambino.pl\/pomoce-do-przyrody\/15369-stroje-i-kultura-ludowa-polski-zestaw-znaczkow-do-magnetycznej-mapy-polski.html\">Stroje i kultura ludowa Polski<\/a>, dzi\u0119ki tej pomocy wprowadzisz poj\u0119cie kultury region\u00f3w oraz przedstawisz dzieciom bogactwo i r\u00f3\u017cnorodno\u015b\u0107 kultury\u00a0w\u0142asnego kraju i\u00a0regionu.<\/li>\n<\/ul>\n<p><strong>Dla m\u0142odszych dzieci najciekawszym sposobem edukacji patriotycznej b\u0119d\u0105 prace plastyczne z symbolami narodowymi jak np.<\/strong><\/p>\n<ul>\n<li>Praca &#8222;Flaga Polski&#8221;, kt\u00f3r\u0105 dzieci wykonaj\u0105 za pomoc\u0105 \u00a0 <a href=\"https:\/\/mojebambino.pl\/pomoce-dydaktyczne-do-historii\/337-biale-choragiewki.html\">otowych chor\u0105giewek do pomalowania<\/a> w odpowiednich barwach. Wykonuj\u0105c flag\u0119 Polski pomo\u017cesz dziecku w zapami\u0119taniu i utrwaleniu, jak wygl\u0105da oraz jakiego koloru jest flaga kraju, w kt\u00f3rym mieszka.<\/li>\n<li>Starsze dzieci mog\u0105 wykona\u0107 <a href=\"https:\/\/mojebambino.pl\/10772\/Flaga-Polski\/093060\">flag\u0119 na bawe\u0142nianym banerze<\/a> za pomoc\u0105 <a href=\"https:\/\/mojebambino.pl\/3293-farby-tempery\">czerwonej i bia\u0142ej farby.\u00a0<\/a><\/li>\n<li>Ciekawym akcentem b\u0119d\u0105 tak\u017ce w\u0142asnor\u0119cznie wykonane <a href=\"https:\/\/mojebambino.pl\/prace-plastyczne-swieta-narodowe\/17367-kotyliony.html\">kotyliony<\/a>, do wykonania kt\u00f3rych potrzeba jedynie <a href=\"https:\/\/mojebambino.pl\/pomoce-dydaktyczne-do-historii\/1209-zestaw-do-robienia-kotylionow.html\">zestawu do robienia kotylion\u00f3w<\/a> oraz ta\u015bmy dwustronnej.<\/li>\n<\/ul>\n<p><img decoding=\"async\" class=\"alignnone size-full wp-image-1969\" src=\"https:\/\/mojebambino.pl\/blog\/wp-content\/uploads\/2020\/04\/wychowanie-patriotyczne-1.png\" alt=\"\" width=\"940\" height=\"788\" srcset=\"https:\/\/mojebambino.pl\/blog\/wp-content\/uploads\/2020\/04\/wychowanie-patriotyczne-1.png 940w, https:\/\/mojebambino.pl\/blog\/wp-content\/uploads\/2020\/04\/wychowanie-patriotyczne-1-300x251.png 300w, https:\/\/mojebambino.pl\/blog\/wp-content\/uploads\/2020\/04\/wychowanie-patriotyczne-1-768x644.png 768w\" sizes=\"(max-width: 940px) 100vw, 940px\" \/><\/p>\n<p>&nbsp;<\/p>\n<p>Opracowa\u0142a:<\/p>\n<p>Aleksandra Pe\u0142ka: pedagog, animator kultury<\/p>\n","protected":false},"excerpt":{"rendered":"<p>Jak obchodzi\u0107 \u015bwi\u0119ta narodowe w przedszkolu i szkole? Jak naucza\u0107 wychowania patriotycznego od najm\u0142odszych lat? W dzisiejszym artykule porusz\u0119 temat wychowania patriotycznego, podkre\u015bl\u0119 znaczenie przekazu warto\u015bci patriotycznych od najm\u0142odszych lat&#8230;<\/p>\n","protected":false},"author":4,"featured_media":1969,"comment_status":"closed","ping_status":"closed","sticky":false,"template":"","format":"standard","meta":{"footnotes":""},"categories":[19,6,15,5],"tags":[],"yoast_head":"<!-- This site is optimized with the Yoast SEO plugin v21.9.1 - https:\/\/yoast.com\/wordpress\/plugins\/seo\/ -->\n<title>\u015awi\u0119ta Narodowe w przedszkolu i szkole, zbi\u00f3r inspiracji - Blog - porady pedagogiczne<\/title>\n<meta name=\"robots\" content=\"index, follow, max-snippet:-1, max-image-preview:large, max-video-preview:-1\" \/>\n<link rel=\"canonical\" href=\"https:\/\/mojebambino.pl\/blog\/index.php\/2020\/04\/27\/swieta-narodowe-w-przedszkolu-i-szkole-zbior-inspiracji\/\" \/>\n<meta property=\"og:locale\" content=\"pl_PL\" \/>\n<meta property=\"og:type\" content=\"article\" \/>\n<meta property=\"og:title\" content=\"\u015awi\u0119ta Narodowe w przedszkolu i szkole, zbi\u00f3r inspiracji - Blog - porady pedagogiczne\" \/>\n<meta property=\"og:description\" content=\"Jak obchodzi\u0107 \u015bwi\u0119ta narodowe w przedszkolu i szkole? Jak naucza\u0107 wychowania patriotycznego od najm\u0142odszych lat? W dzisiejszym artykule porusz\u0119 temat wychowania patriotycznego, podkre\u015bl\u0119 znaczenie przekazu warto\u015bci patriotycznych od najm\u0142odszych lat...\" \/>\n<meta property=\"og:url\" content=\"https:\/\/mojebambino.pl\/blog\/index.php\/2020\/04\/27\/swieta-narodowe-w-przedszkolu-i-szkole-zbior-inspiracji\/\" \/>\n<meta property=\"og:site_name\" content=\"Blog - porady pedagogiczne\" \/>\n<meta property=\"article:published_time\" content=\"2020-04-27T13:51:23+00:00\" \/>\n<meta property=\"article:modified_time\" content=\"2024-12-11T11:19:07+00:00\" \/>\n<meta property=\"og:image\" content=\"https:\/\/mojebambino.pl\/blog\/wp-content\/uploads\/2020\/04\/wychowanie-patriotyczne-1.png\" \/>\n\t<meta property=\"og:image:width\" content=\"940\" \/>\n\t<meta property=\"og:image:height\" content=\"788\" \/>\n\t<meta property=\"og:image:type\" content=\"image\/png\" \/>\n<meta name=\"author\" content=\"Aleksandra Pe\u0142ka\" \/>\n<meta name=\"twitter:card\" content=\"summary_large_image\" \/>\n<meta name=\"twitter:label1\" content=\"Napisane przez\" \/>\n\t<meta name=\"twitter:data1\" content=\"Aleksandra Pe\u0142ka\" \/>\n\t<meta name=\"twitter:label2\" content=\"Szacowany czas czytania\" \/>\n\t<meta name=\"twitter:data2\" content=\"3 minuty\" \/>\n<script type=\"application\/ld+json\" class=\"yoast-schema-graph\">{\"@context\":\"https:\/\/schema.org\",\"@graph\":[{\"@type\":\"Article\",\"@id\":\"https:\/\/mojebambino.pl\/blog\/index.php\/2020\/04\/27\/swieta-narodowe-w-przedszkolu-i-szkole-zbior-inspiracji\/#article\",\"isPartOf\":{\"@id\":\"https:\/\/mojebambino.pl\/blog\/index.php\/2020\/04\/27\/swieta-narodowe-w-przedszkolu-i-szkole-zbior-inspiracji\/\"},\"author\":{\"name\":\"Aleksandra Pe\u0142ka\",\"@id\":\"https:\/\/mojebambino.pl\/blog\/#\/schema\/person\/bc7d7e99b4a51ea8a262f28a0bf44834\"},\"headline\":\"\u015awi\u0119ta Narodowe w przedszkolu i szkole, zbi\u00f3r inspiracji\",\"datePublished\":\"2020-04-27T13:51:23+00:00\",\"dateModified\":\"2024-12-11T11:19:07+00:00\",\"mainEntityOfPage\":{\"@id\":\"https:\/\/mojebambino.pl\/blog\/index.php\/2020\/04\/27\/swieta-narodowe-w-przedszkolu-i-szkole-zbior-inspiracji\/\"},\"wordCount\":605,\"publisher\":{\"@id\":\"https:\/\/mojebambino.pl\/blog\/#organization\"},\"articleSection\":[\"Inspiracje plastyczne\",\"\u015awietlica\",\"Szko\u0142a\",\"\u017b\u0142obek, Przedszkole\"],\"inLanguage\":\"pl-PL\"},{\"@type\":\"WebPage\",\"@id\":\"https:\/\/mojebambino.pl\/blog\/index.php\/2020\/04\/27\/swieta-narodowe-w-przedszkolu-i-szkole-zbior-inspiracji\/\",\"url\":\"https:\/\/mojebambino.pl\/blog\/index.php\/2020\/04\/27\/swieta-narodowe-w-przedszkolu-i-szkole-zbior-inspiracji\/\",\"name\":\"\u015awi\u0119ta Narodowe w przedszkolu i szkole, zbi\u00f3r inspiracji - Blog - porady pedagogiczne\",\"isPartOf\":{\"@id\":\"https:\/\/mojebambino.pl\/blog\/#website\"},\"datePublished\":\"2020-04-27T13:51:23+00:00\",\"dateModified\":\"2024-12-11T11:19:07+00:00\",\"breadcrumb\":{\"@id\":\"https:\/\/mojebambino.pl\/blog\/index.php\/2020\/04\/27\/swieta-narodowe-w-przedszkolu-i-szkole-zbior-inspiracji\/#breadcrumb\"},\"inLanguage\":\"pl-PL\",\"potentialAction\":[{\"@type\":\"ReadAction\",\"target\":[\"https:\/\/mojebambino.pl\/blog\/index.php\/2020\/04\/27\/swieta-narodowe-w-przedszkolu-i-szkole-zbior-inspiracji\/\"]}]},{\"@type\":\"BreadcrumbList\",\"@id\":\"https:\/\/mojebambino.pl\/blog\/index.php\/2020\/04\/27\/swieta-narodowe-w-przedszkolu-i-szkole-zbior-inspiracji\/#breadcrumb\",\"itemListElement\":[{\"@type\":\"ListItem\",\"position\":1,\"name\":\"Home\",\"item\":\"https:\/\/mojebambino.pl\/blog\/\"},{\"@type\":\"ListItem\",\"position\":2,\"name\":\"\u015awi\u0119ta Narodowe w przedszkolu i szkole, zbi\u00f3r inspiracji\"}]},{\"@type\":\"WebSite\",\"@id\":\"https:\/\/mojebambino.pl\/blog\/#website\",\"url\":\"https:\/\/mojebambino.pl\/blog\/\",\"name\":\"Blog - porady pedagogiczne\",\"description\":\"\",\"publisher\":{\"@id\":\"https:\/\/mojebambino.pl\/blog\/#organization\"},\"potentialAction\":[{\"@type\":\"SearchAction\",\"target\":{\"@type\":\"EntryPoint\",\"urlTemplate\":\"https:\/\/mojebambino.pl\/blog\/?s={search_term_string}\"},\"query-input\":\"required name=search_term_string\"}],\"inLanguage\":\"pl-PL\"},{\"@type\":\"Organization\",\"@id\":\"https:\/\/mojebambino.pl\/blog\/#organization\",\"name\":\"Blog - porady pedagogiczne\",\"url\":\"https:\/\/mojebambino.pl\/blog\/\",\"logo\":{\"@type\":\"ImageObject\",\"inLanguage\":\"pl-PL\",\"@id\":\"https:\/\/mojebambino.pl\/blog\/#\/schema\/logo\/image\/\",\"url\":\"https:\/\/mojebambino.pl\/blog\/wp-content\/uploads\/2024\/11\/cropped-MOJE_BAMBINO_LOGO.png\",\"contentUrl\":\"https:\/\/mojebambino.pl\/blog\/wp-content\/uploads\/2024\/11\/cropped-MOJE_BAMBINO_LOGO.png\",\"width\":248,\"height\":103,\"caption\":\"Blog - porady pedagogiczne\"},\"image\":{\"@id\":\"https:\/\/mojebambino.pl\/blog\/#\/schema\/logo\/image\/\"}},{\"@type\":\"Person\",\"@id\":\"https:\/\/mojebambino.pl\/blog\/#\/schema\/person\/bc7d7e99b4a51ea8a262f28a0bf44834\",\"name\":\"Aleksandra Pe\u0142ka\",\"image\":{\"@type\":\"ImageObject\",\"inLanguage\":\"pl-PL\",\"@id\":\"https:\/\/mojebambino.pl\/blog\/#\/schema\/person\/image\/\",\"url\":\"https:\/\/secure.gravatar.com\/avatar\/901219d8c8ad75f8a1e14c285fcbac6a?s=96&d=mm&r=g\",\"contentUrl\":\"https:\/\/secure.gravatar.com\/avatar\/901219d8c8ad75f8a1e14c285fcbac6a?s=96&d=mm&r=g\",\"caption\":\"Aleksandra Pe\u0142ka\"},\"url\":\"https:\/\/mojebambino.pl\/blog\/index.php\/author\/aleksandra\/\"}]}<\/script>\n<!-- \/ Yoast SEO plugin. -->","yoast_head_json":{"title":"\u015awi\u0119ta Narodowe w przedszkolu i szkole, zbi\u00f3r inspiracji - Blog - porady pedagogiczne","robots":{"index":"index","follow":"follow","max-snippet":"max-snippet:-1","max-image-preview":"max-image-preview:large","max-video-preview":"max-video-preview:-1"},"canonical":"https:\/\/mojebambino.pl\/blog\/index.php\/2020\/04\/27\/swieta-narodowe-w-przedszkolu-i-szkole-zbior-inspiracji\/","og_locale":"pl_PL","og_type":"article","og_title":"\u015awi\u0119ta Narodowe w przedszkolu i szkole, zbi\u00f3r inspiracji - Blog - porady pedagogiczne","og_description":"Jak obchodzi\u0107 \u015bwi\u0119ta narodowe w przedszkolu i szkole? Jak naucza\u0107 wychowania patriotycznego od najm\u0142odszych lat? W dzisiejszym artykule porusz\u0119 temat wychowania patriotycznego, podkre\u015bl\u0119 znaczenie przekazu warto\u015bci patriotycznych od najm\u0142odszych lat...","og_url":"https:\/\/mojebambino.pl\/blog\/index.php\/2020\/04\/27\/swieta-narodowe-w-przedszkolu-i-szkole-zbior-inspiracji\/","og_site_name":"Blog - porady pedagogiczne","article_published_time":"2020-04-27T13:51:23+00:00","article_modified_time":"2024-12-11T11:19:07+00:00","og_image":[{"width":940,"height":788,"url":"https:\/\/mojebambino.pl\/blog\/wp-content\/uploads\/2020\/04\/wychowanie-patriotyczne-1.png","type":"image\/png"}],"author":"Aleksandra Pe\u0142ka","twitter_card":"summary_large_image","twitter_misc":{"Napisane przez":"Aleksandra Pe\u0142ka","Szacowany czas czytania":"3 minuty"},"schema":{"@context":"https:\/\/schema.org","@graph":[{"@type":"Article","@id":"https:\/\/mojebambino.pl\/blog\/index.php\/2020\/04\/27\/swieta-narodowe-w-przedszkolu-i-szkole-zbior-inspiracji\/#article","isPartOf":{"@id":"https:\/\/mojebambino.pl\/blog\/index.php\/2020\/04\/27\/swieta-narodowe-w-przedszkolu-i-szkole-zbior-inspiracji\/"},"author":{"name":"Aleksandra Pe\u0142ka","@id":"https:\/\/mojebambino.pl\/blog\/#\/schema\/person\/bc7d7e99b4a51ea8a262f28a0bf44834"},"headline":"\u015awi\u0119ta Narodowe w przedszkolu i szkole, zbi\u00f3r inspiracji","datePublished":"2020-04-27T13:51:23+00:00","dateModified":"2024-12-11T11:19:07+00:00","mainEntityOfPage":{"@id":"https:\/\/mojebambino.pl\/blog\/index.php\/2020\/04\/27\/swieta-narodowe-w-przedszkolu-i-szkole-zbior-inspiracji\/"},"wordCount":605,"publisher":{"@id":"https:\/\/mojebambino.pl\/blog\/#organization"},"articleSection":["Inspiracje plastyczne","\u015awietlica","Szko\u0142a","\u017b\u0142obek, Przedszkole"],"inLanguage":"pl-PL"},{"@type":"WebPage","@id":"https:\/\/mojebambino.pl\/blog\/index.php\/2020\/04\/27\/swieta-narodowe-w-przedszkolu-i-szkole-zbior-inspiracji\/","url":"https:\/\/mojebambino.pl\/blog\/index.php\/2020\/04\/27\/swieta-narodowe-w-przedszkolu-i-szkole-zbior-inspiracji\/","name":"\u015awi\u0119ta Narodowe w przedszkolu i szkole, zbi\u00f3r inspiracji - Blog - porady pedagogiczne","isPartOf":{"@id":"https:\/\/mojebambino.pl\/blog\/#website"},"datePublished":"2020-04-27T13:51:23+00:00","dateModified":"2024-12-11T11:19:07+00:00","breadcrumb":{"@id":"https:\/\/mojebambino.pl\/blog\/index.php\/2020\/04\/27\/swieta-narodowe-w-przedszkolu-i-szkole-zbior-inspiracji\/#breadcrumb"},"inLanguage":"pl-PL","potentialAction":[{"@type":"ReadAction","target":["https:\/\/mojebambino.pl\/blog\/index.php\/2020\/04\/27\/swieta-narodowe-w-przedszkolu-i-szkole-zbior-inspiracji\/"]}]},{"@type":"BreadcrumbList","@id":"https:\/\/mojebambino.pl\/blog\/index.php\/2020\/04\/27\/swieta-narodowe-w-przedszkolu-i-szkole-zbior-inspiracji\/#breadcrumb","itemListElement":[{"@type":"ListItem","position":1,"name":"Home","item":"https:\/\/mojebambino.pl\/blog\/"},{"@type":"ListItem","position":2,"name":"\u015awi\u0119ta Narodowe w przedszkolu i szkole, zbi\u00f3r inspiracji"}]},{"@type":"WebSite","@id":"https:\/\/mojebambino.pl\/blog\/#website","url":"https:\/\/mojebambino.pl\/blog\/","name":"Blog - porady pedagogiczne","description":"","publisher":{"@id":"https:\/\/mojebambino.pl\/blog\/#organization"},"potentialAction":[{"@type":"SearchAction","target":{"@type":"EntryPoint","urlTemplate":"https:\/\/mojebambino.pl\/blog\/?s={search_term_string}"},"query-input":"required name=search_term_string"}],"inLanguage":"pl-PL"},{"@type":"Organization","@id":"https:\/\/mojebambino.pl\/blog\/#organization","name":"Blog - porady pedagogiczne","url":"https:\/\/mojebambino.pl\/blog\/","logo":{"@type":"ImageObject","inLanguage":"pl-PL","@id":"https:\/\/mojebambino.pl\/blog\/#\/schema\/logo\/image\/","url":"https:\/\/mojebambino.pl\/blog\/wp-content\/uploads\/2024\/11\/cropped-MOJE_BAMBINO_LOGO.png","contentUrl":"https:\/\/mojebambino.pl\/blog\/wp-content\/uploads\/2024\/11\/cropped-MOJE_BAMBINO_LOGO.png","width":248,"height":103,"caption":"Blog - porady pedagogiczne"},"image":{"@id":"https:\/\/mojebambino.pl\/blog\/#\/schema\/logo\/image\/"}},{"@type":"Person","@id":"https:\/\/mojebambino.pl\/blog\/#\/schema\/person\/bc7d7e99b4a51ea8a262f28a0bf44834","name":"Aleksandra Pe\u0142ka","image":{"@type":"ImageObject","inLanguage":"pl-PL","@id":"https:\/\/mojebambino.pl\/blog\/#\/schema\/person\/image\/","url":"https:\/\/secure.gravatar.com\/avatar\/901219d8c8ad75f8a1e14c285fcbac6a?s=96&d=mm&r=g","contentUrl":"https:\/\/secure.gravatar.com\/avatar\/901219d8c8ad75f8a1e14c285fcbac6a?s=96&d=mm&r=g","caption":"Aleksandra Pe\u0142ka"},"url":"https:\/\/mojebambino.pl\/blog\/index.php\/author\/aleksandra\/"}]}},"_links":{"self":[{"href":"https:\/\/mojebambino.pl\/blog\/index.php\/wp-json\/wp\/v2\/posts\/1966"}],"collection":[{"href":"https:\/\/mojebambino.pl\/blog\/index.php\/wp-json\/wp\/v2\/posts"}],"about":[{"href":"https:\/\/mojebambino.pl\/blog\/index.php\/wp-json\/wp\/v2\/types\/post"}],"author":[{"embeddable":true,"href":"https:\/\/mojebambino.pl\/blog\/index.php\/wp-json\/wp\/v2\/users\/4"}],"replies":[{"embeddable":true,"href":"https:\/\/mojebambino.pl\/blog\/index.php\/wp-json\/wp\/v2\/comments?post=1966"}],"version-history":[{"count":12,"href":"https:\/\/mojebambino.pl\/blog\/index.php\/wp-json\/wp\/v2\/posts\/1966\/revisions"}],"predecessor-version":[{"id":5857,"href":"https:\/\/mojebambino.pl\/blog\/index.php\/wp-json\/wp\/v2\/posts\/1966\/revisions\/5857"}],"wp:featuredmedia":[{"embeddable":true,"href":"https:\/\/mojebambino.pl\/blog\/index.php\/wp-json\/wp\/v2\/media\/1969"}],"wp:attachment":[{"href":"https:\/\/mojebambino.pl\/blog\/index.php\/wp-json\/wp\/v2\/media?parent=1966"}],"wp:term":[{"taxonomy":"category","embeddable":true,"href":"https:\/\/mojebambino.pl\/blog\/index.php\/wp-json\/wp\/v2\/categories?post=1966"},{"taxonomy":"post_tag","embeddable":true,"href":"https:\/\/mojebambino.pl\/blog\/index.php\/wp-json\/wp\/v2\/tags?post=1966"}],"curies":[{"name":"wp","href":"https:\/\/api.w.org\/{rel}","templated":true}]}}