{"id":1871,"date":"2020-03-27T08:42:58","date_gmt":"2020-03-27T07:42:58","guid":{"rendered":"https:\/\/mojebambino.pl\/blog\/?p=1871"},"modified":"2024-12-11T14:45:54","modified_gmt":"2024-12-11T13:45:54","slug":"cykl-porad-jak-rozmawiac-zrodzicem-o-koronawirusie","status":"publish","type":"post","link":"https:\/\/mojebambino.pl\/blog\/index.php\/2020\/03\/27\/cykl-porad-jak-rozmawiac-zrodzicem-o-koronawirusie\/","title":{"rendered":"Cykl porad &#8211; jak rozmawia\u0107 z rodzicem o koronawirusie"},"content":{"rendered":"<h1>Nie tylko dzieci martwi\u0105 si\u0119 sytuacj\u0105 zwi\u0105zan\u0105 z epidemi\u0105 koronawirusa.<\/h1>\n<h1>Zach\u0119camy do obejrzenia cyklu filmik\u00f3w, przygotowanych przez Psychologa klinicznego Pani\u0105 Agnieszk\u0119 Wrzesiak, w kt\u00f3rych ekspertka radzi jak mo\u017cna wspiera\u0107 starszych rodzic\u00f3w.<\/h1>\n<p>&nbsp;<\/p>\n<p>Materia\u0142y wideo nawi\u0105zuj\u0105 do aktualnej sytuacji zwi\u0105zanej z epidemi\u0105 koronawirusa. Ekspertka podpowiada jak zrozumie\u0107 i wspiera\u0107 SENIOR\u00d3W, pomaga\u0107 im w radzeniu sobie z obawami i trudami kwarantanny.<\/p>\n<p>Zach\u0119camy do obejrzenia i wprowadzenia w \u017cycie cyklu porad &#8222;Jak rozmawia\u0107 o koronawirusie z Naszymi Rodzicami &#8211; Seniorami&#8221;<\/p>\n<p><strong>CZ. 1<\/strong><\/p>\n<p><a href=\"https:\/\/soapbox.wistia.com\/videos\/NKOYdynPoo?fbclid=IwAR2LhsPPlF5oAlE6qU4yh9pSOgZOGwyUVO30dWymgGoYOF5q2Jdcp5OTK-A\" target=\"_blank\" rel=\"noopener nofollow\" ft=\"{&quot;tn&quot;:&quot;-U&quot;}\" mode=\"async\" uri=\"https:\/\/l.facebook.com\/l.php?u=https%3A%2F%2Fsoapbox.wistia.com%2Fvideos%2FNKOYdynPoo%3Ffbclid%3DIwAR2LhsPPlF5oAlE6qU4yh9pSOgZOGwyUVO30dWymgGoYOF5q2Jdcp5OTK-A&amp;h=AT0K9i91VN7Nq4RhOyW6b5hlbHWPPjxmTatxYGh6RMOHcUvWS4sKnMkBvBq9Gvn7tUV2m0ys2-SBY4KeQsSwB4Uehiiwvlw-Rfvuf5RnQ3wLGf-fY33vLVdnCtPPhJVdGQjAGNkzX9c5WTshwf3mCjQVsNxcQGFyF7MvGBN53diIJM0DLKd414RvC6Me0-V21I4yJCJ3wpadWvaaJR-BAW7-JThMyVX3fIrUNUMuayjZnwvWjg73Rx4sSCiaWtrHJfjHq6_vNs5XmBoRums3yiNmZ7kdEYHCO21fYYzSUv4mUorSueoNzpiJPGXGjxXVRTNt2L8PV20artd8nuNiOBlINjuuk43E4G1RN6h9_1dzgX4kwx6MmjYpC4hNMREXwAgQazJBSk_xHTZepR1FTtmJnQiWAIGPRCmTbJPp7Zp6pKY38XTLozSQkFcdx0YnTPnjCxS-xPsMO-HJR2QqR7EpQTgGVVqVoItxvnnxh7BH7vPzmtRuGvxZ73thHCH2GjnlHb1KQxzj0fwuPjnkcG4Riw1EoUqUFo2PjBINzp9MLP-jZMKm6aSv-DaLOuT1-LvBGZMyjk_SYDvq__xfDgwNyHv67xCpzs19tRYeqMhCq3klPu2BOUldYjTxlrbiy9TtYw\" class=\"broken_link\">https:\/\/soapbox.wistia.com\/videos\/NKOYdynPoo<\/a><\/p>\n<p><strong><a style=\"background-attachment: scroll; background-clip: border-box; background-color: #bfe6ff; background-image: none; background-origin: padding-box; background-position-x: 0%; background-position-y: 0%; background-repeat: repeat; background-size: auto; border-bottom-left-radius: 2px; border-bottom-right-radius: 2px; border-image-outset: 0; border-image-repeat: stretch; border-image-slice: 100%; border-image-source: none; border-image-width: 1; border-top-left-radius: 2px; border-top-right-radius: 2px; box-shadow: 0px 0px 0px 1px #bfe6ff; color: #439f55; font-family: inherit; font-size: 100%; font-style: inherit; font-variant: normal; font-weight: inherit; letter-spacing: normal; orphans: 2; outline-color: invert; outline-style: none; outline-width: 0px; text-align: left; text-decoration: none; text-indent: 0px; text-transform: none; vertical-align: baseline; -webkit-text-stroke-width: 0px; white-space: normal; word-spacing: 0px; padding: 0px 2px 0px 2px; margin: 0px -2px 0px -2px; border: 0px none currentColor;\" href=\"https:\/\/soapbox.wistia.com\/videos\/3dFJLu0PsQ?fbclid=IwAR1UiMcGwxbucr-IY0YY8Ng7X8EQRgX9mSOdj2irRU8soAHzhk_SQ390RrU\" target=\"_blank\" rel=\"noopener nofollow\" ft=\"{&quot;tn&quot;:&quot;-U&quot;}\" mode=\"async\" uri=\"https:\/\/l.facebook.com\/l.php?u=https%3A%2F%2Fsoapbox.wistia.com%2Fvideos%2F3dFJLu0PsQ%3Ffbclid%3DIwAR1UiMcGwxbucr-IY0YY8Ng7X8EQRgX9mSOdj2irRU8soAHzhk_SQ390RrU&amp;h=AT3m0T-b9q4sp7FIJ-ED1TZZby2A7Jq-y_4LTWzZTgZKjMBAFKNR_JkpBGixztRqLd1x6JlEUizEO6VEk1PlsPHJsY3YDTkh24luH_169qne1cH2LwdFnvDtlTeR3ScLMX_UcCqlg90lO07GDm0tKTgMjARNNZxHlKIRpgsVHBvkEOxk1Lw0Q_FeQ47gkqtBJhIwlI__rdLmG4Ssy8io6P6v3orGxkt12Llvy24b0yubiFgYmoFA_tCsK5pKYM0svHIYMJBHxTOuySsHkMqwp_48vuDQ9zT3o6r8G0hLq4jczjDMRxV52qnXkg7Iw-GQUISGZYc1CcLTyU8vzxfWV9mNUA-H22zi-iT1O0Rv1DMjFsMNDehTIi_stOpU5mxbNf83_Y4wQ7Za0w7UMVY3K7AXG0OCCKT3Em5QM_ENDTJCTCBNguF0ysB1MumXvWOAJgmS9T6-WFuwsXdYf4GWrMX8KWTOzZFmbQqggJSn3vKxGQB0ht4WbVTrlxQn4mMyjo5CPsP37ocoiQYZjyM6zoCzLtoBwV-bAnNZnFSs_1adG-yYi4auw7XSi-alIljLWBWHZE0tCMZ3gQL4OyDtzAaQbpqZcp6OWrIQzZfKRRL9hp-MnnUJ55xpcjlpnh2Wf2HVSw\" class=\"broken_link\"><img fetchpriority=\"high\" decoding=\"async\" class=\"alignnone size-full wp-image-1874\" style=\"border-image-outset: 0; border-image-repeat: stretch; border-image-slice: 100%; border-image-source: none; border-image-width: 1; color: #1d1d1d; font-family: Helvetica,sans-serif; font-size: 14px; font-style: normal; font-variant: normal; font-weight: 400; height: auto; letter-spacing: normal; max-width: 100%; orphans: 2; outline-color: #72777c; outline-style: solid; outline-width: 1px; text-align: left; text-decoration: none; text-indent: 0px; text-transform: none; vertical-align: top; -webkit-text-stroke-width: 0px; white-space: normal; word-spacing: 0px; border: 0px none currentColor;\" src=\"https:\/\/mojebambino.pl\/blog\/wp-content\/uploads\/2020\/03\/Ekspert-radzi_-Mamo-tato-zosta\u0144-w-domu..png\" alt=\"\" width=\"1080\" height=\"1080\" srcset=\"https:\/\/mojebambino.pl\/blog\/wp-content\/uploads\/2020\/03\/Ekspert-radzi_-Mamo-tato-zosta\u0144-w-domu..png 1080w, https:\/\/mojebambino.pl\/blog\/wp-content\/uploads\/2020\/03\/Ekspert-radzi_-Mamo-tato-zosta\u0144-w-domu.-150x150.png 150w, https:\/\/mojebambino.pl\/blog\/wp-content\/uploads\/2020\/03\/Ekspert-radzi_-Mamo-tato-zosta\u0144-w-domu.-300x300.png 300w, https:\/\/mojebambino.pl\/blog\/wp-content\/uploads\/2020\/03\/Ekspert-radzi_-Mamo-tato-zosta\u0144-w-domu.-768x768.png 768w, https:\/\/mojebambino.pl\/blog\/wp-content\/uploads\/2020\/03\/Ekspert-radzi_-Mamo-tato-zosta\u0144-w-domu.-1024x1024.png 1024w, https:\/\/mojebambino.pl\/blog\/wp-content\/uploads\/2020\/03\/Ekspert-radzi_-Mamo-tato-zosta\u0144-w-domu.-230x230.png 230w\" sizes=\"(max-width: 1080px) 100vw, 1080px\" \/><\/a><\/strong><\/p>\n<div class=\"text_exposed_show\">\n<p><strong>CZ. 2<\/strong><\/p>\n<p><a href=\"https:\/\/soapbox.wistia.com\/videos\/3dFJLu0PsQ?fbclid=IwAR1UiMcGwxbucr-IY0YY8Ng7X8EQRgX9mSOdj2irRU8soAHzhk_SQ390RrU\" target=\"_blank\" rel=\"noopener nofollow\" ft=\"{&quot;tn&quot;:&quot;-U&quot;}\" mode=\"async\" uri=\"https:\/\/l.facebook.com\/l.php?u=https%3A%2F%2Fsoapbox.wistia.com%2Fvideos%2F3dFJLu0PsQ%3Ffbclid%3DIwAR1UiMcGwxbucr-IY0YY8Ng7X8EQRgX9mSOdj2irRU8soAHzhk_SQ390RrU&amp;h=AT3m0T-b9q4sp7FIJ-ED1TZZby2A7Jq-y_4LTWzZTgZKjMBAFKNR_JkpBGixztRqLd1x6JlEUizEO6VEk1PlsPHJsY3YDTkh24luH_169qne1cH2LwdFnvDtlTeR3ScLMX_UcCqlg90lO07GDm0tKTgMjARNNZxHlKIRpgsVHBvkEOxk1Lw0Q_FeQ47gkqtBJhIwlI__rdLmG4Ssy8io6P6v3orGxkt12Llvy24b0yubiFgYmoFA_tCsK5pKYM0svHIYMJBHxTOuySsHkMqwp_48vuDQ9zT3o6r8G0hLq4jczjDMRxV52qnXkg7Iw-GQUISGZYc1CcLTyU8vzxfWV9mNUA-H22zi-iT1O0Rv1DMjFsMNDehTIi_stOpU5mxbNf83_Y4wQ7Za0w7UMVY3K7AXG0OCCKT3Em5QM_ENDTJCTCBNguF0ysB1MumXvWOAJgmS9T6-WFuwsXdYf4GWrMX8KWTOzZFmbQqggJSn3vKxGQB0ht4WbVTrlxQn4mMyjo5CPsP37ocoiQYZjyM6zoCzLtoBwV-bAnNZnFSs_1adG-yYi4auw7XSi-alIljLWBWHZE0tCMZ3gQL4OyDtzAaQbpqZcp6OWrIQzZfKRRL9hp-MnnUJ55xpcjlpnh2Wf2HVSw\" class=\"broken_link\">https:\/\/soapbox.wistia.com\/videos\/3dFJLu0PsQ\u00a0<\/a><\/p>\n<p><b>CZ. 3<\/b><i><\/i><u><\/u><\/p>\n<p>Kolejna cz\u0119\u015b\u0107 prezentacji &#8222;Mamo Tato Zosta\u0144 w domu! &#8221; czyli jak rozmawia\u0107 z seniorami &#8211; wzbogacona o praktyczne wskaz\u00f3wki. <a href=\"https:\/\/soapbox.wistia.com\/videos\/xkav2J2R7E?fbclid=IwAR2zvE8eVs--Mg966_nOOw-xD8ev6PUnpvDCmK67vt4REql8JlR6QdLFTds\" class=\"broken_link\">https:\/\/soapbox.wistia.com\/videos\/xkav2J2R7E<\/a><\/p>\n<p><strong>CZ. 4<\/strong><\/p>\n<p>Ostatnia cz\u0119\u015b\u0107 serii prezentacji jak rozmawia\u0107 z Seniorami o epidemii. <a href=\"https:\/\/soapbox.wistia.com\/videos\/2HFxZ3zcIV?fbclid=IwAR0soyGInGJeFv29ydEZf1ksrAJp4GRJi7PE79B_2bXyapNHY2p3BAr609I\" class=\"broken_link\">https:\/\/soapbox.wistia.com\/videos\/2HFxZ3zcIV<\/a><\/p>\n<p><b>\u00a0<\/b><img decoding=\"async\" class=\"alignnone size-full wp-image-1873\" style=\"color: #1d1d1d; font-family: Helvetica,sans-serif; font-size: 14px; font-style: normal; font-variant: normal; font-weight: 400; height: auto; letter-spacing: normal; max-width: 100%; orphans: 2; outline-color: #72777c; outline-style: solid; outline-width: 1px; text-align: left; text-decoration: none; text-indent: 0px; text-transform: none; vertical-align: top; -webkit-text-stroke-width: 0px; white-space: normal; word-spacing: 0px;\" src=\"https:\/\/mojebambino.pl\/blog\/wp-content\/uploads\/2020\/03\/3.png\" alt=\"\" width=\"1080\" height=\"1080\" srcset=\"https:\/\/mojebambino.pl\/blog\/wp-content\/uploads\/2020\/03\/3.png 1080w, https:\/\/mojebambino.pl\/blog\/wp-content\/uploads\/2020\/03\/3-150x150.png 150w, https:\/\/mojebambino.pl\/blog\/wp-content\/uploads\/2020\/03\/3-300x300.png 300w, https:\/\/mojebambino.pl\/blog\/wp-content\/uploads\/2020\/03\/3-768x768.png 768w, https:\/\/mojebambino.pl\/blog\/wp-content\/uploads\/2020\/03\/3-1024x1024.png 1024w, https:\/\/mojebambino.pl\/blog\/wp-content\/uploads\/2020\/03\/3-230x230.png 230w\" sizes=\"(max-width: 1080px) 100vw, 1080px\" \/><\/p>\n<p>&nbsp;<\/p>\n<\/div>\n","protected":false},"excerpt":{"rendered":"<p>Nie tylko dzieci martwi\u0105 si\u0119 sytuacj\u0105 zwi\u0105zan\u0105 z epidemi\u0105 koronawirusa. Zach\u0119camy do obejrzenia cyklu filmik\u00f3w, przygotowanych przez Psychologa klinicznego Pani\u0105 Agnieszk\u0119 Wrzesiak, w kt\u00f3rych ekspertka radzi jak mo\u017cna wspiera\u0107 starszych&#8230;<\/p>\n","protected":false},"author":4,"featured_media":6939,"comment_status":"closed","ping_status":"closed","sticky":false,"template":"","format":"standard","meta":{"footnotes":""},"categories":[12,10],"tags":[],"yoast_head":"<!-- This site is optimized with the Yoast SEO plugin v21.9.1 - https:\/\/yoast.com\/wordpress\/plugins\/seo\/ -->\n<title>Cykl porad - jak rozmawia\u0107 z rodzicem o koronawirusie - Blog - porady pedagogiczne<\/title>\n<meta name=\"robots\" content=\"index, follow, max-snippet:-1, max-image-preview:large, max-video-preview:-1\" \/>\n<link rel=\"canonical\" href=\"https:\/\/mojebambino.pl\/blog\/index.php\/2020\/03\/27\/cykl-porad-jak-rozmawiac-zrodzicem-o-koronawirusie\/\" \/>\n<meta property=\"og:locale\" content=\"pl_PL\" \/>\n<meta property=\"og:type\" content=\"article\" \/>\n<meta property=\"og:title\" content=\"Cykl porad - jak rozmawia\u0107 z rodzicem o koronawirusie - Blog - porady pedagogiczne\" \/>\n<meta property=\"og:description\" content=\"Nie tylko dzieci martwi\u0105 si\u0119 sytuacj\u0105 zwi\u0105zan\u0105 z epidemi\u0105 koronawirusa. Zach\u0119camy do obejrzenia cyklu filmik\u00f3w, przygotowanych przez Psychologa klinicznego Pani\u0105 Agnieszk\u0119 Wrzesiak, w kt\u00f3rych ekspertka radzi jak mo\u017cna wspiera\u0107 starszych...\" \/>\n<meta property=\"og:url\" content=\"https:\/\/mojebambino.pl\/blog\/index.php\/2020\/03\/27\/cykl-porad-jak-rozmawiac-zrodzicem-o-koronawirusie\/\" \/>\n<meta property=\"og:site_name\" content=\"Blog - porady pedagogiczne\" \/>\n<meta property=\"article:published_time\" content=\"2020-03-27T07:42:58+00:00\" \/>\n<meta property=\"article:modified_time\" content=\"2024-12-11T13:45:54+00:00\" \/>\n<meta property=\"og:image\" content=\"https:\/\/mojebambino.pl\/blog\/wp-content\/uploads\/2020\/03\/451025_e_16-e1733924684246.jpg\" \/>\n\t<meta property=\"og:image:width\" content=\"1000\" \/>\n\t<meta property=\"og:image:height\" content=\"643\" \/>\n\t<meta property=\"og:image:type\" content=\"image\/jpeg\" \/>\n<meta name=\"author\" content=\"Aleksandra Pe\u0142ka\" \/>\n<meta name=\"twitter:card\" content=\"summary_large_image\" \/>\n<meta name=\"twitter:label1\" content=\"Napisane przez\" \/>\n\t<meta name=\"twitter:data1\" content=\"Aleksandra Pe\u0142ka\" \/>\n\t<meta name=\"twitter:label2\" content=\"Szacowany czas czytania\" \/>\n\t<meta name=\"twitter:data2\" content=\"1 minuta\" \/>\n<script type=\"application\/ld+json\" class=\"yoast-schema-graph\">{\"@context\":\"https:\/\/schema.org\",\"@graph\":[{\"@type\":\"Article\",\"@id\":\"https:\/\/mojebambino.pl\/blog\/index.php\/2020\/03\/27\/cykl-porad-jak-rozmawiac-zrodzicem-o-koronawirusie\/#article\",\"isPartOf\":{\"@id\":\"https:\/\/mojebambino.pl\/blog\/index.php\/2020\/03\/27\/cykl-porad-jak-rozmawiac-zrodzicem-o-koronawirusie\/\"},\"author\":{\"name\":\"Aleksandra Pe\u0142ka\",\"@id\":\"https:\/\/mojebambino.pl\/blog\/#\/schema\/person\/bc7d7e99b4a51ea8a262f28a0bf44834\"},\"headline\":\"Cykl porad &#8211; jak rozmawia\u0107 z rodzicem o koronawirusie\",\"datePublished\":\"2020-03-27T07:42:58+00:00\",\"dateModified\":\"2024-12-11T13:45:54+00:00\",\"mainEntityOfPage\":{\"@id\":\"https:\/\/mojebambino.pl\/blog\/index.php\/2020\/03\/27\/cykl-porad-jak-rozmawiac-zrodzicem-o-koronawirusie\/\"},\"wordCount\":160,\"publisher\":{\"@id\":\"https:\/\/mojebambino.pl\/blog\/#organization\"},\"articleSection\":[\"Dla rodzic\u00f3w\",\"Porady eksperckie\"],\"inLanguage\":\"pl-PL\"},{\"@type\":\"WebPage\",\"@id\":\"https:\/\/mojebambino.pl\/blog\/index.php\/2020\/03\/27\/cykl-porad-jak-rozmawiac-zrodzicem-o-koronawirusie\/\",\"url\":\"https:\/\/mojebambino.pl\/blog\/index.php\/2020\/03\/27\/cykl-porad-jak-rozmawiac-zrodzicem-o-koronawirusie\/\",\"name\":\"Cykl porad - jak rozmawia\u0107 z rodzicem o koronawirusie - Blog - porady pedagogiczne\",\"isPartOf\":{\"@id\":\"https:\/\/mojebambino.pl\/blog\/#website\"},\"datePublished\":\"2020-03-27T07:42:58+00:00\",\"dateModified\":\"2024-12-11T13:45:54+00:00\",\"breadcrumb\":{\"@id\":\"https:\/\/mojebambino.pl\/blog\/index.php\/2020\/03\/27\/cykl-porad-jak-rozmawiac-zrodzicem-o-koronawirusie\/#breadcrumb\"},\"inLanguage\":\"pl-PL\",\"potentialAction\":[{\"@type\":\"ReadAction\",\"target\":[\"https:\/\/mojebambino.pl\/blog\/index.php\/2020\/03\/27\/cykl-porad-jak-rozmawiac-zrodzicem-o-koronawirusie\/\"]}]},{\"@type\":\"BreadcrumbList\",\"@id\":\"https:\/\/mojebambino.pl\/blog\/index.php\/2020\/03\/27\/cykl-porad-jak-rozmawiac-zrodzicem-o-koronawirusie\/#breadcrumb\",\"itemListElement\":[{\"@type\":\"ListItem\",\"position\":1,\"name\":\"Home\",\"item\":\"https:\/\/mojebambino.pl\/blog\/\"},{\"@type\":\"ListItem\",\"position\":2,\"name\":\"Cykl porad &#8211; jak rozmawia\u0107 z rodzicem o koronawirusie\"}]},{\"@type\":\"WebSite\",\"@id\":\"https:\/\/mojebambino.pl\/blog\/#website\",\"url\":\"https:\/\/mojebambino.pl\/blog\/\",\"name\":\"Blog - porady pedagogiczne\",\"description\":\"\",\"publisher\":{\"@id\":\"https:\/\/mojebambino.pl\/blog\/#organization\"},\"potentialAction\":[{\"@type\":\"SearchAction\",\"target\":{\"@type\":\"EntryPoint\",\"urlTemplate\":\"https:\/\/mojebambino.pl\/blog\/?s={search_term_string}\"},\"query-input\":\"required name=search_term_string\"}],\"inLanguage\":\"pl-PL\"},{\"@type\":\"Organization\",\"@id\":\"https:\/\/mojebambino.pl\/blog\/#organization\",\"name\":\"Blog - porady pedagogiczne\",\"url\":\"https:\/\/mojebambino.pl\/blog\/\",\"logo\":{\"@type\":\"ImageObject\",\"inLanguage\":\"pl-PL\",\"@id\":\"https:\/\/mojebambino.pl\/blog\/#\/schema\/logo\/image\/\",\"url\":\"https:\/\/mojebambino.pl\/blog\/wp-content\/uploads\/2024\/11\/cropped-MOJE_BAMBINO_LOGO.png\",\"contentUrl\":\"https:\/\/mojebambino.pl\/blog\/wp-content\/uploads\/2024\/11\/cropped-MOJE_BAMBINO_LOGO.png\",\"width\":248,\"height\":103,\"caption\":\"Blog - porady pedagogiczne\"},\"image\":{\"@id\":\"https:\/\/mojebambino.pl\/blog\/#\/schema\/logo\/image\/\"}},{\"@type\":\"Person\",\"@id\":\"https:\/\/mojebambino.pl\/blog\/#\/schema\/person\/bc7d7e99b4a51ea8a262f28a0bf44834\",\"name\":\"Aleksandra Pe\u0142ka\",\"image\":{\"@type\":\"ImageObject\",\"inLanguage\":\"pl-PL\",\"@id\":\"https:\/\/mojebambino.pl\/blog\/#\/schema\/person\/image\/\",\"url\":\"https:\/\/secure.gravatar.com\/avatar\/901219d8c8ad75f8a1e14c285fcbac6a?s=96&d=mm&r=g\",\"contentUrl\":\"https:\/\/secure.gravatar.com\/avatar\/901219d8c8ad75f8a1e14c285fcbac6a?s=96&d=mm&r=g\",\"caption\":\"Aleksandra Pe\u0142ka\"},\"url\":\"https:\/\/mojebambino.pl\/blog\/index.php\/author\/aleksandra\/\"}]}<\/script>\n<!-- \/ Yoast SEO plugin. -->","yoast_head_json":{"title":"Cykl porad - jak rozmawia\u0107 z rodzicem o koronawirusie - Blog - porady pedagogiczne","robots":{"index":"index","follow":"follow","max-snippet":"max-snippet:-1","max-image-preview":"max-image-preview:large","max-video-preview":"max-video-preview:-1"},"canonical":"https:\/\/mojebambino.pl\/blog\/index.php\/2020\/03\/27\/cykl-porad-jak-rozmawiac-zrodzicem-o-koronawirusie\/","og_locale":"pl_PL","og_type":"article","og_title":"Cykl porad - jak rozmawia\u0107 z rodzicem o koronawirusie - Blog - porady pedagogiczne","og_description":"Nie tylko dzieci martwi\u0105 si\u0119 sytuacj\u0105 zwi\u0105zan\u0105 z epidemi\u0105 koronawirusa. Zach\u0119camy do obejrzenia cyklu filmik\u00f3w, przygotowanych przez Psychologa klinicznego Pani\u0105 Agnieszk\u0119 Wrzesiak, w kt\u00f3rych ekspertka radzi jak mo\u017cna wspiera\u0107 starszych...","og_url":"https:\/\/mojebambino.pl\/blog\/index.php\/2020\/03\/27\/cykl-porad-jak-rozmawiac-zrodzicem-o-koronawirusie\/","og_site_name":"Blog - porady pedagogiczne","article_published_time":"2020-03-27T07:42:58+00:00","article_modified_time":"2024-12-11T13:45:54+00:00","og_image":[{"width":1000,"height":643,"url":"https:\/\/mojebambino.pl\/blog\/wp-content\/uploads\/2020\/03\/451025_e_16-e1733924684246.jpg","type":"image\/jpeg"}],"author":"Aleksandra Pe\u0142ka","twitter_card":"summary_large_image","twitter_misc":{"Napisane przez":"Aleksandra Pe\u0142ka","Szacowany czas czytania":"1 minuta"},"schema":{"@context":"https:\/\/schema.org","@graph":[{"@type":"Article","@id":"https:\/\/mojebambino.pl\/blog\/index.php\/2020\/03\/27\/cykl-porad-jak-rozmawiac-zrodzicem-o-koronawirusie\/#article","isPartOf":{"@id":"https:\/\/mojebambino.pl\/blog\/index.php\/2020\/03\/27\/cykl-porad-jak-rozmawiac-zrodzicem-o-koronawirusie\/"},"author":{"name":"Aleksandra Pe\u0142ka","@id":"https:\/\/mojebambino.pl\/blog\/#\/schema\/person\/bc7d7e99b4a51ea8a262f28a0bf44834"},"headline":"Cykl porad &#8211; jak rozmawia\u0107 z rodzicem o koronawirusie","datePublished":"2020-03-27T07:42:58+00:00","dateModified":"2024-12-11T13:45:54+00:00","mainEntityOfPage":{"@id":"https:\/\/mojebambino.pl\/blog\/index.php\/2020\/03\/27\/cykl-porad-jak-rozmawiac-zrodzicem-o-koronawirusie\/"},"wordCount":160,"publisher":{"@id":"https:\/\/mojebambino.pl\/blog\/#organization"},"articleSection":["Dla rodzic\u00f3w","Porady eksperckie"],"inLanguage":"pl-PL"},{"@type":"WebPage","@id":"https:\/\/mojebambino.pl\/blog\/index.php\/2020\/03\/27\/cykl-porad-jak-rozmawiac-zrodzicem-o-koronawirusie\/","url":"https:\/\/mojebambino.pl\/blog\/index.php\/2020\/03\/27\/cykl-porad-jak-rozmawiac-zrodzicem-o-koronawirusie\/","name":"Cykl porad - jak rozmawia\u0107 z rodzicem o koronawirusie - Blog - porady pedagogiczne","isPartOf":{"@id":"https:\/\/mojebambino.pl\/blog\/#website"},"datePublished":"2020-03-27T07:42:58+00:00","dateModified":"2024-12-11T13:45:54+00:00","breadcrumb":{"@id":"https:\/\/mojebambino.pl\/blog\/index.php\/2020\/03\/27\/cykl-porad-jak-rozmawiac-zrodzicem-o-koronawirusie\/#breadcrumb"},"inLanguage":"pl-PL","potentialAction":[{"@type":"ReadAction","target":["https:\/\/mojebambino.pl\/blog\/index.php\/2020\/03\/27\/cykl-porad-jak-rozmawiac-zrodzicem-o-koronawirusie\/"]}]},{"@type":"BreadcrumbList","@id":"https:\/\/mojebambino.pl\/blog\/index.php\/2020\/03\/27\/cykl-porad-jak-rozmawiac-zrodzicem-o-koronawirusie\/#breadcrumb","itemListElement":[{"@type":"ListItem","position":1,"name":"Home","item":"https:\/\/mojebambino.pl\/blog\/"},{"@type":"ListItem","position":2,"name":"Cykl porad &#8211; jak rozmawia\u0107 z rodzicem o koronawirusie"}]},{"@type":"WebSite","@id":"https:\/\/mojebambino.pl\/blog\/#website","url":"https:\/\/mojebambino.pl\/blog\/","name":"Blog - porady pedagogiczne","description":"","publisher":{"@id":"https:\/\/mojebambino.pl\/blog\/#organization"},"potentialAction":[{"@type":"SearchAction","target":{"@type":"EntryPoint","urlTemplate":"https:\/\/mojebambino.pl\/blog\/?s={search_term_string}"},"query-input":"required name=search_term_string"}],"inLanguage":"pl-PL"},{"@type":"Organization","@id":"https:\/\/mojebambino.pl\/blog\/#organization","name":"Blog - porady pedagogiczne","url":"https:\/\/mojebambino.pl\/blog\/","logo":{"@type":"ImageObject","inLanguage":"pl-PL","@id":"https:\/\/mojebambino.pl\/blog\/#\/schema\/logo\/image\/","url":"https:\/\/mojebambino.pl\/blog\/wp-content\/uploads\/2024\/11\/cropped-MOJE_BAMBINO_LOGO.png","contentUrl":"https:\/\/mojebambino.pl\/blog\/wp-content\/uploads\/2024\/11\/cropped-MOJE_BAMBINO_LOGO.png","width":248,"height":103,"caption":"Blog - porady pedagogiczne"},"image":{"@id":"https:\/\/mojebambino.pl\/blog\/#\/schema\/logo\/image\/"}},{"@type":"Person","@id":"https:\/\/mojebambino.pl\/blog\/#\/schema\/person\/bc7d7e99b4a51ea8a262f28a0bf44834","name":"Aleksandra Pe\u0142ka","image":{"@type":"ImageObject","inLanguage":"pl-PL","@id":"https:\/\/mojebambino.pl\/blog\/#\/schema\/person\/image\/","url":"https:\/\/secure.gravatar.com\/avatar\/901219d8c8ad75f8a1e14c285fcbac6a?s=96&d=mm&r=g","contentUrl":"https:\/\/secure.gravatar.com\/avatar\/901219d8c8ad75f8a1e14c285fcbac6a?s=96&d=mm&r=g","caption":"Aleksandra Pe\u0142ka"},"url":"https:\/\/mojebambino.pl\/blog\/index.php\/author\/aleksandra\/"}]}},"_links":{"self":[{"href":"https:\/\/mojebambino.pl\/blog\/index.php\/wp-json\/wp\/v2\/posts\/1871"}],"collection":[{"href":"https:\/\/mojebambino.pl\/blog\/index.php\/wp-json\/wp\/v2\/posts"}],"about":[{"href":"https:\/\/mojebambino.pl\/blog\/index.php\/wp-json\/wp\/v2\/types\/post"}],"author":[{"embeddable":true,"href":"https:\/\/mojebambino.pl\/blog\/index.php\/wp-json\/wp\/v2\/users\/4"}],"replies":[{"embeddable":true,"href":"https:\/\/mojebambino.pl\/blog\/index.php\/wp-json\/wp\/v2\/comments?post=1871"}],"version-history":[{"count":5,"href":"https:\/\/mojebambino.pl\/blog\/index.php\/wp-json\/wp\/v2\/posts\/1871\/revisions"}],"predecessor-version":[{"id":5876,"href":"https:\/\/mojebambino.pl\/blog\/index.php\/wp-json\/wp\/v2\/posts\/1871\/revisions\/5876"}],"wp:featuredmedia":[{"embeddable":true,"href":"https:\/\/mojebambino.pl\/blog\/index.php\/wp-json\/wp\/v2\/media\/6939"}],"wp:attachment":[{"href":"https:\/\/mojebambino.pl\/blog\/index.php\/wp-json\/wp\/v2\/media?parent=1871"}],"wp:term":[{"taxonomy":"category","embeddable":true,"href":"https:\/\/mojebambino.pl\/blog\/index.php\/wp-json\/wp\/v2\/categories?post=1871"},{"taxonomy":"post_tag","embeddable":true,"href":"https:\/\/mojebambino.pl\/blog\/index.php\/wp-json\/wp\/v2\/tags?post=1871"}],"curies":[{"name":"wp","href":"https:\/\/api.w.org\/{rel}","templated":true}]}}