{"id":1700,"date":"2020-01-23T14:33:15","date_gmt":"2020-01-23T13:33:15","guid":{"rendered":"https:\/\/mojebambino.pl\/blog\/?p=1700"},"modified":"2024-12-11T11:43:06","modified_gmt":"2024-12-11T10:43:06","slug":"walentynki-w-przedszkolu-i-szkole","status":"publish","type":"post","link":"https:\/\/mojebambino.pl\/blog\/index.php\/2020\/01\/23\/walentynki-w-przedszkolu-i-szkole\/","title":{"rendered":"Walentynki w przedszkolu i szkole"},"content":{"rendered":"<h1>\u015awi\u0119to zakochanych zajmuje bardzo wa\u017cne miejsce w kalendarzu uroczysto\u015bci szkolnych i przedszkolnych. Walentynki to wyj\u0105tkowy dzie\u0144, kt\u00f3ry \u015bwi\u0119towany jest nie tylko przez doros\u0142ych, ale r\u00f3wnie\u017c dzieci.<\/h1>\n<p>Dla najm\u0142odszych stanowi symbol przyja\u017ani, relacji mi\u0119dzyludzkich i rado\u015bci wsp\u00f3lnego przebywania. Dzie\u0144 \u015awi\u0119tego Walentego poprzedzaj\u0105 liczne przygotowania, podczas kt\u00f3rych Nauczyciele i Uczniowie z pe\u0142nym zaanga\u017cowaniem dbaj\u0105 o stworzenie wyj\u0105tkowego klimatu w plac\u00f3wce.<\/p>\n<p>W zorganizowaniu atmosfery pe\u0142nej mi\u0142o\u015bci i przyja\u017ani pomocne mo\u017ce okaza\u0107 si\u0119 zaplanowanie wsp\u00f3lnego akcentu kolorystycznego w strojach dzieci. Nauczyciel, wychowawca powinien odpowiednio wcze\u015bniej uprzedzi\u0107 rodzic\u00f3w, aby 14 lutego zapewnili akcent kolorystyczny w ubraniu dziecka. W przypadku walentynek b\u0119dzie to kolor mi\u0142o\u015bci, czyli czerwony.<\/p>\n<p>Kolejnym nieodzownym elementem towarzysz\u0105cym dniu 14 lutego jest urz\u0105dzanie zabaw walentynkowych. Nauczyciele i pedagogowie z ch\u0119ci\u0105 organizuj\u0105 przyj\u0119cia z okazji walentynek. Dla m\u0142odszych dzieci s\u0105 to najcz\u0119\u015bciej wsp\u00f3lne zabawy i atrakcje organizowane w przedszkolu, dla starszych dyskoteki. Na przyj\u0119ciach z okazji dnia zakochanych nie mo\u017ce zabrakn\u0105\u0107 r\u00f3\u017cnego rodzaju balon\u00f3w, najlepiej balonik\u00f3w w kszta\u0142cie serca, <a href=\"https:\/\/mojebambino.pl\/dekoracje-urodzinowe\/12667-serce-girlanda.html\">girlandy z serduszkami<\/a> czy papierowych wycinanek z serduszkami.<\/p>\n<p>Udekorowanie sali to dopiero pocz\u0105tek, kolejnym krokiem jaki czeka na organizator\u00f3w zabaw walentynkowych jest zaplanowanie r\u00f3\u017cnych rozrywek. Jedn\u0105 z takich zabaw mo\u017ce by\u0107 na przyk\u0142ad poszukiwanie drugiej po\u0142\u00f3wki serca wyci\u0119tej z papieru. Zabawa jest bardzo prosta w organizacji. Nale\u017cy przygotowa\u0107 szablony serca w r\u00f3\u017cnych rozmiarach, wyci\u0105\u0107 je i przeci\u0105\u0107 na p\u00f3\u0142, po czym rozda\u0107 ka\u017cdemu dziecku po po\u0142\u00f3wce serca. Zabawa polega na poszukiwaniu przez dzieci w\u015br\u00f3d koleg\u00f3w \u201eswojej drugiej po\u0142\u00f3wki\u201d.<\/p>\n<p>Kolejn\u0105 zabaw\u0105, kt\u00f3r\u0105 mo\u017cna przeprowadzi\u0107 w walentynki jest popularny taniec z balonami. Zabawa polegaj\u0105ca na ta\u0144cu w parach, z umieszczonym pomi\u0119dzy par\u0105 balonem. Zadaniem dzieci jest ta\u0144czy\u0107 w taki spos\u00f3b, \u017ceby balon nie upad\u0142 na pod\u0142og\u0119. <span style=\"font-size: 18.48px;\">\u00a0<\/span><\/p>\n<p><img fetchpriority=\"high\" decoding=\"async\" class=\"alignnone size-full wp-image-1702\" src=\"https:\/\/mojebambino.pl\/blog\/wp-content\/uploads\/2020\/01\/14-luty.jpg\" alt=\"\" width=\"2000\" height=\"1600\" srcset=\"https:\/\/mojebambino.pl\/blog\/wp-content\/uploads\/2020\/01\/14-luty.jpg 2000w, https:\/\/mojebambino.pl\/blog\/wp-content\/uploads\/2020\/01\/14-luty-300x240.jpg 300w, https:\/\/mojebambino.pl\/blog\/wp-content\/uploads\/2020\/01\/14-luty-768x614.jpg 768w, https:\/\/mojebambino.pl\/blog\/wp-content\/uploads\/2020\/01\/14-luty-1024x819.jpg 1024w\" sizes=\"(max-width: 2000px) 100vw, 2000px\" \/><\/p>\n<p>Warto r\u00f3wnie\u017c zaproponowa\u0107 zabawy plastyczne. Ciekawym rozwi\u0105zaniem jest dekorowanie r\u00f3\u017cnego rodzaju element\u00f3w w romantycznych motywach. Na przyk\u0142ad <a href=\"https:\/\/mojebambino.pl\/walentynki\/1067-serca-styropianowe.html\">serc ze styropianu <\/a>czy <a href=\"https:\/\/mojebambino.pl\/walentynki\/31506-drewniane-swieczniki-na-podgrzewacze-serca-3-szt.html\">drewnianych podgrzewaczy.<\/a><\/p>\n<p>Kolejn\u0105 propozycj\u0105 jest wykonanie <a href=\"https:\/\/mojebambino.pl\/prace-plastyczne-dekoracje\/13618-serce-z-wloczki.html\">serca z w\u0142\u00f3czki<\/a>. Do jego wykonania dzieci potrzebuj\u0105 tylko folii piankowej, w\u0142\u00f3czki i wst\u0105\u017cki. Na pocz\u0105tku nale\u017cy wyt\u0142umaczy\u0107 dzieciom, \u017ce ich zadaniem jest wyci\u0119cie z folii piankowej kszta\u0142tu serca, nast\u0119pnie na tyle szablonu nale\u017cy przyklei\u0107 koniec w\u0142\u00f3czki. Dalej dzieci musz\u0105 owija\u0107 w\u0142\u00f3czk\u0105 szablon, tak aby serce nabra\u0142o odpowiedniego kszta\u0142tu, na sam koniec nale\u017cy zaklei\u0107 koniec w\u0142\u00f3czki w ten spos\u00f3b, \u017ceby si\u0119 nie odwi\u0105za\u0142a.<\/p>\n<p>Mi\u0142ym akcentem na zako\u0144czenie zabawy walentynkowej b\u0119dzie rozdanie ka\u017cdemu dziecku drobnego upominku o symbolice mi\u0142o\u015bci, np. lizaka w kszta\u0142cie serca lub <a href=\"https:\/\/mojebambino.pl\/walentynki\/31515-przywieszka-drewniana-serduszka.html\">drewnianej przywieszki z serduszkiem<\/a><\/p>\n<p><img decoding=\"async\" class=\"alignnone size-full wp-image-1701\" src=\"https:\/\/mojebambino.pl\/blog\/wp-content\/uploads\/2020\/01\/Projekt-bez-tytu\u0142u-14.png\" alt=\"\" width=\"800\" height=\"800\" srcset=\"https:\/\/mojebambino.pl\/blog\/wp-content\/uploads\/2020\/01\/Projekt-bez-tytu\u0142u-14.png 800w, https:\/\/mojebambino.pl\/blog\/wp-content\/uploads\/2020\/01\/Projekt-bez-tytu\u0142u-14-150x150.png 150w, https:\/\/mojebambino.pl\/blog\/wp-content\/uploads\/2020\/01\/Projekt-bez-tytu\u0142u-14-300x300.png 300w, https:\/\/mojebambino.pl\/blog\/wp-content\/uploads\/2020\/01\/Projekt-bez-tytu\u0142u-14-768x768.png 768w, https:\/\/mojebambino.pl\/blog\/wp-content\/uploads\/2020\/01\/Projekt-bez-tytu\u0142u-14-230x230.png 230w\" sizes=\"(max-width: 800px) 100vw, 800px\" \/><\/p>\n<p>&nbsp;<\/p>\n<p>Opracowa\u0142a:<\/p>\n<p>Mgr Aleksandra Pe\u0142ka, pedagog, kulturoznawca, animator kultury<\/p>\n<p>&nbsp;<\/p>\n","protected":false},"excerpt":{"rendered":"<p>\u015awi\u0119to zakochanych zajmuje bardzo wa\u017cne miejsce w kalendarzu uroczysto\u015bci szkolnych i przedszkolnych. Walentynki to wyj\u0105tkowy dzie\u0144, kt\u00f3ry \u015bwi\u0119towany jest nie tylko przez doros\u0142ych, ale r\u00f3wnie\u017c dzieci. Dla najm\u0142odszych stanowi symbol&#8230;<\/p>\n","protected":false},"author":4,"featured_media":6850,"comment_status":"closed","ping_status":"closed","sticky":false,"template":"","format":"standard","meta":{"footnotes":""},"categories":[13,6,15,5],"tags":[],"yoast_head":"<!-- This site is optimized with the Yoast SEO plugin v21.9.1 - https:\/\/yoast.com\/wordpress\/plugins\/seo\/ -->\n<title>Walentynki w przedszkolu i szkole - Blog - porady pedagogiczne<\/title>\n<meta name=\"robots\" content=\"index, follow, max-snippet:-1, max-image-preview:large, max-video-preview:-1\" \/>\n<link rel=\"canonical\" href=\"https:\/\/mojebambino.pl\/blog\/index.php\/2020\/01\/23\/walentynki-w-przedszkolu-i-szkole\/\" \/>\n<meta property=\"og:locale\" content=\"pl_PL\" \/>\n<meta property=\"og:type\" content=\"article\" \/>\n<meta property=\"og:title\" content=\"Walentynki w przedszkolu i szkole - Blog - porady pedagogiczne\" \/>\n<meta property=\"og:description\" content=\"\u015awi\u0119to zakochanych zajmuje bardzo wa\u017cne miejsce w kalendarzu uroczysto\u015bci szkolnych i przedszkolnych. Walentynki to wyj\u0105tkowy dzie\u0144, kt\u00f3ry \u015bwi\u0119towany jest nie tylko przez doros\u0142ych, ale r\u00f3wnie\u017c dzieci. Dla najm\u0142odszych stanowi symbol...\" \/>\n<meta property=\"og:url\" content=\"https:\/\/mojebambino.pl\/blog\/index.php\/2020\/01\/23\/walentynki-w-przedszkolu-i-szkole\/\" \/>\n<meta property=\"og:site_name\" content=\"Blog - porady pedagogiczne\" \/>\n<meta property=\"article:published_time\" content=\"2020-01-23T13:33:15+00:00\" \/>\n<meta property=\"article:modified_time\" content=\"2024-12-11T10:43:06+00:00\" \/>\n<meta property=\"og:image\" content=\"https:\/\/mojebambino.pl\/blog\/wp-content\/uploads\/2020\/01\/PLA-WIO-0032_a_23-1.jpg\" \/>\n\t<meta property=\"og:image:width\" content=\"662\" \/>\n\t<meta property=\"og:image:height\" content=\"644\" \/>\n\t<meta property=\"og:image:type\" content=\"image\/jpeg\" \/>\n<meta name=\"author\" content=\"Aleksandra Pe\u0142ka\" \/>\n<meta name=\"twitter:card\" content=\"summary_large_image\" \/>\n<meta name=\"twitter:label1\" content=\"Napisane przez\" \/>\n\t<meta name=\"twitter:data1\" content=\"Aleksandra Pe\u0142ka\" \/>\n\t<meta name=\"twitter:label2\" content=\"Szacowany czas czytania\" \/>\n\t<meta name=\"twitter:data2\" content=\"2 minuty\" \/>\n<script type=\"application\/ld+json\" class=\"yoast-schema-graph\">{\"@context\":\"https:\/\/schema.org\",\"@graph\":[{\"@type\":\"Article\",\"@id\":\"https:\/\/mojebambino.pl\/blog\/index.php\/2020\/01\/23\/walentynki-w-przedszkolu-i-szkole\/#article\",\"isPartOf\":{\"@id\":\"https:\/\/mojebambino.pl\/blog\/index.php\/2020\/01\/23\/walentynki-w-przedszkolu-i-szkole\/\"},\"author\":{\"name\":\"Aleksandra Pe\u0142ka\",\"@id\":\"https:\/\/mojebambino.pl\/blog\/#\/schema\/person\/bc7d7e99b4a51ea8a262f28a0bf44834\"},\"headline\":\"Walentynki w przedszkolu i szkole\",\"datePublished\":\"2020-01-23T13:33:15+00:00\",\"dateModified\":\"2024-12-11T10:43:06+00:00\",\"mainEntityOfPage\":{\"@id\":\"https:\/\/mojebambino.pl\/blog\/index.php\/2020\/01\/23\/walentynki-w-przedszkolu-i-szkole\/\"},\"wordCount\":496,\"publisher\":{\"@id\":\"https:\/\/mojebambino.pl\/blog\/#organization\"},\"articleSection\":[\"Specjalne potrzeby edukacyjne\",\"\u015awietlica\",\"Szko\u0142a\",\"\u017b\u0142obek, Przedszkole\"],\"inLanguage\":\"pl-PL\"},{\"@type\":\"WebPage\",\"@id\":\"https:\/\/mojebambino.pl\/blog\/index.php\/2020\/01\/23\/walentynki-w-przedszkolu-i-szkole\/\",\"url\":\"https:\/\/mojebambino.pl\/blog\/index.php\/2020\/01\/23\/walentynki-w-przedszkolu-i-szkole\/\",\"name\":\"Walentynki w przedszkolu i szkole - Blog - porady pedagogiczne\",\"isPartOf\":{\"@id\":\"https:\/\/mojebambino.pl\/blog\/#website\"},\"datePublished\":\"2020-01-23T13:33:15+00:00\",\"dateModified\":\"2024-12-11T10:43:06+00:00\",\"breadcrumb\":{\"@id\":\"https:\/\/mojebambino.pl\/blog\/index.php\/2020\/01\/23\/walentynki-w-przedszkolu-i-szkole\/#breadcrumb\"},\"inLanguage\":\"pl-PL\",\"potentialAction\":[{\"@type\":\"ReadAction\",\"target\":[\"https:\/\/mojebambino.pl\/blog\/index.php\/2020\/01\/23\/walentynki-w-przedszkolu-i-szkole\/\"]}]},{\"@type\":\"BreadcrumbList\",\"@id\":\"https:\/\/mojebambino.pl\/blog\/index.php\/2020\/01\/23\/walentynki-w-przedszkolu-i-szkole\/#breadcrumb\",\"itemListElement\":[{\"@type\":\"ListItem\",\"position\":1,\"name\":\"Home\",\"item\":\"https:\/\/mojebambino.pl\/blog\/\"},{\"@type\":\"ListItem\",\"position\":2,\"name\":\"Walentynki w przedszkolu i szkole\"}]},{\"@type\":\"WebSite\",\"@id\":\"https:\/\/mojebambino.pl\/blog\/#website\",\"url\":\"https:\/\/mojebambino.pl\/blog\/\",\"name\":\"Blog - porady pedagogiczne\",\"description\":\"\",\"publisher\":{\"@id\":\"https:\/\/mojebambino.pl\/blog\/#organization\"},\"potentialAction\":[{\"@type\":\"SearchAction\",\"target\":{\"@type\":\"EntryPoint\",\"urlTemplate\":\"https:\/\/mojebambino.pl\/blog\/?s={search_term_string}\"},\"query-input\":\"required name=search_term_string\"}],\"inLanguage\":\"pl-PL\"},{\"@type\":\"Organization\",\"@id\":\"https:\/\/mojebambino.pl\/blog\/#organization\",\"name\":\"Blog - porady pedagogiczne\",\"url\":\"https:\/\/mojebambino.pl\/blog\/\",\"logo\":{\"@type\":\"ImageObject\",\"inLanguage\":\"pl-PL\",\"@id\":\"https:\/\/mojebambino.pl\/blog\/#\/schema\/logo\/image\/\",\"url\":\"https:\/\/mojebambino.pl\/blog\/wp-content\/uploads\/2024\/11\/cropped-MOJE_BAMBINO_LOGO.png\",\"contentUrl\":\"https:\/\/mojebambino.pl\/blog\/wp-content\/uploads\/2024\/11\/cropped-MOJE_BAMBINO_LOGO.png\",\"width\":248,\"height\":103,\"caption\":\"Blog - porady pedagogiczne\"},\"image\":{\"@id\":\"https:\/\/mojebambino.pl\/blog\/#\/schema\/logo\/image\/\"}},{\"@type\":\"Person\",\"@id\":\"https:\/\/mojebambino.pl\/blog\/#\/schema\/person\/bc7d7e99b4a51ea8a262f28a0bf44834\",\"name\":\"Aleksandra Pe\u0142ka\",\"image\":{\"@type\":\"ImageObject\",\"inLanguage\":\"pl-PL\",\"@id\":\"https:\/\/mojebambino.pl\/blog\/#\/schema\/person\/image\/\",\"url\":\"https:\/\/secure.gravatar.com\/avatar\/901219d8c8ad75f8a1e14c285fcbac6a?s=96&d=mm&r=g\",\"contentUrl\":\"https:\/\/secure.gravatar.com\/avatar\/901219d8c8ad75f8a1e14c285fcbac6a?s=96&d=mm&r=g\",\"caption\":\"Aleksandra Pe\u0142ka\"},\"url\":\"https:\/\/mojebambino.pl\/blog\/index.php\/author\/aleksandra\/\"}]}<\/script>\n<!-- \/ Yoast SEO plugin. -->","yoast_head_json":{"title":"Walentynki w przedszkolu i szkole - Blog - porady pedagogiczne","robots":{"index":"index","follow":"follow","max-snippet":"max-snippet:-1","max-image-preview":"max-image-preview:large","max-video-preview":"max-video-preview:-1"},"canonical":"https:\/\/mojebambino.pl\/blog\/index.php\/2020\/01\/23\/walentynki-w-przedszkolu-i-szkole\/","og_locale":"pl_PL","og_type":"article","og_title":"Walentynki w przedszkolu i szkole - Blog - porady pedagogiczne","og_description":"\u015awi\u0119to zakochanych zajmuje bardzo wa\u017cne miejsce w kalendarzu uroczysto\u015bci szkolnych i przedszkolnych. Walentynki to wyj\u0105tkowy dzie\u0144, kt\u00f3ry \u015bwi\u0119towany jest nie tylko przez doros\u0142ych, ale r\u00f3wnie\u017c dzieci. Dla najm\u0142odszych stanowi symbol...","og_url":"https:\/\/mojebambino.pl\/blog\/index.php\/2020\/01\/23\/walentynki-w-przedszkolu-i-szkole\/","og_site_name":"Blog - porady pedagogiczne","article_published_time":"2020-01-23T13:33:15+00:00","article_modified_time":"2024-12-11T10:43:06+00:00","og_image":[{"width":662,"height":644,"url":"https:\/\/mojebambino.pl\/blog\/wp-content\/uploads\/2020\/01\/PLA-WIO-0032_a_23-1.jpg","type":"image\/jpeg"}],"author":"Aleksandra Pe\u0142ka","twitter_card":"summary_large_image","twitter_misc":{"Napisane przez":"Aleksandra Pe\u0142ka","Szacowany czas czytania":"2 minuty"},"schema":{"@context":"https:\/\/schema.org","@graph":[{"@type":"Article","@id":"https:\/\/mojebambino.pl\/blog\/index.php\/2020\/01\/23\/walentynki-w-przedszkolu-i-szkole\/#article","isPartOf":{"@id":"https:\/\/mojebambino.pl\/blog\/index.php\/2020\/01\/23\/walentynki-w-przedszkolu-i-szkole\/"},"author":{"name":"Aleksandra Pe\u0142ka","@id":"https:\/\/mojebambino.pl\/blog\/#\/schema\/person\/bc7d7e99b4a51ea8a262f28a0bf44834"},"headline":"Walentynki w przedszkolu i szkole","datePublished":"2020-01-23T13:33:15+00:00","dateModified":"2024-12-11T10:43:06+00:00","mainEntityOfPage":{"@id":"https:\/\/mojebambino.pl\/blog\/index.php\/2020\/01\/23\/walentynki-w-przedszkolu-i-szkole\/"},"wordCount":496,"publisher":{"@id":"https:\/\/mojebambino.pl\/blog\/#organization"},"articleSection":["Specjalne potrzeby edukacyjne","\u015awietlica","Szko\u0142a","\u017b\u0142obek, Przedszkole"],"inLanguage":"pl-PL"},{"@type":"WebPage","@id":"https:\/\/mojebambino.pl\/blog\/index.php\/2020\/01\/23\/walentynki-w-przedszkolu-i-szkole\/","url":"https:\/\/mojebambino.pl\/blog\/index.php\/2020\/01\/23\/walentynki-w-przedszkolu-i-szkole\/","name":"Walentynki w przedszkolu i szkole - Blog - porady pedagogiczne","isPartOf":{"@id":"https:\/\/mojebambino.pl\/blog\/#website"},"datePublished":"2020-01-23T13:33:15+00:00","dateModified":"2024-12-11T10:43:06+00:00","breadcrumb":{"@id":"https:\/\/mojebambino.pl\/blog\/index.php\/2020\/01\/23\/walentynki-w-przedszkolu-i-szkole\/#breadcrumb"},"inLanguage":"pl-PL","potentialAction":[{"@type":"ReadAction","target":["https:\/\/mojebambino.pl\/blog\/index.php\/2020\/01\/23\/walentynki-w-przedszkolu-i-szkole\/"]}]},{"@type":"BreadcrumbList","@id":"https:\/\/mojebambino.pl\/blog\/index.php\/2020\/01\/23\/walentynki-w-przedszkolu-i-szkole\/#breadcrumb","itemListElement":[{"@type":"ListItem","position":1,"name":"Home","item":"https:\/\/mojebambino.pl\/blog\/"},{"@type":"ListItem","position":2,"name":"Walentynki w przedszkolu i szkole"}]},{"@type":"WebSite","@id":"https:\/\/mojebambino.pl\/blog\/#website","url":"https:\/\/mojebambino.pl\/blog\/","name":"Blog - porady pedagogiczne","description":"","publisher":{"@id":"https:\/\/mojebambino.pl\/blog\/#organization"},"potentialAction":[{"@type":"SearchAction","target":{"@type":"EntryPoint","urlTemplate":"https:\/\/mojebambino.pl\/blog\/?s={search_term_string}"},"query-input":"required name=search_term_string"}],"inLanguage":"pl-PL"},{"@type":"Organization","@id":"https:\/\/mojebambino.pl\/blog\/#organization","name":"Blog - porady pedagogiczne","url":"https:\/\/mojebambino.pl\/blog\/","logo":{"@type":"ImageObject","inLanguage":"pl-PL","@id":"https:\/\/mojebambino.pl\/blog\/#\/schema\/logo\/image\/","url":"https:\/\/mojebambino.pl\/blog\/wp-content\/uploads\/2024\/11\/cropped-MOJE_BAMBINO_LOGO.png","contentUrl":"https:\/\/mojebambino.pl\/blog\/wp-content\/uploads\/2024\/11\/cropped-MOJE_BAMBINO_LOGO.png","width":248,"height":103,"caption":"Blog - porady pedagogiczne"},"image":{"@id":"https:\/\/mojebambino.pl\/blog\/#\/schema\/logo\/image\/"}},{"@type":"Person","@id":"https:\/\/mojebambino.pl\/blog\/#\/schema\/person\/bc7d7e99b4a51ea8a262f28a0bf44834","name":"Aleksandra Pe\u0142ka","image":{"@type":"ImageObject","inLanguage":"pl-PL","@id":"https:\/\/mojebambino.pl\/blog\/#\/schema\/person\/image\/","url":"https:\/\/secure.gravatar.com\/avatar\/901219d8c8ad75f8a1e14c285fcbac6a?s=96&d=mm&r=g","contentUrl":"https:\/\/secure.gravatar.com\/avatar\/901219d8c8ad75f8a1e14c285fcbac6a?s=96&d=mm&r=g","caption":"Aleksandra Pe\u0142ka"},"url":"https:\/\/mojebambino.pl\/blog\/index.php\/author\/aleksandra\/"}]}},"_links":{"self":[{"href":"https:\/\/mojebambino.pl\/blog\/index.php\/wp-json\/wp\/v2\/posts\/1700"}],"collection":[{"href":"https:\/\/mojebambino.pl\/blog\/index.php\/wp-json\/wp\/v2\/posts"}],"about":[{"href":"https:\/\/mojebambino.pl\/blog\/index.php\/wp-json\/wp\/v2\/types\/post"}],"author":[{"embeddable":true,"href":"https:\/\/mojebambino.pl\/blog\/index.php\/wp-json\/wp\/v2\/users\/4"}],"replies":[{"embeddable":true,"href":"https:\/\/mojebambino.pl\/blog\/index.php\/wp-json\/wp\/v2\/comments?post=1700"}],"version-history":[{"count":9,"href":"https:\/\/mojebambino.pl\/blog\/index.php\/wp-json\/wp\/v2\/posts\/1700\/revisions"}],"predecessor-version":[{"id":5906,"href":"https:\/\/mojebambino.pl\/blog\/index.php\/wp-json\/wp\/v2\/posts\/1700\/revisions\/5906"}],"wp:featuredmedia":[{"embeddable":true,"href":"https:\/\/mojebambino.pl\/blog\/index.php\/wp-json\/wp\/v2\/media\/6850"}],"wp:attachment":[{"href":"https:\/\/mojebambino.pl\/blog\/index.php\/wp-json\/wp\/v2\/media?parent=1700"}],"wp:term":[{"taxonomy":"category","embeddable":true,"href":"https:\/\/mojebambino.pl\/blog\/index.php\/wp-json\/wp\/v2\/categories?post=1700"},{"taxonomy":"post_tag","embeddable":true,"href":"https:\/\/mojebambino.pl\/blog\/index.php\/wp-json\/wp\/v2\/tags?post=1700"}],"curies":[{"name":"wp","href":"https:\/\/api.w.org\/{rel}","templated":true}]}}