{"id":1327,"date":"2019-08-28T14:56:34","date_gmt":"2019-08-28T12:56:34","guid":{"rendered":"https:\/\/mojebambino.pl\/blog\/?p=1327"},"modified":"2024-12-11T13:27:24","modified_gmt":"2024-12-11T12:27:24","slug":"przygotowanie-dziecka-do-rozpoczecia-przedszkola","status":"publish","type":"post","link":"https:\/\/mojebambino.pl\/blog\/index.php\/2019\/08\/28\/przygotowanie-dziecka-do-rozpoczecia-przedszkola\/","title":{"rendered":"Przygotowanie dziecka do rozpocz\u0119cia przedszkola"},"content":{"rendered":"<h1>Przygotowanie dziecka do rozpocz\u0119cia przedszkola. Jak u\u0142atwi\u0107 roz\u0142\u0105k\u0119 z rodzicem?<\/h1>\n<p>&nbsp;<\/p>\n<p>P\u00f3j\u015bcie do przedszkola jest wa\u017cnym wydarzeniem w \u017cyciu dziecka i jego rodziny. Z jednej strony rozpocz\u0119cie przedszkola stanowi naturalny i kolejny etap rozwoju dziecka, z drugiej \u2013 maluch znajduje si\u0119 w sytuacji dla siebie nowej, nieznanej, wymagaj\u0105cej zmiany dotychczasowego rytmu dnia.<\/p>\n<p>Dlatego warto wcze\u015bniej przygotowa\u0107 dziecko do bycia przedszkolakiem oraz do wynikaj\u0105cej z niego konieczno\u015bci rozstawania si\u0119 na kilka godzin z rodzicami.<\/p>\n<p>&nbsp;<\/p>\n<p>Aby u\u0142atwi\u0107 dziecku odnalezienie si\u0119 w nowej rzeczywisto\u015bci warto jeszcze przed rozpocz\u0119ciem roku przedszkolnego:<\/p>\n<ul>\n<li>opowiada\u0107 dziecku o przedszkolu i budowa\u0107 jego pozytywny obraz, jako miejsca przyjaznego i interesuj\u0105cego, w kt\u00f3rym mo\u017cna si\u0119 bawi\u0107 i dowiedzie\u0107 si\u0119 ciekawych rzeczy, pozna\u0107 nowych koleg\u00f3w<\/li>\n<li>opisywa\u0107 w prosty spos\u00f3b, jak wygl\u0105da dzie\u0144 w przedszkolu, jak ma na imi\u0119 przysz\u0142a Pani itp.<\/li>\n<li>przekazywa\u0107 wiedz\u0119 o przedszkolu. Zar\u00f3wno w rozmowie, jak i w zabawie (np. bawimy si\u0119 w przedszkole dla lalek lub autek) oraz poprzez opowie\u015bci z w\u0142asnego dzieci\u0144stwa<\/li>\n<li>wybra\u0107 si\u0119 z si\u0119 razem z dzieckiem na tzw. \u201edzie\u0144 otwarty w przedszkolu\u201d (a je\u015bli to nie mo\u017cliwe, um\u00f3wi\u0107 si\u0119 z personelem przedszkola na indywidualne spotkanie)<\/li>\n<li>w\u0142\u0105czy\u0107 dziecko w przygotowania do przedszkola (zakup worka, bucik\u00f3w)<\/li>\n<li>odpowiednio wcze\u015bniej trenowa\u0107 z dzieckiem (pocz\u0105tkowo kr\u00f3tkie, stopniowo d\u0142u\u017csze) rozstania z rodzicami.<\/li>\n<\/ul>\n<p>&nbsp;<\/p>\n<p>Po odebraniu dziecka w pierwszym dniu przedszkola mo\u017cna wybra\u0107 si\u0119 razem na spacer, uczci\u0107 zostanie przedszkolakiem wizyt\u0105 w lodziarni lub drobnym podarkiem np. maskotk\u0105, kt\u00f3ra b\u0119dzie mog\u0142a z nim \u201echodzi\u0107\u201d do przedszkola (po wcze\u015bniejszym uzgodnieniu z wychowawc\u0105).<\/p>\n<p><img fetchpriority=\"high\" decoding=\"async\" class=\"alignnone wp-image-1330\" src=\"https:\/\/mojebambino.pl\/blog\/wp-content\/uploads\/2019\/08\/kacik-lodziarnia-1.jpg\" alt=\"\" width=\"574\" height=\"574\" srcset=\"https:\/\/mojebambino.pl\/blog\/wp-content\/uploads\/2019\/08\/kacik-lodziarnia-1.jpg 600w, https:\/\/mojebambino.pl\/blog\/wp-content\/uploads\/2019\/08\/kacik-lodziarnia-1-150x150.jpg 150w, https:\/\/mojebambino.pl\/blog\/wp-content\/uploads\/2019\/08\/kacik-lodziarnia-1-300x300.jpg 300w, https:\/\/mojebambino.pl\/blog\/wp-content\/uploads\/2019\/08\/kacik-lodziarnia-1-230x230.jpg 230w\" sizes=\"(max-width: 574px) 100vw, 574px\" \/><\/p>\n<p>Przez kilka pierwszych dni w przedszkolu dobrze jest odbiera\u0107 dziecko o nieco wcze\u015bniejszej porze, stopniowo wyd\u0142u\u017ca\u0107 czas pobytu. Bardzo wa\u017cne jest tak\u017ce, aby codziennie dostarcza\u0107 dziecku informacji o tym, kiedy zostanie odebrane z przedszkola (po obiedzie, po gimnastyce), kto odbierze dziecko, przypomina\u0107 co rodzice robi\u0105 w czasie pobytu dziecka poza domem i do kogo ma si\u0119 zwr\u00f3ci\u0107 w razie k\u0142opot\u00f3w (pani wychowawczyni). Mo\u017cna wsp\u00f3lnie z dzieckiem przygotowa\u0107 rysunkowy plan dnia, na kt\u00f3rym wyra\u017anie zaznaczone zostanie, \u017ce pobyt w przedszkolu to tylko \u201ekawa\u0142ek\u201d dnia i \u201ezawsze po przedszkolu wracamy do domu\u201d.<\/p>\n<p>Nale\u017cy zapewni\u0107 dziecku okazj\u0119 do wyra\u017cania tego, co my\u015bli i czuje na temat przedszkola, okazywa\u0107 mu uwa\u017cno\u015b\u0107 dla jego niepokoj\u00f3w, pyta\u0144, skarg, chwali\u0107 dziecko za to, jak sobie radzi (nawet jak nie wszystko mu wychodzi). Wa\u017cne jest r\u00f3wnie\u017c okazywanie cierpliwo\u015bci i akceptacji dla przej\u015bciowych zmian w zachowaniu dziecka &#8211; i rodzice i dziecko potrzebuj\u0105 czasu na oswojenie si\u0119 z now\u0105 sytuacj\u0105.<\/p>\n<p>&nbsp;<\/p>\n<p>Aby u\u0142atwia\u0107 dziecku rozstania nie powinno si\u0119:<\/p>\n<ul>\n<li>negatywnie komentowa\u0107 \u201emarudzenia\u201d, \u201e\u0142ez\u201d<\/li>\n<li>zasypywa\u0107 pytaniami \u201edlaczego\u201d lub pocieszeniami \u201enie b\u00f3j si\u0119\u201d, lepiej zapewni\u0107 dziecko, \u017ce sobie poradzi, przypomnie\u0107, \u017ce wr\u00f3cimy po dziecko o danej porze, um\u00f3wi\u0107 si\u0119, co b\u0119dziemy mi\u0142ego robi\u0107 po przedszkolu<\/li>\n<li>przeci\u0105ga\u0107 po\u017cegnania (nawet jak dziecko p\u0142acze) lub wymyka\u0107 si\u0119 z szatni chy\u0142kiem<\/li>\n<li>okazywa\u0107 w\u0142asnego niepokoju<\/li>\n<li>dawa\u0107 obietnic, kt\u00f3rych nie jeste\u015bmy w stanie dotrzyma\u0107<\/li>\n<li>straszy\u0107 przedszkolem (unikamy komentarzy typu \u201ejak nie b\u0119dziesz sam je\u015b\u0107, to dzieci b\u0119d\u0105 si\u0119 z ciebie \u015bmia\u0142y\u201d)<\/li>\n<li>por\u00f3wnywa\u0107 dziecka do innych dzieci (np. \u201ech\u0142opiec jest dzielny, a ty p\u0142aczesz\u201d)<\/li>\n<li>komentowa\u0107 w negatywny spos\u00f3b post\u0119powania nauczyciela w obecno\u015bci dziecka.<\/li>\n<\/ul>\n<p><img decoding=\"async\" class=\"alignnone size-full wp-image-1332\" src=\"https:\/\/mojebambino.pl\/blog\/wp-content\/uploads\/2019\/08\/bujak-kurka.jpg\" alt=\"\" width=\"600\" height=\"600\" srcset=\"https:\/\/mojebambino.pl\/blog\/wp-content\/uploads\/2019\/08\/bujak-kurka.jpg 600w, https:\/\/mojebambino.pl\/blog\/wp-content\/uploads\/2019\/08\/bujak-kurka-150x150.jpg 150w, https:\/\/mojebambino.pl\/blog\/wp-content\/uploads\/2019\/08\/bujak-kurka-300x300.jpg 300w, https:\/\/mojebambino.pl\/blog\/wp-content\/uploads\/2019\/08\/bujak-kurka-230x230.jpg 230w\" sizes=\"(max-width: 600px) 100vw, 600px\" \/><\/p>\n<p>&nbsp;<\/p>\n<p>Opracowa\u0142a:<\/p>\n<p>Mgr Agnieszka Wrzesiak,<\/p>\n<p><i>P<\/i>sycholog kliniczny, specjalizuj\u0105cy si\u0119 w terapii rodzin.<\/p>\n","protected":false},"excerpt":{"rendered":"<p>Przygotowanie dziecka do rozpocz\u0119cia przedszkola. Jak u\u0142atwi\u0107 roz\u0142\u0105k\u0119 z rodzicem? &nbsp; P\u00f3j\u015bcie do przedszkola jest wa\u017cnym wydarzeniem w \u017cyciu dziecka i jego rodziny. Z jednej strony rozpocz\u0119cie przedszkola stanowi naturalny&#8230;<\/p>\n","protected":false},"author":4,"featured_media":6897,"comment_status":"closed","ping_status":"closed","sticky":false,"template":"","format":"standard","meta":{"footnotes":""},"categories":[12,10,5],"tags":[],"yoast_head":"<!-- This site is optimized with the Yoast SEO plugin v21.9.1 - https:\/\/yoast.com\/wordpress\/plugins\/seo\/ -->\n<title>Przygotowanie dziecka do rozpocz\u0119cia przedszkola - Blog - porady pedagogiczne<\/title>\n<meta name=\"robots\" content=\"index, follow, max-snippet:-1, max-image-preview:large, max-video-preview:-1\" \/>\n<link rel=\"canonical\" href=\"https:\/\/mojebambino.pl\/blog\/index.php\/2019\/08\/28\/przygotowanie-dziecka-do-rozpoczecia-przedszkola\/\" \/>\n<meta property=\"og:locale\" content=\"pl_PL\" \/>\n<meta property=\"og:type\" content=\"article\" \/>\n<meta property=\"og:title\" content=\"Przygotowanie dziecka do rozpocz\u0119cia przedszkola - Blog - porady pedagogiczne\" \/>\n<meta property=\"og:description\" content=\"Przygotowanie dziecka do rozpocz\u0119cia przedszkola. Jak u\u0142atwi\u0107 roz\u0142\u0105k\u0119 z rodzicem? &nbsp; P\u00f3j\u015bcie do przedszkola jest wa\u017cnym wydarzeniem w \u017cyciu dziecka i jego rodziny. Z jednej strony rozpocz\u0119cie przedszkola stanowi naturalny...\" \/>\n<meta property=\"og:url\" content=\"https:\/\/mojebambino.pl\/blog\/index.php\/2019\/08\/28\/przygotowanie-dziecka-do-rozpoczecia-przedszkola\/\" \/>\n<meta property=\"og:site_name\" content=\"Blog - porady pedagogiczne\" \/>\n<meta property=\"article:published_time\" content=\"2019-08-28T12:56:34+00:00\" \/>\n<meta property=\"article:modified_time\" content=\"2024-12-11T12:27:24+00:00\" \/>\n<meta property=\"og:image\" content=\"https:\/\/mojebambino.pl\/blog\/wp-content\/uploads\/2019\/08\/135257_zd_24.jpg\" \/>\n\t<meta property=\"og:image:width\" content=\"1000\" \/>\n\t<meta property=\"og:image:height\" content=\"664\" \/>\n\t<meta property=\"og:image:type\" content=\"image\/jpeg\" \/>\n<meta name=\"author\" content=\"Aleksandra Pe\u0142ka\" \/>\n<meta name=\"twitter:card\" content=\"summary_large_image\" \/>\n<meta name=\"twitter:label1\" content=\"Napisane przez\" \/>\n\t<meta name=\"twitter:data1\" content=\"Aleksandra Pe\u0142ka\" \/>\n\t<meta name=\"twitter:label2\" content=\"Szacowany czas czytania\" \/>\n\t<meta name=\"twitter:data2\" content=\"3 minuty\" \/>\n<script type=\"application\/ld+json\" class=\"yoast-schema-graph\">{\"@context\":\"https:\/\/schema.org\",\"@graph\":[{\"@type\":\"Article\",\"@id\":\"https:\/\/mojebambino.pl\/blog\/index.php\/2019\/08\/28\/przygotowanie-dziecka-do-rozpoczecia-przedszkola\/#article\",\"isPartOf\":{\"@id\":\"https:\/\/mojebambino.pl\/blog\/index.php\/2019\/08\/28\/przygotowanie-dziecka-do-rozpoczecia-przedszkola\/\"},\"author\":{\"name\":\"Aleksandra Pe\u0142ka\",\"@id\":\"https:\/\/mojebambino.pl\/blog\/#\/schema\/person\/bc7d7e99b4a51ea8a262f28a0bf44834\"},\"headline\":\"Przygotowanie dziecka do rozpocz\u0119cia przedszkola\",\"datePublished\":\"2019-08-28T12:56:34+00:00\",\"dateModified\":\"2024-12-11T12:27:24+00:00\",\"mainEntityOfPage\":{\"@id\":\"https:\/\/mojebambino.pl\/blog\/index.php\/2019\/08\/28\/przygotowanie-dziecka-do-rozpoczecia-przedszkola\/\"},\"wordCount\":599,\"publisher\":{\"@id\":\"https:\/\/mojebambino.pl\/blog\/#organization\"},\"articleSection\":[\"Dla rodzic\u00f3w\",\"Porady eksperckie\",\"\u017b\u0142obek, Przedszkole\"],\"inLanguage\":\"pl-PL\"},{\"@type\":\"WebPage\",\"@id\":\"https:\/\/mojebambino.pl\/blog\/index.php\/2019\/08\/28\/przygotowanie-dziecka-do-rozpoczecia-przedszkola\/\",\"url\":\"https:\/\/mojebambino.pl\/blog\/index.php\/2019\/08\/28\/przygotowanie-dziecka-do-rozpoczecia-przedszkola\/\",\"name\":\"Przygotowanie dziecka do rozpocz\u0119cia przedszkola - Blog - porady pedagogiczne\",\"isPartOf\":{\"@id\":\"https:\/\/mojebambino.pl\/blog\/#website\"},\"datePublished\":\"2019-08-28T12:56:34+00:00\",\"dateModified\":\"2024-12-11T12:27:24+00:00\",\"breadcrumb\":{\"@id\":\"https:\/\/mojebambino.pl\/blog\/index.php\/2019\/08\/28\/przygotowanie-dziecka-do-rozpoczecia-przedszkola\/#breadcrumb\"},\"inLanguage\":\"pl-PL\",\"potentialAction\":[{\"@type\":\"ReadAction\",\"target\":[\"https:\/\/mojebambino.pl\/blog\/index.php\/2019\/08\/28\/przygotowanie-dziecka-do-rozpoczecia-przedszkola\/\"]}]},{\"@type\":\"BreadcrumbList\",\"@id\":\"https:\/\/mojebambino.pl\/blog\/index.php\/2019\/08\/28\/przygotowanie-dziecka-do-rozpoczecia-przedszkola\/#breadcrumb\",\"itemListElement\":[{\"@type\":\"ListItem\",\"position\":1,\"name\":\"Home\",\"item\":\"https:\/\/mojebambino.pl\/blog\/\"},{\"@type\":\"ListItem\",\"position\":2,\"name\":\"Przygotowanie dziecka do rozpocz\u0119cia przedszkola\"}]},{\"@type\":\"WebSite\",\"@id\":\"https:\/\/mojebambino.pl\/blog\/#website\",\"url\":\"https:\/\/mojebambino.pl\/blog\/\",\"name\":\"Blog - porady pedagogiczne\",\"description\":\"\",\"publisher\":{\"@id\":\"https:\/\/mojebambino.pl\/blog\/#organization\"},\"potentialAction\":[{\"@type\":\"SearchAction\",\"target\":{\"@type\":\"EntryPoint\",\"urlTemplate\":\"https:\/\/mojebambino.pl\/blog\/?s={search_term_string}\"},\"query-input\":\"required name=search_term_string\"}],\"inLanguage\":\"pl-PL\"},{\"@type\":\"Organization\",\"@id\":\"https:\/\/mojebambino.pl\/blog\/#organization\",\"name\":\"Blog - porady pedagogiczne\",\"url\":\"https:\/\/mojebambino.pl\/blog\/\",\"logo\":{\"@type\":\"ImageObject\",\"inLanguage\":\"pl-PL\",\"@id\":\"https:\/\/mojebambino.pl\/blog\/#\/schema\/logo\/image\/\",\"url\":\"https:\/\/mojebambino.pl\/blog\/wp-content\/uploads\/2024\/11\/cropped-MOJE_BAMBINO_LOGO.png\",\"contentUrl\":\"https:\/\/mojebambino.pl\/blog\/wp-content\/uploads\/2024\/11\/cropped-MOJE_BAMBINO_LOGO.png\",\"width\":248,\"height\":103,\"caption\":\"Blog - porady pedagogiczne\"},\"image\":{\"@id\":\"https:\/\/mojebambino.pl\/blog\/#\/schema\/logo\/image\/\"}},{\"@type\":\"Person\",\"@id\":\"https:\/\/mojebambino.pl\/blog\/#\/schema\/person\/bc7d7e99b4a51ea8a262f28a0bf44834\",\"name\":\"Aleksandra Pe\u0142ka\",\"image\":{\"@type\":\"ImageObject\",\"inLanguage\":\"pl-PL\",\"@id\":\"https:\/\/mojebambino.pl\/blog\/#\/schema\/person\/image\/\",\"url\":\"https:\/\/secure.gravatar.com\/avatar\/901219d8c8ad75f8a1e14c285fcbac6a?s=96&d=mm&r=g\",\"contentUrl\":\"https:\/\/secure.gravatar.com\/avatar\/901219d8c8ad75f8a1e14c285fcbac6a?s=96&d=mm&r=g\",\"caption\":\"Aleksandra Pe\u0142ka\"},\"url\":\"https:\/\/mojebambino.pl\/blog\/index.php\/author\/aleksandra\/\"}]}<\/script>\n<!-- \/ Yoast SEO plugin. -->","yoast_head_json":{"title":"Przygotowanie dziecka do rozpocz\u0119cia przedszkola - Blog - porady pedagogiczne","robots":{"index":"index","follow":"follow","max-snippet":"max-snippet:-1","max-image-preview":"max-image-preview:large","max-video-preview":"max-video-preview:-1"},"canonical":"https:\/\/mojebambino.pl\/blog\/index.php\/2019\/08\/28\/przygotowanie-dziecka-do-rozpoczecia-przedszkola\/","og_locale":"pl_PL","og_type":"article","og_title":"Przygotowanie dziecka do rozpocz\u0119cia przedszkola - Blog - porady pedagogiczne","og_description":"Przygotowanie dziecka do rozpocz\u0119cia przedszkola. Jak u\u0142atwi\u0107 roz\u0142\u0105k\u0119 z rodzicem? &nbsp; P\u00f3j\u015bcie do przedszkola jest wa\u017cnym wydarzeniem w \u017cyciu dziecka i jego rodziny. Z jednej strony rozpocz\u0119cie przedszkola stanowi naturalny...","og_url":"https:\/\/mojebambino.pl\/blog\/index.php\/2019\/08\/28\/przygotowanie-dziecka-do-rozpoczecia-przedszkola\/","og_site_name":"Blog - porady pedagogiczne","article_published_time":"2019-08-28T12:56:34+00:00","article_modified_time":"2024-12-11T12:27:24+00:00","og_image":[{"width":1000,"height":664,"url":"https:\/\/mojebambino.pl\/blog\/wp-content\/uploads\/2019\/08\/135257_zd_24.jpg","type":"image\/jpeg"}],"author":"Aleksandra Pe\u0142ka","twitter_card":"summary_large_image","twitter_misc":{"Napisane przez":"Aleksandra Pe\u0142ka","Szacowany czas czytania":"3 minuty"},"schema":{"@context":"https:\/\/schema.org","@graph":[{"@type":"Article","@id":"https:\/\/mojebambino.pl\/blog\/index.php\/2019\/08\/28\/przygotowanie-dziecka-do-rozpoczecia-przedszkola\/#article","isPartOf":{"@id":"https:\/\/mojebambino.pl\/blog\/index.php\/2019\/08\/28\/przygotowanie-dziecka-do-rozpoczecia-przedszkola\/"},"author":{"name":"Aleksandra Pe\u0142ka","@id":"https:\/\/mojebambino.pl\/blog\/#\/schema\/person\/bc7d7e99b4a51ea8a262f28a0bf44834"},"headline":"Przygotowanie dziecka do rozpocz\u0119cia przedszkola","datePublished":"2019-08-28T12:56:34+00:00","dateModified":"2024-12-11T12:27:24+00:00","mainEntityOfPage":{"@id":"https:\/\/mojebambino.pl\/blog\/index.php\/2019\/08\/28\/przygotowanie-dziecka-do-rozpoczecia-przedszkola\/"},"wordCount":599,"publisher":{"@id":"https:\/\/mojebambino.pl\/blog\/#organization"},"articleSection":["Dla rodzic\u00f3w","Porady eksperckie","\u017b\u0142obek, Przedszkole"],"inLanguage":"pl-PL"},{"@type":"WebPage","@id":"https:\/\/mojebambino.pl\/blog\/index.php\/2019\/08\/28\/przygotowanie-dziecka-do-rozpoczecia-przedszkola\/","url":"https:\/\/mojebambino.pl\/blog\/index.php\/2019\/08\/28\/przygotowanie-dziecka-do-rozpoczecia-przedszkola\/","name":"Przygotowanie dziecka do rozpocz\u0119cia przedszkola - Blog - porady pedagogiczne","isPartOf":{"@id":"https:\/\/mojebambino.pl\/blog\/#website"},"datePublished":"2019-08-28T12:56:34+00:00","dateModified":"2024-12-11T12:27:24+00:00","breadcrumb":{"@id":"https:\/\/mojebambino.pl\/blog\/index.php\/2019\/08\/28\/przygotowanie-dziecka-do-rozpoczecia-przedszkola\/#breadcrumb"},"inLanguage":"pl-PL","potentialAction":[{"@type":"ReadAction","target":["https:\/\/mojebambino.pl\/blog\/index.php\/2019\/08\/28\/przygotowanie-dziecka-do-rozpoczecia-przedszkola\/"]}]},{"@type":"BreadcrumbList","@id":"https:\/\/mojebambino.pl\/blog\/index.php\/2019\/08\/28\/przygotowanie-dziecka-do-rozpoczecia-przedszkola\/#breadcrumb","itemListElement":[{"@type":"ListItem","position":1,"name":"Home","item":"https:\/\/mojebambino.pl\/blog\/"},{"@type":"ListItem","position":2,"name":"Przygotowanie dziecka do rozpocz\u0119cia przedszkola"}]},{"@type":"WebSite","@id":"https:\/\/mojebambino.pl\/blog\/#website","url":"https:\/\/mojebambino.pl\/blog\/","name":"Blog - porady pedagogiczne","description":"","publisher":{"@id":"https:\/\/mojebambino.pl\/blog\/#organization"},"potentialAction":[{"@type":"SearchAction","target":{"@type":"EntryPoint","urlTemplate":"https:\/\/mojebambino.pl\/blog\/?s={search_term_string}"},"query-input":"required name=search_term_string"}],"inLanguage":"pl-PL"},{"@type":"Organization","@id":"https:\/\/mojebambino.pl\/blog\/#organization","name":"Blog - porady pedagogiczne","url":"https:\/\/mojebambino.pl\/blog\/","logo":{"@type":"ImageObject","inLanguage":"pl-PL","@id":"https:\/\/mojebambino.pl\/blog\/#\/schema\/logo\/image\/","url":"https:\/\/mojebambino.pl\/blog\/wp-content\/uploads\/2024\/11\/cropped-MOJE_BAMBINO_LOGO.png","contentUrl":"https:\/\/mojebambino.pl\/blog\/wp-content\/uploads\/2024\/11\/cropped-MOJE_BAMBINO_LOGO.png","width":248,"height":103,"caption":"Blog - porady pedagogiczne"},"image":{"@id":"https:\/\/mojebambino.pl\/blog\/#\/schema\/logo\/image\/"}},{"@type":"Person","@id":"https:\/\/mojebambino.pl\/blog\/#\/schema\/person\/bc7d7e99b4a51ea8a262f28a0bf44834","name":"Aleksandra Pe\u0142ka","image":{"@type":"ImageObject","inLanguage":"pl-PL","@id":"https:\/\/mojebambino.pl\/blog\/#\/schema\/person\/image\/","url":"https:\/\/secure.gravatar.com\/avatar\/901219d8c8ad75f8a1e14c285fcbac6a?s=96&d=mm&r=g","contentUrl":"https:\/\/secure.gravatar.com\/avatar\/901219d8c8ad75f8a1e14c285fcbac6a?s=96&d=mm&r=g","caption":"Aleksandra Pe\u0142ka"},"url":"https:\/\/mojebambino.pl\/blog\/index.php\/author\/aleksandra\/"}]}},"_links":{"self":[{"href":"https:\/\/mojebambino.pl\/blog\/index.php\/wp-json\/wp\/v2\/posts\/1327"}],"collection":[{"href":"https:\/\/mojebambino.pl\/blog\/index.php\/wp-json\/wp\/v2\/posts"}],"about":[{"href":"https:\/\/mojebambino.pl\/blog\/index.php\/wp-json\/wp\/v2\/types\/post"}],"author":[{"embeddable":true,"href":"https:\/\/mojebambino.pl\/blog\/index.php\/wp-json\/wp\/v2\/users\/4"}],"replies":[{"embeddable":true,"href":"https:\/\/mojebambino.pl\/blog\/index.php\/wp-json\/wp\/v2\/comments?post=1327"}],"version-history":[{"count":3,"href":"https:\/\/mojebambino.pl\/blog\/index.php\/wp-json\/wp\/v2\/posts\/1327\/revisions"}],"predecessor-version":[{"id":6158,"href":"https:\/\/mojebambino.pl\/blog\/index.php\/wp-json\/wp\/v2\/posts\/1327\/revisions\/6158"}],"wp:featuredmedia":[{"embeddable":true,"href":"https:\/\/mojebambino.pl\/blog\/index.php\/wp-json\/wp\/v2\/media\/6897"}],"wp:attachment":[{"href":"https:\/\/mojebambino.pl\/blog\/index.php\/wp-json\/wp\/v2\/media?parent=1327"}],"wp:term":[{"taxonomy":"category","embeddable":true,"href":"https:\/\/mojebambino.pl\/blog\/index.php\/wp-json\/wp\/v2\/categories?post=1327"},{"taxonomy":"post_tag","embeddable":true,"href":"https:\/\/mojebambino.pl\/blog\/index.php\/wp-json\/wp\/v2\/tags?post=1327"}],"curies":[{"name":"wp","href":"https:\/\/api.w.org\/{rel}","templated":true}]}}